{"id":55835,"date":"2017-07-07T06:41:53","date_gmt":"2017-07-07T06:41:53","guid":{"rendered":"https:\/\/archiviogioia.lavocedelpaese.info\/?p=55835"},"modified":"2017-07-07T06:41:53","modified_gmt":"2017-07-07T06:41:53","slug":"torna-il-concorso-miss-a-mister-terra-jonica-2","status":"publish","type":"post","link":"https:\/\/archiviogioia.lavocedelpaese.info\/?p=55835","title":{"rendered":"TORNA IL CONCORSO \u201cMISS &#038; MISTER TERRA JONICA\u201d"},"content":{"rendered":"<p><a title=\"Miss__Mister_Terra_Jonica_2016_Danilo_Pinto_e_Tatiana_Chiarello\" href=\"https:\/\/www.flickr.com\/photos\/91470992@N02\/34962139933\/in\/dateposted-public\/\" data-flickr-embed=\"true\"><img loading=\"lazy\" decoding=\"async\" style=\"display: block; margin-left: auto; margin-right: auto;\" src=\"https:\/\/farm5.staticflickr.com\/4206\/34962139933_70905fa2f6_z.jpg\" alt=\"Miss__Mister_Terra_Jonica_2016_Danilo_Pinto_e_Tatiana_Chiarello\" width=\"320\" height=\"240\" \/><\/a><\/p>\n<p><!--more--><\/p>\n<p style=\"text-align: justify;\"><a title=\"unnamed\" href=\"https:\/\/www.flickr.com\/photos\/91470992@N02\/35772491615\/in\/dateposted-public\/\" data-flickr-embed=\"true\"><img loading=\"lazy\" decoding=\"async\" style=\"margin: 4px; float: left;\" src=\"https:\/\/farm5.staticflickr.com\/4290\/35772491615_117fb171f1_m.jpg\" alt=\"unnamed\" width=\"250\" height=\"168\" \/><\/a> \u201cUna rosa di 20 nuovi concorrenti pronti a salire sulla passerella, un concorso parallelo per giovani stilisti emergenti, defil\u00e9 di haute couture e quadri moda innovativi: sono questi gli ingredienti della prima tappa di <strong>sabato 8 luglio 2017<\/strong> all\u2019anfiteatro comunale Madonna delle Grazie di <strong>Palagianello<\/strong> della sesta edizione del concorso nazionale itinerante di moda e cultura \u201c<strong>Miss &amp; Mister Terra Jonica<\/strong>\u201d, promosso da Reggia dei Tessali ricevimenti e grandi eventi e firmato dall\u2018associazione culturale Terra Jonica di <strong>Giuseppe Stigliano<\/strong> Management e <strong>Rosa Colavito<\/strong>.<\/p>\n<p style=\"text-align: justify;\">Il patron e conduttore televisivo Giuseppe Stigliano annuncia una serie di novit\u00e0 importanti: \u201c<i>Quest\u2019anno si comincia da Palagianello, da dove si \u00e8 conclusa l\u2019edizione precedente, nell\u2019anfiteatro comunale M<\/i><a title=\"Miss &amp; Mister Terra Jonica 2016 Federico Capone e Federica Cefaliello_2\" href=\"https:\/\/www.flickr.com\/photos\/91470992@N02\/35384071940\/in\/dateposted-public\/\" data-flickr-embed=\"true\"><img loading=\"lazy\" decoding=\"async\" style=\"margin: 4px; float: right;\" src=\"https:\/\/farm5.staticflickr.com\/4052\/35384071940_f08d0a25c2_o.jpg\" alt=\"Miss &amp; Mister Terra Jonica 2016 Federico Capone e Federica Cefaliello_2\" width=\"350\" height=\"416\" \/><\/a><i>adonna delle Grazie, che lo scorso anno ha visto incoronare nella serata finale Federico Capone, studente diciannovenne di Pala<\/i><i>gianell<\/i><i>o, insieme alla splendida Federica Cefaliello di Talsano. Io e Rosa Colavito, che condivide con me la direzione della kermesse, abbiamo preparato una serie di novit\u00e0 che sveleremo per\u00f2 tappa per tappa\u201d.<\/i><\/p>\n<p style=\"text-align: justify;\">In questa prima serata lo spettacolo si aprir\u00e0 con la presentazione dei primi 18 concorrenti, che avverr\u00e0 a squadre; poi sono previste delle uscite in casual e in costume per la votazione, secondo meccanismi nuovi e accattivanti; torner\u00e0 il <strong>Premio Moda \u201cTerra Jonica\u201d<\/strong>, gestito da <strong>Ciro De Leonardis<\/strong>, in cui stilisti emergenti del territorio proporranno i loro capi nelle tappe, presentando le loro collezioni suggestive e, nella finale di settembre a Massafra, all\u2019interno della VI edizione della Fiera dei Rioni della Di Pierro Pubblicit\u00e0, verr\u00e0 assegnato il titolo al vincitore, lo scorso anno appannaggio di Alessandro Greco che torner\u00e0 con una nuova collezione in questa prima tappa.<\/p>\n<p style=\"text-align: justify;\">Nella serata anche l\u2019intervento della cantante <strong>Aurora Notaristefano<\/strong>. I concorrenti in concorso saranno votati da una giuria qualificata; i vincitori avranno il titolo di Miss &amp; Mister Terra Jonica Palagianello, grazie al patrocinio del Comune, in particolare del Sindaco <strong>Michele Labalestra<\/strong>, il quale ha valutato positivamente l\u2019operato dell\u2019organizzazione nella finale dello scorso settembre, tanto da decidere di rivolere l\u2019evento nel calendario estivo della cittadina.<\/p>\n<p style=\"text-align: justify;\">In pi\u00f9 un quadro moda giovane, curato dagli organizzatori, il cui titolo riporta al tema \u201cVivere una Favola\u201d dedicato ai 40 anni di carriera del cantautore Vasco R<a title=\"Miss &amp; Mister Terra Jonica 2017 gruppo\" href=\"https:\/\/www.flickr.com\/photos\/91470992@N02\/35772493435\/in\/dateposted-public\/\" data-flickr-embed=\"true\"><img loading=\"lazy\" decoding=\"async\" style=\"margin: 4px; float: left;\" src=\"https:\/\/farm5.staticflickr.com\/4002\/35772493435_081bfc3298_z.jpg\" alt=\"Miss &amp; Mister Terra Jonica 2017 gruppo\" width=\"400\" height=\"300\" \/><\/a>ossi; ma soprattutto i veri protagonisti: in questa prima tappa 18 nuovi ragazzi, nove ragazze e nove ragazzi, che affrontano la passerella per la prima volta, dopo aver seguito le direttive dello staff per alcune settimane. Anche quest\u2019anno \u201cMiss &amp; Mister Terra Jonica\u201d si avvale della presenza dell\u2019 Endas Taranto e di Endas Puglia. Nelle tappe, inoltre, anche la partnership con due importanti concorsi nazionali di moda (uno femminile, l\u2019altro maschile). Come lo scorso anno, <strong>i primi classificati in ogni tappa<\/strong> (ma secondo un meccanismo rivisto e controllato, a punteggio), <strong>concorreranno<\/strong> <strong>al<\/strong> <strong>titolo finale<\/strong> di \u201cMiss &amp; Mister Terra Jonica 2017\u201d che sar\u00e0appuntoassegnato a settembre.<\/p>\n<p style=\"text-align: justify;\">La Kermesse far\u00e0 <strong>tappa<\/strong> anche a <strong>Later<\/strong><strong>za, Marina di Ginosa, Marina di Pulsano e Taranto<\/strong>; media partner dell\u2019evento Tele Sud Massafra.<\/p>\n<p style=\"text-align: justify;\"><strong>Nelle prossime settimane partir\u00e0<\/strong> anche il concorso parallelo per i pi\u00f9 piccoli \u201c<strong>Baby Miss &amp; Mister Terra Jonica<\/strong>\u201d.<\/p>\n<p style=\"text-align: right;\" align=\"right\"><strong>Gigante<\/strong><strong>Comunicazione<\/strong><\/p>\n<p>&nbsp;<\/p>\n","protected":false},"excerpt":{"rendered":"","protected":false},"author":1,"featured_media":0,"comment_status":"open","ping_status":"closed","sticky":false,"template":"","format":"standard","meta":{"colormag_page_container_layout":"default_layout","colormag_page_sidebar_layout":"default_layout","footnotes":""},"categories":[7],"tags":[],"class_list":["post-55835","post","type-post","status-publish","format-standard","hentry","category-attualita"],"_links":{"self":[{"href":"https:\/\/archiviogioia.lavocedelpaese.info\/index.php?rest_route=\/wp\/v2\/posts\/55835","targetHints":{"allow":["GET"]}}],"collection":[{"href":"https:\/\/archiviogioia.lavocedelpaese.info\/index.php?rest_route=\/wp\/v2\/posts"}],"about":[{"href":"https:\/\/archiviogioia.lavocedelpaese.info\/index.php?rest_route=\/wp\/v2\/types\/post"}],"author":[{"embeddable":true,"href":"https:\/\/archiviogioia.lavocedelpaese.info\/index.php?rest_route=\/wp\/v2\/users\/1"}],"replies":[{"embeddable":true,"href":"https:\/\/archiviogioia.lavocedelpaese.info\/index.php?rest_route=%2Fwp%2Fv2%2Fcomments&post=55835"}],"version-history":[{"count":0,"href":"https:\/\/archiviogioia.lavocedelpaese.info\/index.php?rest_route=\/wp\/v2\/posts\/55835\/revisions"}],"wp:attachment":[{"href":"https:\/\/archiviogioia.lavocedelpaese.info\/index.php?rest_route=%2Fwp%2Fv2%2Fmedia&parent=55835"}],"wp:term":[{"taxonomy":"category","embeddable":true,"href":"https:\/\/archiviogioia.lavocedelpaese.info\/index.php?rest_route=%2Fwp%2Fv2%2Fcategories&post=55835"},{"taxonomy":"post_tag","embeddable":true,"href":"https:\/\/archiviogioia.lavocedelpaese.info\/index.php?rest_route=%2Fwp%2Fv2%2Ftags&post=55835"}],"curies":[{"name":"wp","href":"https:\/\/api.w.org\/{rel}","templated":true}]}}