{"id":56037,"date":"2017-08-01T07:25:00","date_gmt":"2017-08-01T07:25:00","guid":{"rendered":"https:\/\/archiviogioia.lavocedelpaese.info\/?p=56037"},"modified":"2017-08-01T07:25:00","modified_gmt":"2017-08-01T07:25:00","slug":"aggressione-solidarieta-e-condanna-del-centrodestra-2","status":"publish","type":"post","link":"https:\/\/archiviogioia.lavocedelpaese.info\/?p=56037","title":{"rendered":"AGGRESSIONE. SOLIDARIET\u00c0 E CONDANNA DEL CENTRODESTRA"},"content":{"rendered":"<p><a title=\"anziana-disperata\" href=\"https:\/\/www.flickr.com\/photos\/91470992@N02\/13151449925\/in\/photolist-VFgCqt-UAFBH6-PnPnZt-QohFPo-NvDZHu-vMiJoN-qYTa64-ozpXV6-pJQ87k-p36ELQ-o3wf5r-m39BSD-m39Xnv-if1oMt-hNWHQW\" data-flickr-embed=\"true\"><img loading=\"lazy\" decoding=\"async\" style=\"display: block; margin-left: auto; margin-right: auto;\" src=\"https:\/\/farm8.staticflickr.com\/7365\/13151449925_2dd3bbb3fd_o.jpg\" alt=\"anziana-disperata\" width=\"320\" height=\"240\" \/><\/a><\/p>\n<p><!--more--><\/p>\n<p style=\"margin-bottom: 0.0001pt; text-align: justify; line-height: normal;\"><a title=\"consiglio comunale\" href=\"https:\/\/www.flickr.com\/photos\/91470992@N02\/34319393381\/in\/photolist-UhFRYZ-UZLTZm-UK3Qs9-ScAZsq-TnHRf3-Trkpxv-St6hSf-T6pdhB-SvuNJG-SWwU8f-VBNdMZ-UN5PtF-U9u2M3-SQNM9i-Sebpm3-SgNwUz-SebpZ7-SgNxXX-SiZuup-S7PGwx-S7rhAR-QnC4EN-QnC4DW-PNgFLq-Puprxg-KzxBvS-KwFHuH-QxAUB6-PNgFTj-PhF2QY-Qoxtrr-PxznDd-NQ7Vrf-Pq9StG-NpvCpc-Pq9ScE-P66Eac-P7GmNN-AH9qyy-LLtVNA-MgYjMh-MgWUoQ-MpmGZE-M8pVp7-Le99ju-JFXxWP-KCqyvZ-KCqwe4-KchDzC-JFXApV\" data-flickr-embed=\"true\"><img loading=\"lazy\" decoding=\"async\" style=\"margin: 4px; float: left;\" src=\"https:\/\/farm5.staticflickr.com\/4183\/34319393381_bab5dc86bb_o.jpg\" alt=\"consiglio comunale\" width=\"400\" height=\"300\" \/><\/a><span style=\"color: #222222; background: white none repeat scroll 0% 0%;\">\u201cLe segreterie politiche di Direzione Italia, Forza Italia Gioia, Fratelli d\u2019Italia AN Gioia del Colle e Lista Gallo, unitamente ai consiglieri comunali Francesco Donvito, Giuseppe Gallo, Giovanni Mastrangelo e Isacco Isdraele Romano premesso che deplorano e condannano qualunque forma di violenza, esprimono profonda solidariet\u00e0 alla signora che, mercoled\u00ec 26 luglio, \u00e8 stata vittima di una violenta aggressione all\u2019uscita di un supermercato da parte di un ospite del Cara di Modugno.<\/span><\/p>\n<p style=\"margin-bottom: 0.0001pt; text-align: justify; line-height: normal;\"><span style=\"color: #222222; background: white none repeat scroll 0% 0%;\">L\u2019episodio ha scosso tutta la comunit\u00e0 gioiese che, ormai da qualche anno, accoglie circa 160 ospiti provenienti dai territori africani rendendosi disponibile sin da subito alla loro integrazione. Risulta tuttavia evidente che, in questi anni, le istituzioni non abbiano compiuto tutti i passi necessari per favorire il processo d\u2019inserimento e garantire anche adeguate misure di sicurezza non solo per i cittadini ma anche per gli stessi ospiti. Nel caso di specie, in effetti, stando alle notizie apprese, l\u2019aggressore non avrebbe dovuto trovarsi nella nostra cittadina.<\/span><\/p>\n<p style=\"margin-bottom: 0.0001pt; text-align: justify; line-height: normal;\"><span style=\"color: #222222; background: white none repeat scroll 0% 0%;\">Per quanto concerne gli ospiti delle strutture di accoglienza messe a disposizione nel nostro comune, bisognerebbe vigilare affinch\u00e8 siano assicurate le fondamentali regole di convivenza civile. Per questo motivo, durante il Consiglio Comunale che si \u00e8 svolto ieri, 31 luglio, sono state avanzate due proposte dal consigliere Giovanni Mastrangelo, che si \u00e8 fatto portavoce dei quattro movimenti citati: la prima, respinta dal Sindaco, circa la necessit\u00e0 di un\u2019ordinanza che vieti l\u2019accattonaggio molesto al fine di consentire un rafforzamento del potere della locale Polizia Municipale eventualmente chiamata a intervenire; la seconda relativa all\u2019urgenza di convocare un Consiglio Comunale monotematico sulla sicurezza.<\/span><\/p>\n<p style=\"margin-bottom: 0.0001pt; text-align: justify; line-height: normal;\"><span style=\"color: #222222; background: white none repeat scroll 0% 0%;\">Con profonda delusione abbiamo accolto il rifiuto del Sindaco in merito alla prima proposta: ancora una volta, non ha colto lo spirito collaborativo dell\u2019opposizione.<\/span><\/p>\n<p style=\"margin-bottom: 0.0001pt; text-align: justify; line-height: normal;\"><span style=\"color: #222222; background: white none repeat scroll 0% 0%;\">Con l\u2019auspicio che non si verifichino ulteriori episodi di violenza ai danni di altri cittadini, auguriamo alla nostra concittadina una pronta e completa guarigione, manifestando vicinanza alla sua famiglia\u201d.<\/span><\/p>\n<div style=\"margin-bottom: 0.0001pt; text-align: right; line-height: normal;\" align=\"right\"><span style=\"color: #222222; background: white none repeat scroll 0% 0%;\">Direzione Italia<\/span><\/div>\n<div style=\"margin-bottom: 0.0001pt; text-align: right; line-height: normal;\" align=\"right\"><span style=\"color: #222222; background: white none repeat scroll 0% 0%;\">Forza Italia Gioia<\/span><\/div>\n<div style=\"margin-bottom: 0.0001pt; text-align: right; line-height: normal;\" align=\"right\"><span style=\"color: #222222; background: white none repeat scroll 0% 0%;\">Fratelli d\u2019Italia AN Gioia del Colle<\/span><\/div>\n<div style=\"margin-bottom: 0.0001pt; text-align: right; line-height: normal;\" align=\"right\"><span style=\"color: #222222; background: white none repeat scroll 0% 0%;\">Lista Gallo<\/span><\/div>\n<p>&nbsp;<\/p>\n","protected":false},"excerpt":{"rendered":"","protected":false},"author":1,"featured_media":0,"comment_status":"open","ping_status":"closed","sticky":false,"template":"","format":"standard","meta":{"colormag_page_container_layout":"default_layout","colormag_page_sidebar_layout":"default_layout","footnotes":""},"categories":[4],"tags":[],"class_list":["post-56037","post","type-post","status-publish","format-standard","hentry","category-politica"],"_links":{"self":[{"href":"https:\/\/archiviogioia.lavocedelpaese.info\/index.php?rest_route=\/wp\/v2\/posts\/56037","targetHints":{"allow":["GET"]}}],"collection":[{"href":"https:\/\/archiviogioia.lavocedelpaese.info\/index.php?rest_route=\/wp\/v2\/posts"}],"about":[{"href":"https:\/\/archiviogioia.lavocedelpaese.info\/index.php?rest_route=\/wp\/v2\/types\/post"}],"author":[{"embeddable":true,"href":"https:\/\/archiviogioia.lavocedelpaese.info\/index.php?rest_route=\/wp\/v2\/users\/1"}],"replies":[{"embeddable":true,"href":"https:\/\/archiviogioia.lavocedelpaese.info\/index.php?rest_route=%2Fwp%2Fv2%2Fcomments&post=56037"}],"version-history":[{"count":0,"href":"https:\/\/archiviogioia.lavocedelpaese.info\/index.php?rest_route=\/wp\/v2\/posts\/56037\/revisions"}],"wp:attachment":[{"href":"https:\/\/archiviogioia.lavocedelpaese.info\/index.php?rest_route=%2Fwp%2Fv2%2Fmedia&parent=56037"}],"wp:term":[{"taxonomy":"category","embeddable":true,"href":"https:\/\/archiviogioia.lavocedelpaese.info\/index.php?rest_route=%2Fwp%2Fv2%2Fcategories&post=56037"},{"taxonomy":"post_tag","embeddable":true,"href":"https:\/\/archiviogioia.lavocedelpaese.info\/index.php?rest_route=%2Fwp%2Fv2%2Ftags&post=56037"}],"curies":[{"name":"wp","href":"https:\/\/api.w.org\/{rel}","templated":true}]}}