{"id":56154,"date":"2017-08-11T16:17:27","date_gmt":"2017-08-11T16:17:27","guid":{"rendered":"https:\/\/archiviogioia.lavocedelpaese.info\/?p=56154"},"modified":"2017-08-11T16:17:27","modified_gmt":"2017-08-11T16:17:27","slug":"piazza-dalla-chiesa-lamentele-di-residenti-e-commercianti-2","status":"publish","type":"post","link":"https:\/\/archiviogioia.lavocedelpaese.info\/?p=56154","title":{"rendered":"PIAZZA DALLA CHIESA. LAMENTELE DI RESIDENTI E COMMERCIANTI"},"content":{"rendered":"<p><a title=\"S.-Filippo-Neri\" href=\"https:\/\/www.flickr.com\/photos\/91470992@N02\/36367298251\/in\/dateposted-public\/\" data-flickr-embed=\"true\"><img loading=\"lazy\" decoding=\"async\" style=\"display: block; margin-left: auto; margin-right: auto;\" src=\"https:\/\/farm5.staticflickr.com\/4414\/36367298251_7f7a586aa0_z.jpg\" alt=\"S.-Filippo-Neri\" width=\"320\" height=\"240\" \/><\/a><\/p>\n<p><!--more--><\/p>\n<p style=\"text-align: justify;\"><a title=\"abusi commerciali\" href=\"https:\/\/www.flickr.com\/photos\/91470992@N02\/36335987752\/in\/dateposted-public\/\" data-flickr-embed=\"true\"><img loading=\"lazy\" decoding=\"async\" style=\"margin: 4px; float: left;\" src=\"https:\/\/farm5.staticflickr.com\/4397\/36335987752_2221e632a7_z.jpg\" alt=\"abusi commerciali\" width=\"400\" height=\"300\" \/><\/a> <strong>Alcuni residenti di Piazza Dalla Chiesa<\/strong> (quartiere Sacro Cuore), la piazza antistante la scuola S.F. Neri, da settimane <strong>continuano a segnalarci alcune anomalie<\/strong> messe in atto da dei commercianti la cui attivit\u00e0 si affaccia sulla stessa piazza, angoli via Giuseppe di Vittorio e via Vittime della mafia. <strong>A loro dire si continua a non rispettare le pi\u00f9 elementari norme<\/strong> non solo del Codice della Strada (<strong>occlusione di scivoli e utilizzo improprio,<\/strong> da parte dei loro clienti, <strong>della sosta riservata ai disabili<\/strong>), ma anche a delimitare aree adibite a parcheggio pubblico <strong>utilizzando, dal pomeriggio fino a notte inoltrata, sedie e tavoli<\/strong>, e ci\u00f2 senza alcun rispetto delle esigenze dei residenti o di chi ha la necessit\u00e0 di fermarsi per vari motivi in zona. Tutto questo fino a ieri. Da questo pomeriggio, ci informano, con tanto di foto, \u00e8 comparso un cartello con su scritto: \u201c<i>Si prega cortesemente per motivi lavorativi di lasciare libero IL PASSAGGIO. Grazie<\/i>\u201d.<\/p>\n<p style=\"text-align: justify;\">Domanda: \u201c<strong>Pu\u00f2 un esercente, per motivi esclusivamente privatistici\/commerciali, adottare simili stratagemmi o fare siffatte richieste?<\/strong> I preposti ai controlli, oltre a presidiare giornalmente gli ingressi del centro storico, a verificare la presenza e l\u2019orario del disco orario o i permessi in possesso dei residenti in cui vige l\u2019ordinanza ZTL, con eventuale emissione di multe, cos\u2019altro fanno nel corso della loro giornata? <strong>C<\/strong><a title=\"abusi commerciali\" href=\"https:\/\/www.flickr.com\/photos\/91470992@N02\/35669424864\" data-flickr-embed=\"true\"><img loading=\"lazy\" decoding=\"async\" style=\"margin: 4px; float: right;\" src=\"https:\/\/farm5.staticflickr.com\/4349\/35669424864_15b7464912_z.jpg\" alt=\"abusi commerciali\" width=\"400\" height=\"286\" \/><\/a><strong>hi controlla queste personalistiche richieste<\/strong> di ottemperanza o di inadempienza delle norme in vigore, <strong>o il rispetto di quanto inserito nei permessi ricevuti<\/strong>?<\/p>\n<p style=\"text-align: justify;\"><strong>Si d\u00e0 il caso che ci siano altri commercianti<\/strong>, e non solo della zona in questione, <strong>che pur pagando esosissime tasse sia in termini di TARI che di IMU<\/strong>, non avendo sbocchi su piazze e corsi principali, <strong>si ritengano doppiamente penalizzati e non tutelati <\/strong>dal recente regolamento approvato da questa amministrazione sui dehors. <strong>Soprattutto quando vedono che \u201cesercizi di pochi metri quadrati<\/strong>, dove non potrebbero nemmeno esercitare, e su cui pagano una miseria di tasse comunali, <strong>si ritrovano con pensiline fisse esterne (autorizzate da chi?) e una aggiunta di ulteriori mq a basso costo<\/strong> e per giunta su pubbliche aree, piazze o vie principali, di cui tutti i cittadini dovrebbero beneficiare. Ma con <strong>quale criterio \u00e8 stato formulato questo regolamento?\u201d<\/strong><\/p>\n<p style=\"text-align: justify;\"><strong>Sembrerebbe<\/strong> <strong>che<\/strong> in questo caso <strong>l\u2019amministrazione<\/strong>, pi\u00f9 che difendere le categorie e incrementare il commercio, <strong>non abbia fatto altro che avallare una sleale concorrenza<\/strong>, in nome di cosa? Di un interesse pubblico o privato?<\/p>\n<p>&nbsp;<\/p>\n","protected":false},"excerpt":{"rendered":"","protected":false},"author":1,"featured_media":0,"comment_status":"open","ping_status":"closed","sticky":false,"template":"","format":"standard","meta":{"colormag_page_container_layout":"default_layout","colormag_page_sidebar_layout":"default_layout","footnotes":""},"categories":[8],"tags":[],"class_list":["post-56154","post","type-post","status-publish","format-standard","hentry","category-cronaca"],"_links":{"self":[{"href":"https:\/\/archiviogioia.lavocedelpaese.info\/index.php?rest_route=\/wp\/v2\/posts\/56154","targetHints":{"allow":["GET"]}}],"collection":[{"href":"https:\/\/archiviogioia.lavocedelpaese.info\/index.php?rest_route=\/wp\/v2\/posts"}],"about":[{"href":"https:\/\/archiviogioia.lavocedelpaese.info\/index.php?rest_route=\/wp\/v2\/types\/post"}],"author":[{"embeddable":true,"href":"https:\/\/archiviogioia.lavocedelpaese.info\/index.php?rest_route=\/wp\/v2\/users\/1"}],"replies":[{"embeddable":true,"href":"https:\/\/archiviogioia.lavocedelpaese.info\/index.php?rest_route=%2Fwp%2Fv2%2Fcomments&post=56154"}],"version-history":[{"count":0,"href":"https:\/\/archiviogioia.lavocedelpaese.info\/index.php?rest_route=\/wp\/v2\/posts\/56154\/revisions"}],"wp:attachment":[{"href":"https:\/\/archiviogioia.lavocedelpaese.info\/index.php?rest_route=%2Fwp%2Fv2%2Fmedia&parent=56154"}],"wp:term":[{"taxonomy":"category","embeddable":true,"href":"https:\/\/archiviogioia.lavocedelpaese.info\/index.php?rest_route=%2Fwp%2Fv2%2Fcategories&post=56154"},{"taxonomy":"post_tag","embeddable":true,"href":"https:\/\/archiviogioia.lavocedelpaese.info\/index.php?rest_route=%2Fwp%2Fv2%2Ftags&post=56154"}],"curies":[{"name":"wp","href":"https:\/\/api.w.org\/{rel}","templated":true}]}}