{"id":56251,"date":"2017-08-22T12:06:51","date_gmt":"2017-08-22T12:06:51","guid":{"rendered":"https:\/\/archiviogioia.lavocedelpaese.info\/?p=56251"},"modified":"2017-08-22T12:06:51","modified_gmt":"2017-08-22T12:06:51","slug":"parroco-chiesa-san-vito-fa-abbattere-lo-storico-altare","status":"publish","type":"post","link":"https:\/\/archiviogioia.lavocedelpaese.info\/?p=56251","title":{"rendered":"PARROCO CHIESA SAN VITO FA ABBATTERE LO STORICO ALTARE"},"content":{"rendered":"<p><a title=\"altare san vito\" href=\"https:\/\/www.flickr.com\/photos\/91470992@N02\/36594222571\/in\/dateposted-public\/\" data-flickr-embed=\"true\"><img loading=\"lazy\" decoding=\"async\" style=\"display: block; margin-left: auto; margin-right: auto;\" src=\"https:\/\/farm5.staticflickr.com\/4433\/36594222571_e3f576d409_o.jpg\" alt=\"altare san vito\" width=\"320\" height=\"240\" \/><\/a><\/p>\n<p><!--more--><\/p>\n<p style=\"margin: 0cm 0cm 0.0001pt; text-align: justify;\"><a title=\"SAN-VITO-MARTIRE\" href=\"https:\/\/www.flickr.com\/photos\/91470992@N02\/36686771026\/in\/dateposted-public\/\" data-flickr-embed=\"true\"><img loading=\"lazy\" decoding=\"async\" style=\"margin: 4px; float: left;\" src=\"https:\/\/farm5.staticflickr.com\/4369\/36686771026_b5f4356fa8_o.jpg\" alt=\"SAN-VITO-MARTIRE\" width=\"400\" height=\"300\" \/><\/a> <strong>Continua il \u201ccalvario\u201d dei parrocchiani di San Vito<\/strong>, costretti a subire le impopolari decisioni del parroco <strong>don Vito Cicoria<\/strong>, l\u2019ultima delle quali &#8211; spostare l\u2019altare di fronte all\u2019ingresso -, decisamente poco gradita ai fedeli che nella mattinata di oggi &#8211; 22 agosto 2017 &#8211; inizio dei lavori, hanno presidiato la chiesa per manifestare pacificamente ma con determinazione il loro dissenso.<\/p>\n<p style=\"margin: 0cm 0cm 0.0001pt; text-align: justify;\">Ed \u00e8 con profondo dolore e disperazione che <strong>hanno visto increduli<\/strong> <strong>demolire l\u2019altare<\/strong> sui cui hanno servito da chierichetti, fatto la comunione, vissuto i momenti pi\u00f9 importanti della loro vita, <strong>pur avendo raccolto 250 firme per evitare che ci\u00f2 accadesse<\/strong>.<\/p>\n<p style=\"margin: 0cm 0cm 0.0001pt; text-align: justify;\"><strong>Il tutto nel silenzio della citt\u00e0 e della Curia!<\/strong><\/p>\n<p style=\"text-align: justify;\"><strong>Abbiamo pi\u00f9 volte scritto di questa delicata vicenda<\/strong>, delle difficolt\u00e0 di dialogo e relazione sorte tra il parroco e la comunit\u00e0, ormai giunte ad un punto di non r<a title=\"SAN VITO IN RIVOLTA\" href=\"https:\/\/www.flickr.com\/photos\/91470992@N02\/35923970413\/in\/dateposted-public\/\" data-flickr-embed=\"true\"><img loading=\"lazy\" decoding=\"async\" style=\"margin: 4px; float: right;\" src=\"https:\/\/farm5.staticflickr.com\/4398\/35923970413_04f623490f_o.jpg\" alt=\"SAN VITO IN RIVOLTA\" width=\"400\" height=\"300\" \/><\/a>itorno.<\/p>\n<p style=\"text-align: justify;\">Una sciagura che si sta consumando nel silenzio pi\u00f9 totale ed inspiegabile dei vertici della Diocesi, nonostante siano informati sui fatti.<\/p>\n<p style=\"text-align: justify;\"><strong>Dal 25 ottobre del 2015 don Vito Cicoria<\/strong>, classe 1956 nato a Sammichele di Bari, sacerdote missionario in Etiopia, <strong>\u201cgoverna\u201d San Vito Martire imponendo <\/strong>sin da subito, nel corso di una assemblea popolare, <strong>la sua volont\u00e0<\/strong> e lo spostamento dell\u2019altare benedetto il 23 dicembre 1975 da Mons. Anastasio Ballestrero.<\/p>\n<p style=\"text-align: justify;\">\u201cIl progetto della nuova chiesa completata ai 25 maggio 1962 &#8211; scrive in proposito il professor Franco Giannini nelle sue ricerche storiche &#8211; venne modificato nel rispetto delle normative dell&#8217;architettura post-conciliare che suggerivano chiese estese in senso longitudinale, altare posto al centro della chiesa e di fronte all&#8217;assemblea dei fedeli, ed elencazione&nbsp;dei diversi&nbsp; punti fondamentali della chiesa (ambone, tabernacolo, fonte battesimale\u2026) in modo da potenziare la visibilit\u00e0, l&#8217;acustica e favorire la partecipazione ai riti sacri da parte dei fedeli, non pi\u00f9 spettatori, ma attori. Il nuovo progetto&nbsp; <a title=\"SAN VITO IN RIVOLTA\" href=\"https:\/\/www.flickr.com\/photos\/91470992@N02\/36733527805\/in\/dateposted-public\/\" data-flickr-embed=\"true\"><img loading=\"lazy\" decoding=\"async\" style=\"margin: 4px; float: left;\" src=\"https:\/\/farm5.staticflickr.com\/4399\/36733527805_5205f65da6_o.jpg\" alt=\"SAN VITO IN RIVOLTA\" width=\"300\" height=\"379\" \/><\/a>del 1972&nbsp; porta la&nbsp; firma dell&#8217;architetto Domenico Di Bari e dell&#8217;ingegnere Angelo Baldassarre.\u201d<\/p>\n<p style=\"text-align: justify;\"><strong>Una costruzione moderna, amata sin da subito dalla comunit\u00e0<\/strong> che in essa si sentiva \u201cpietra viva\u201d e che oggi soffre.<\/p>\n<p style=\"text-align: justify;\">\u201c<strong>In questi due anni<\/strong> &#8211; hanno dichiarato i fedeli &#8211; <strong>non \u00e8 stato rinnovato il Consiglio Pastorale Parrocchiale <\/strong>e alcuni consiglieri del Direttivo ANSPI sono stati indotti a dare le dimissioni: il parroco, intimando il profilo della mancata affiliazione, scagliava spesso attacchi gratuiti e personali, salvo poi, poter sfruttare quanto l\u2019associazione aveva di meglio da offrire. La ferita brucia ancora e mai si \u00e8 scritto dello strappo avvenuto, poich\u00e9 si \u00e8 tentato fino all\u2019ultimo di preservare la vocazione giovanile ed educativa che lentamente don Vito Campanelli era stato capace di costruire: azioni, atteggiamenti e comportamenti che molti parrocchiani, ad oggi, ancora non riescono a spiegarsi.\u201d.<\/p>\n<p style=\"text-align: justify;\"><strong>Nel 2017, poi, dopo 15 an<\/strong><strong>ni non si \u00e8 tenuto per la prima volta il Grest<\/strong>. Un\u2019altra ferita inferta ai giovani della parrocchia, sia a coloro che lo animavano che a coloro che ne fruivano.<\/p>\n<p style=\"text-align: justify;\">\u201cll GREST rappresentava la tappa conclusiva di un percorso annuale, parte di un progetto pi\u00f9 ampio sposato da tutta la comunit\u00e0; basti pensare che gli animatori, durante tutto l\u2019inverno, s<a title=\"anspi festival san vito\" href=\"https:\/\/www.flickr.com\/photos\/91470992@N02\/18833095171\/in\/photolist-uGdx4r-upoQCf-J3LRNJ-vdsMpV-vdsRaR-vdi5KC-vSGSUd-w9FDH1-waKbbT-vdsFjZ-waK8xB-waJy1B-vSGu5U-vSGDJ3-vSGmHw-w9ESL7-w9FoW7-w9FuYh-waJSme-vdiVeb-vdic6o-vdiPas-vds7uk-vdspNP-vdisAG-wajxyg-w9ExNs-vSPma2-vdhueo-w7Z33o-uYLwtd-waiFqF-vSPgZZ-waijDa-waJ55B-vdhqyC-vSG19W-vSFkjj-vSFpXC-vdqBZ6-vSFuzJ-w9DtiC-waGZPV-vSEUqG-vSF28b-vdgKTG-v2n9yV-waho2V-w7Y2uG-v2n8o8\" data-flickr-embed=\"true\"><img loading=\"lazy\" decoding=\"async\" style=\"margin: 4px; float: right;\" src=\"https:\/\/farm4.staticflickr.com\/3824\/18833095171_4774b2e031.jpg\" alt=\"anspi festival san vito\" width=\"400\" height=\"266\" \/><\/a>eguivano corsi di formazione e la preparazione del GREST iniziava gi\u00e0 dalla primavera. In questo modo la comunit\u00e0 decideva di scommettere sui propri giovani, affidandogli responsabilit\u00e0 via, via crescenti, nell\u2019ottica di uno spirito di servizio: dalla programmazione della catechesi annuale, alle attivit\u00e0 di oratorio, fino alla partecipazione al Consiglio Pastorale Parrocchiale e ai Consigli direttivi delle Associazioni operanti nella parrocchia, come l\u2019Azione Cattolica e l\u2019ANSPI.\u201d<\/p>\n<div style=\"min-height: 100px;\">\n<div>\n<div dir=\"ltr\">\n<p style=\"text-align: justify;\">&#8220;Abbiamo chiesto un maggior confronto con il parroco; abbiamo cercato un dialogo con il vescovo &#8211; e con noi, pi\u00f9 di 600 firmatari &#8211; ma nulla \u00e8 servito: tra un po\u2019 di tempo, forse qualche mese, il volto della parrocchia di San Vito sar\u00e0 storpiato, da uno pseudo-progetto bieco e dispotico. Ancora oggi non capiamo chi stia finanziando lo spostamento dell\u2019altare e la rivisitazione completa della parrocchia, lo abbiamo chiesto, ma senza aver risposta&#8230;<br \/> Stamattina abbiamo raccolto pi\u00f9 di 250 firme &#8211; dichiarano i manifestanti &#8211; , oggi pomeriggio continueremo, non ci macchieremo di un silenzio complice.&#8221;<a title=\"chiesa san vito giovani\" href=\"https:\/\/www.flickr.com\/photos\/91470992@N02\/35901161014\" data-flickr-embed=\"true\"><img loading=\"lazy\" decoding=\"async\" style=\"margin: 4px; float: left;\" src=\"https:\/\/farm5.staticflickr.com\/4440\/35901161014_73865578c8.jpg\" alt=\"chiesa san vito giovani\" width=\"400\" height=\"301\" \/><\/a><\/p>\n<p style=\"text-align: justify;\">&#8220;Non ricordo la prima volta che ho messo piede, da solo a San Vito &#8211; commenta <strong>Paolo Cantore<\/strong>, da sempre attivista della parrocchia, animatore dei Grest e regista di festival parrocchiali -; certo, la primissima \u00e8 stata il battessimo, mi ci hanno accompagnato\u2026 <br \/> Da allora non ho pi\u00f9 smesso, cresciuto tra le braccia dell\u2019oratorio e di una comunit\u00e0 che aveva nell\u2019accoglienza il suo principio cardine, e non la divinizzazione del capo; lo stesso Papa Francesco, tra le malattie della curia, individuava \u201cLa malattia di divinizzare i capi. \u00c8 la malattia di coloro che corteggiano i Superiori, sperando di ottenere la loro benevolenza. Sono vittime del carrierismo e dell\u2019opportunismo, onorano le persone e non Dio (cfr Mt 23,8-12). Sono persone che vivono il servizio pensando unicamente a ci\u00f2 che devono ottenere e non a quello che devono dare. Persone meschine, infelici e ispirate solo dal proprio fatale egoismo (cfr Gal 5,16-25). Questa malattia potrebbe colpire anche i Superiori quando corteggiano alcuni loro collaboratori per ottenere la loro sottomissione, lealt\u00e0 e dipendenza psicologica, ma il risultato fin<a title=\"vescovo cacucci\" href=\"https:\/\/www.flickr.com\/photos\/91470992@N02\/27338389846\/in\/photolist-HDNoR5-rZ7DkM-fR3ADm-fD2hT9-frHK9M-frhVtq-fr2Cse-fr2Cxe\/\" data-flickr-embed=\"true\"><img loading=\"lazy\" decoding=\"async\" style=\"margin: 4px; float: right;\" src=\"https:\/\/farm8.staticflickr.com\/7624\/27338389846_30cf7f156e.jpg\" alt=\"vescovo cacucci\" width=\"350\" height=\"263\" \/><\/a>ale \u00e8 una vera complicit\u00e0. Non possiamo permettere, nel silenzio, che sia cancellata, schiacciata, la nostra storia, la nostra identit\u00e0. Noi siamo la Parrocchia di San Vito, salviamo la parrocchia di San Vito!&#8221;<\/p>\n<\/div>\n<\/div>\n<\/div>\n<p style=\"text-align: justify;\"><strong>Chiudiamo con una riflessione personale, rivolta a monsignor Cacucci<\/strong>: una chiesa nella quale pace, amore e concordia sono ormai peregrine, fino a due anni fa palpitante e viva, esempio di operosa solidariet\u00e0 per tutti, oggi abiurata dallo spirito cristiano che dovrebbe permeare i cuori ancor prima che le mura e l\u2019altare, ormai in macerie, disgregata, crollata sotto il peso di un autoritarismo che ben poco si connota con la carit\u00e0, la capacit\u00e0 di accogliere ed unire, inaridita da una diaspora cercata e non casuale, \u00e8 una chiesa morente. <strong>La preghiamo, rifletta\u2026 ed aiuti questa comunit\u00e0<\/strong> ed il suo parroco a salvarla e a salvarsi.<\/p>\n<p style=\"text-align: justify;\"><strong>Video manifestazione di protesta<\/strong>:<a href=\"https:\/\/www.facebook.com\/vito.acito\/videos\/1621223594577720\/\"> https:\/\/www.facebook.com\/vito.acito\/videos\/1621223594577720\/<\/a><\/p>\n<div style=\"text-align: justify;\"><a href=\"cronaca\/14209-parrocchiani-san-vito-si-ribellano-e-scrivono-al-vescovo.html\" target=\"_blank\" rel=\"noopener\">http:\/\/www.gioianet.it\/cronaca\/14209-parrocchiani-san-vito-si-ribellano-e-scrivono-al-vescovo.html<\/a><\/div>\n<div style=\"text-align: justify;\"><a href=\"cronaca\/14400-salta-il-grest-dove-sono-i-giovani-di-san-vito.html\" target=\"_blank\" rel=\"noopener\">http:\/\/www.gioianet.it\/cronaca\/14400-salta-il-grest-dove-sono-i-giovani-di-san-vito.html<\/a><\/div>\n<div style=\"text-align: justify;\"><a href=\"attualita\/9640-grest-parrocchia-s-vito-i-protagonisti-raccontano-foto.html\" target=\"_blank\" rel=\"noopener\">http:\/\/www.gioianet.it\/attualita\/9640-grest-parrocchia-s-vito-i-protagonisti-raccontano-foto.html<\/a><\/div>\n<div style=\"text-align: justify;\"><a href=\"attualita\/5330-parrocchia-san-vito-da-malta-a-gioia-conamore-foto.html\" target=\"_blank\" rel=\"noopener\">http:\/\/www.gioianet.it\/attualita\/5330-parrocchia-san-vito-da-malta-a-gioia-conamore-foto.html<\/a><\/div>\n<div style=\"text-align: justify;\"><a href=\"index.php?option=com_content&amp;task=view&amp;id=11635&amp;Itemid=14\" target=\"_blank\" rel=\"noopener\">http:\/\/www.gioianet.it\/index.php?option=com_content&amp;task=view&amp;id=11635&amp;Itemid=14<\/a><\/div>\n<p>&nbsp;<\/p>\n","protected":false},"excerpt":{"rendered":"","protected":false},"author":1,"featured_media":0,"comment_status":"open","ping_status":"closed","sticky":false,"template":"","format":"standard","meta":{"colormag_page_container_layout":"default_layout","colormag_page_sidebar_layout":"default_layout","footnotes":""},"categories":[8],"tags":[],"class_list":["post-56251","post","type-post","status-publish","format-standard","hentry","category-cronaca"],"_links":{"self":[{"href":"https:\/\/archiviogioia.lavocedelpaese.info\/index.php?rest_route=\/wp\/v2\/posts\/56251","targetHints":{"allow":["GET"]}}],"collection":[{"href":"https:\/\/archiviogioia.lavocedelpaese.info\/index.php?rest_route=\/wp\/v2\/posts"}],"about":[{"href":"https:\/\/archiviogioia.lavocedelpaese.info\/index.php?rest_route=\/wp\/v2\/types\/post"}],"author":[{"embeddable":true,"href":"https:\/\/archiviogioia.lavocedelpaese.info\/index.php?rest_route=\/wp\/v2\/users\/1"}],"replies":[{"embeddable":true,"href":"https:\/\/archiviogioia.lavocedelpaese.info\/index.php?rest_route=%2Fwp%2Fv2%2Fcomments&post=56251"}],"version-history":[{"count":0,"href":"https:\/\/archiviogioia.lavocedelpaese.info\/index.php?rest_route=\/wp\/v2\/posts\/56251\/revisions"}],"wp:attachment":[{"href":"https:\/\/archiviogioia.lavocedelpaese.info\/index.php?rest_route=%2Fwp%2Fv2%2Fmedia&parent=56251"}],"wp:term":[{"taxonomy":"category","embeddable":true,"href":"https:\/\/archiviogioia.lavocedelpaese.info\/index.php?rest_route=%2Fwp%2Fv2%2Fcategories&post=56251"},{"taxonomy":"post_tag","embeddable":true,"href":"https:\/\/archiviogioia.lavocedelpaese.info\/index.php?rest_route=%2Fwp%2Fv2%2Ftags&post=56251"}],"curies":[{"name":"wp","href":"https:\/\/api.w.org\/{rel}","templated":true}]}}