{"id":56576,"date":"2017-09-29T06:53:54","date_gmt":"2017-09-29T06:53:54","guid":{"rendered":"https:\/\/archiviogioia.lavocedelpaese.info\/?p=56576"},"modified":"2017-09-29T06:53:54","modified_gmt":"2017-09-29T06:53:54","slug":"viaggio-a-sud-in-musica-con-davide-berardi-trio","status":"publish","type":"post","link":"https:\/\/archiviogioia.lavocedelpaese.info\/?p=56576","title":{"rendered":"\u201cVIAGGIO A SUD\u201d IN MUSICA CON DAVIDE BERARDI TRIO"},"content":{"rendered":"<p><a title=\"davide berardi trio\" href=\"https:\/\/www.flickr.com\/photos\/91470992@N02\/36716957733\/in\/dateposted-public\/\" data-flickr-embed=\"true\"><img loading=\"lazy\" decoding=\"async\" style=\"display: block; margin-left: auto; margin-right: auto;\" src=\"https:\/\/farm5.staticflickr.com\/4402\/36716957733_a107596e40_z.jpg\" alt=\"davide berardi trio\" width=\"320\" height=\"240\" \/><\/a><\/p>\n<p><!--more--><\/p>\n<p style=\"margin-bottom: 0.0001pt; text-align: justify; line-height: normal;\"><a title=\"davide berardi trio\" href=\"https:\/\/www.flickr.com\/photos\/91470992@N02\/37339640966\/in\/dateposted-public\/\" data-flickr-embed=\"true\"><img loading=\"lazy\" decoding=\"async\" style=\"margin: 4px; float: left;\" src=\"https:\/\/farm5.staticflickr.com\/4420\/37339640966_fd1e1ede48_z.jpg\" alt=\"davide berardi trio\" width=\"400\" height=\"300\" \/><\/a> Domenica 17 settembre il Teatro Comunale \u201cRossini\u201d, nell\u2019ambito della manifestazione \u201cLe corti dell\u2019Imperatore\u201d organizzata da \u201cSIC!ProgettAzioni Culturali\u201d, ha ospitato il <strong>concerto di Davide Berardi<\/strong>, cantautore e musicista pugliese, accompagnato da <strong>Antonio Vinci<\/strong> al piano e <strong>Francesco Chiarelli<\/strong> alle percussioni. I tre musicisti hanno condotto il pubblico nel loro \u201cViaggio a sud\u201d, tra canti tradizionali, canzoni d\u2019autore e brani da loro composti: \u201cun omaggio ai cantastorie pugliesi\u201d come lo definisce lo stesso Berardi.<\/p>\n<p style=\"margin-bottom: 0.0001pt; text-align: justify; line-height: normal;\">Abbiamo gi\u00e0 scritto di lui lo scorso aprile in occasione della presentazione del suo ultimo album \u201cFuochi e fate\u201d presso l\u2019Aula Magna del Liceo Classico \u201cP.V. Marone\u201d, in quest\u2019occasione lo ritroviamo in una veste inedita per noi. Comincia da \u201cLavorare con lentezza\u201d di Enzo Del Re cantastorie di Mola di Bari seguito da \u201cLu\u2019minaturi\u201d di Domenico Modugno, il viaggio di Davide Berardi che si divide in quattro quadri come lo stesso autore li definisce, il primo \u00e8 dedicato al lavoro, tema croce e delizia del nostro sud, completano il quadro \u201cLu sule calau\u201d canto tradizionale salentino che omaggia la figura della donna che nella societ\u00e0 matriarcale, lavora e mantiene la famiglia (un po\u2019 come accade anche oggi), e \u201cFimminefimmine\u201d.<a title=\"davide berardi trio\" href=\"https:\/\/www.flickr.com\/photos\/91470992@N02\/37130226330\/in\/dateposted-public\/\" data-flickr-embed=\"true\"><img loading=\"lazy\" decoding=\"async\" style=\"margin: 4px; float: right;\" src=\"https:\/\/farm5.staticflickr.com\/4472\/37130226330_912dc84652_z.jpg\" alt=\"davide berardi trio\" width=\"400\" height=\"300\" \/><\/a><\/p>\n<p style=\"margin-bottom: 0.0001pt; text-align: justify; line-height: normal;\">Sono canti che avevano varie \u201cfunzioni\u201d, alleviavano la fatica del lavoro nei campi, erano codici che i lavoratori usavano per comunicare tra loro senza farsi capire dal padrone, messaggeri d\u2019amore. Il secondo quadro, invece, \u00e8 dedicato al sentimento con l\u2019intensa \u201cLu pisci spada\u201d di Modugno, \u201cTarantella del Gargano\u201d la canzone pugliese d\u2019amore pi\u00f9 antica. Si prosegue poi verso Brindisi, a San Vito dei Normanni precisamente con \u201cLu sittaturu\u201d di Mimmo Epifani, musicista e conoscitore di musica etnica a livello internazionale. Il terzo quadro \u00e8 dedicato alla spensieratezza, quella di Enzo Del Re che con \u201cComico\u201d \u00e8 di un\u2019attualit\u00e0 incredibile, nonostante sia un brano scritto negli anni \u201970, il cantastorie emblema del\u201cprendere la vita in maniera leggera e non alla leggera\u201d, un po\u2019 come disse Eduardo De Filippo \u201cAdd\u00e0pass\u00e0\u2018a nuttat\u201d. Si torna in Salento con \u201cL\u2019America\u201d, per proseguire poi in Calabria con Otello Profazio e \u201cLa mamma\u201d, considerato uno dei cantanti dialettali pi\u00f9 importanti del meridione.<\/p>\n<p style=\"margin-bottom: 0.0001pt; text-align: justify; line-height: normal;\">\u201cAmmenazz U Murt\u201d di Enzo Del Re che Berardi ha portato in scena con la registrazione della voce dello stesso cantore della Terra di Bari e aggiunge \u201csi esibiva voce e sedia\u201d. Il quarto e ultim<a title=\"davide berardi trio\" href=\"https:\/\/www.flickr.com\/photos\/91470992@N02\/37339620386\/in\/dateposted-public\/\" data-flickr-embed=\"true\"><img loading=\"lazy\" decoding=\"async\" style=\"margin: 4px; float: left;\" src=\"https:\/\/farm5.staticflickr.com\/4488\/37339620386_1d9380f905_z.jpg\" alt=\"davide berardi trio\" width=\"400\" height=\"300\" \/><\/a>o quadro \u00e8 dedicato alle radici, le tradizioni, a questo proposito Berardi e i suoi musicisti propongono alcuni brani di Matteo Salvatore, cantante e compositore di canti popolari del Gargano, come \u201cPasta nera\u201d, \u201cLi chiacchiere de lu paese\u201d che Berardi definisce liberatorioed onomatopeico e \u201cGente de luvicinet\u201d, seguiti dall\u2019omaggio conclusivo a Modugno con la struggente \u201cAmara terra mia\u201d.<\/p>\n<p style=\"margin-bottom: 0.0001pt; text-align: justify; line-height: normal;\">Il <strong>bis richiesto a gran voce dal pubblico<\/strong> \u00e8 stato \u201c<strong>Mia terra<\/strong>\u201d brano di Berardi inserito nel secondo album dal titolo \u201cChi si accontenta muore\u201d che ha visto la partecipazione di nomi importanti come Eugenio Bennato, Roy Paci, Vince P\u00e0stano, Mario Rosini, Antonello D\u2019Urso e Camillo Pace. Questo non \u00e8 l\u2019unico suo brano che il cantautore ha inserito nel suo viaggio a sud, dal primo album \u201cCantinaria\u201d ha regalato ai presenti \u201cNinnarella\u201d, \u201cQuando \u00e8 festa\u201d, \u201cInno del Tavoliere\u201d e \u201cSud\u201d.<\/p>\n<p style=\"margin-bottom: 0.0001pt; text-align: justify; line-height: normal;\"><span>\u00c8 <strong>evidente l\u2019amore per la sua terra<\/strong>, <strong>le<\/strong><strong> sue radici<\/strong>, con uno sguardo particolare anche alla musica popolare brasiliana, un omaggio, un viaggio nel sud pieno di bellezza che troppo spesso maltrattiamo. Berardi saluta il pubblico gioiese e gli d\u00e0 appuntamento al prossimo viaggio, che siamo sicuri sar\u00e0 ancor pi\u00f9 suggestivo. <span style=\"line-height: 115%;\">Berardi saluta il pubblico gioiese e gli d\u00e0 appuntamento al prossimo viaggio, che siamo sicuri sar\u00e0 ancor pi\u00f9 suggestivo. <\/span><span style=\"line-height: 115%;\">L<\/span><span style=\"line-height: 115%;\">e prossime date dei live di Davide sono: 1 ottobre al Sud\u2019s di Noci (BA) con \u201cFuochi e fate e altre storie\u201d; 13 ottobre al Cineteatro Astrolabio a Villasanta (MB) con \u201cUnfolkettableTwo\u201d; 20 ottobre a Manduria (TA) con \u201cUnfolkettableTwo\u201d; 21 ottobre ad Andria (BT) con \u201cUnfolkettableTwo\u201d; 28 ottobre a Bologna con \u201cIo provo a volare!\u201d. Per restare aggiornati, vi invitiamo a seguirlo sulla sua pagina Facebook.<\/span>[foto <strong>Mimmo Castellaneta<\/strong>]<\/span><\/p>\n<p>&nbsp;<\/p>\n","protected":false},"excerpt":{"rendered":"","protected":false},"author":1,"featured_media":0,"comment_status":"open","ping_status":"closed","sticky":false,"template":"","format":"standard","meta":{"colormag_page_container_layout":"default_layout","colormag_page_sidebar_layout":"default_layout","footnotes":""},"categories":[7],"tags":[],"class_list":["post-56576","post","type-post","status-publish","format-standard","hentry","category-attualita"],"_links":{"self":[{"href":"https:\/\/archiviogioia.lavocedelpaese.info\/index.php?rest_route=\/wp\/v2\/posts\/56576","targetHints":{"allow":["GET"]}}],"collection":[{"href":"https:\/\/archiviogioia.lavocedelpaese.info\/index.php?rest_route=\/wp\/v2\/posts"}],"about":[{"href":"https:\/\/archiviogioia.lavocedelpaese.info\/index.php?rest_route=\/wp\/v2\/types\/post"}],"author":[{"embeddable":true,"href":"https:\/\/archiviogioia.lavocedelpaese.info\/index.php?rest_route=\/wp\/v2\/users\/1"}],"replies":[{"embeddable":true,"href":"https:\/\/archiviogioia.lavocedelpaese.info\/index.php?rest_route=%2Fwp%2Fv2%2Fcomments&post=56576"}],"version-history":[{"count":0,"href":"https:\/\/archiviogioia.lavocedelpaese.info\/index.php?rest_route=\/wp\/v2\/posts\/56576\/revisions"}],"wp:attachment":[{"href":"https:\/\/archiviogioia.lavocedelpaese.info\/index.php?rest_route=%2Fwp%2Fv2%2Fmedia&parent=56576"}],"wp:term":[{"taxonomy":"category","embeddable":true,"href":"https:\/\/archiviogioia.lavocedelpaese.info\/index.php?rest_route=%2Fwp%2Fv2%2Fcategories&post=56576"},{"taxonomy":"post_tag","embeddable":true,"href":"https:\/\/archiviogioia.lavocedelpaese.info\/index.php?rest_route=%2Fwp%2Fv2%2Ftags&post=56576"}],"curies":[{"name":"wp","href":"https:\/\/api.w.org\/{rel}","templated":true}]}}