{"id":56593,"date":"2017-09-29T08:31:46","date_gmt":"2017-09-29T08:31:46","guid":{"rendered":"https:\/\/archiviogioia.lavocedelpaese.info\/?p=56593"},"modified":"2017-09-29T08:31:46","modified_gmt":"2017-09-29T08:31:46","slug":"un-telefonino-davvero-speciale-di-domenico-paradiso-2","status":"publish","type":"post","link":"https:\/\/archiviogioia.lavocedelpaese.info\/?p=56593","title":{"rendered":"\u201cUN TELEFONINO DAVVERO SPECIALE\u201d DI DOMENICO PARADISO"},"content":{"rendered":"<p><a title=\"domenico paradiso\" href=\"https:\/\/www.flickr.com\/photos\/91470992@N02\/37367199252\" data-flickr-embed=\"true\"><img loading=\"lazy\" decoding=\"async\" style=\"display: block; margin-left: auto; margin-right: auto;\" src=\"https:\/\/farm5.staticflickr.com\/4346\/37367199252_a2980f1e09_o.jpg\" alt=\"domenico paradiso\" width=\"320\" height=\"240\" \/><\/a><\/p>\n<p><!--more--><\/p>\n<p style=\"margin-bottom: 0.0001pt; text-align: justify; line-height: normal;\"><a title=\"img405\" href=\"https:\/\/www.flickr.com\/photos\/91470992@N02\/37367061202\" data-flickr-embed=\"true\"><img loading=\"lazy\" decoding=\"async\" style=\"margin: 4px; float: left;\" src=\"https:\/\/farm5.staticflickr.com\/4341\/37367061202_4b3f3edffa_z.jpg\" alt=\"img405\" width=\"400\" height=\"615\" \/><\/a>Sabato, 30 settembre, alle ore 19 presso la <strong>libreria Librellula<\/strong> in via Canudo sar\u00e0 presentato \u201c<strong>Un telefonino davvero speciale<\/strong>\u201d edito Kimerick, esordio letterario nelle vesti di autore di narrativa per l\u2019infanzia <strong>di<\/strong> <strong>Domenico Maurizio Paradiso<\/strong>.<\/p>\n<p style=\"margin-bottom: 0.0001pt; text-align: justify; line-height: normal;\">Paradiso &#8211; appassionato studioso di storia locale &#8211; dal 2002 al 2013 ha curato \u201cCronache dal passato\u201d, apprezzata rubrica storica pubblicata sul bimestrale \u201cla Piazza\u201d.<\/p>\n<p style=\"margin-bottom: 0.0001pt; text-align: justify; line-height: normal;\">L\u2019autore, <strong>docente di storia locale presso l\u2019U.T.E.<\/strong> \u00e8 anche membro dell\u2019associazione Meridiana onlus con cui organizza visite guidate al Castello e nel centro storico. <strong>Le sue ricerche sull\u2019industria gioiese ai suoi albori<\/strong>, in particolare sulla <strong>Distilleria \u201cPaolo Cassano\u201d<\/strong>, sono state pubblicate nella sua tesi di laurea, ad oggi <strong>uno dei lavori pi\u00f9 completi ed esaustivi sull\u2019argomento<\/strong>.<\/p>\n<p style=\"margin-bottom: 0.0001pt; text-align: justify; line-height: normal;\">Dopo la laurea in lettere conseguita nel 2001, due corsi di perfezionamento in \u201cComunicazione del patrimonio culturale dell\u2019impresa\u201d allo IULM di Milano e \u201cComunicazione e pubbliche relazioni\u201d presso l\u2019Universit\u00e0 di Bari, lo storico gioiese, da sempre attratto dalla scrittura ed autore di racconti, matura la decisione di cimentarsi in un nuova avventura letteraria dedicata all\u2019infanzia.<\/p>\n<p style=\"margin-bottom: 0.0001pt; text-align: justify; line-height: normal;\">\u201cMi sono sperimentato in vari ambiti senza per\u00f2 trovare una vera attuazione alla mia non eccelsa arte creativa, finch\u00e9 ho fatto ci\u00f2 che sta alla base del lavoro dello scrittore: reperire fonti per poi divulgarle o pi\u00f9 semplicemente andare a caccia di storie, fatti e aneddoti da raccontare agli altri. Ho scritto questo racconto dedicandolo ai bambini, con l\u2019intento di far passare un messaggio di grande attualit\u00e0: occorre usare e non abusare degli attuali strumenti tecnologici o peggio ritrovarsi asserviti ad essi, sfiorando patologie da dipendenza. Ho scelto di far parlare proprio uno degli strumenti pi\u00f9 amati ed usati dai ragazzi, il cellulare, reso dalle ultime tecnologie pensante e parlante, trasformandolo in una sorta di grillo parlante, un \u201csapientino \u201d in grado di dialogare anche con gli adulti e di auto spegnersi.\u201d<\/p>\n<p style=\"margin-bottom: 0.0001pt; text-align: justify; line-height: normal;\"><span><strong>Domenico ha curato anche la veste iconografica del libro<\/strong>, sono infatti suoi i disegni \u201cbambini\u201d che lo illustrano con tratti essenziali, rigorosamente in bianco e nero.<\/span><\/p>\n<p>&nbsp;<\/p>\n","protected":false},"excerpt":{"rendered":"","protected":false},"author":1,"featured_media":0,"comment_status":"open","ping_status":"closed","sticky":false,"template":"","format":"standard","meta":{"colormag_page_container_layout":"default_layout","colormag_page_sidebar_layout":"default_layout","footnotes":""},"categories":[7],"tags":[],"class_list":["post-56593","post","type-post","status-publish","format-standard","hentry","category-attualita"],"_links":{"self":[{"href":"https:\/\/archiviogioia.lavocedelpaese.info\/index.php?rest_route=\/wp\/v2\/posts\/56593","targetHints":{"allow":["GET"]}}],"collection":[{"href":"https:\/\/archiviogioia.lavocedelpaese.info\/index.php?rest_route=\/wp\/v2\/posts"}],"about":[{"href":"https:\/\/archiviogioia.lavocedelpaese.info\/index.php?rest_route=\/wp\/v2\/types\/post"}],"author":[{"embeddable":true,"href":"https:\/\/archiviogioia.lavocedelpaese.info\/index.php?rest_route=\/wp\/v2\/users\/1"}],"replies":[{"embeddable":true,"href":"https:\/\/archiviogioia.lavocedelpaese.info\/index.php?rest_route=%2Fwp%2Fv2%2Fcomments&post=56593"}],"version-history":[{"count":0,"href":"https:\/\/archiviogioia.lavocedelpaese.info\/index.php?rest_route=\/wp\/v2\/posts\/56593\/revisions"}],"wp:attachment":[{"href":"https:\/\/archiviogioia.lavocedelpaese.info\/index.php?rest_route=%2Fwp%2Fv2%2Fmedia&parent=56593"}],"wp:term":[{"taxonomy":"category","embeddable":true,"href":"https:\/\/archiviogioia.lavocedelpaese.info\/index.php?rest_route=%2Fwp%2Fv2%2Fcategories&post=56593"},{"taxonomy":"post_tag","embeddable":true,"href":"https:\/\/archiviogioia.lavocedelpaese.info\/index.php?rest_route=%2Fwp%2Fv2%2Ftags&post=56593"}],"curies":[{"name":"wp","href":"https:\/\/api.w.org\/{rel}","templated":true}]}}