{"id":56596,"date":"2017-10-01T08:22:59","date_gmt":"2017-10-01T08:22:59","guid":{"rendered":"https:\/\/archiviogioia.lavocedelpaese.info\/?p=56596"},"modified":"2017-10-01T08:22:59","modified_gmt":"2017-10-01T08:22:59","slug":"spazio-unotre-chiude-i-battenti-con-il-giardino-dei-cosacchi","status":"publish","type":"post","link":"https:\/\/archiviogioia.lavocedelpaese.info\/?p=56596","title":{"rendered":"SPAZIO UNOTRE CHIUDE I BATTENTI CON \u201cIL GIARDINO DEI COSACCHI\u201d"},"content":{"rendered":"<p><a title=\"salotto letterario il giardino dei cosacchi\" href=\"https:\/\/www.flickr.com\/photos\/91470992@N02\/37175544390\" data-flickr-embed=\"true\"><img loading=\"lazy\" decoding=\"async\" style=\"display: block; margin-left: auto; margin-right: auto;\" src=\"https:\/\/farm5.staticflickr.com\/4453\/37175544390_860fd9e30f_z.jpg\" alt=\"salotto letterario il giardino dei cosacchi\" width=\"320\" height=\"240\" \/><\/a><\/p>\n<p><!--more--><\/p>\n<p style=\"text-align: justify;\"><a title=\"salotto letterario il giardino dei cosacchi\" href=\"https:\/\/www.flickr.com\/photos\/91470992@N02\/23580492988\/in\/dateposted-public\/\" data-flickr-embed=\"true\"><img loading=\"lazy\" decoding=\"async\" style=\"margin: 4px; float: left;\" src=\"https:\/\/farm5.staticflickr.com\/4484\/23580492988_ed73fc19c5_z.jpg\" alt=\"salotto letterario il giardino dei cosacchi\" width=\"350\" height=\"567\" \/><\/a> <span><strong>Dopo otto anni<\/strong><span> di salotti letterari, eventi culturali, poesia, arte, musica, serate di beneficienza e persino sfilate di moda, <strong>Spazio UnoTre<\/strong> in via Barba, 13 <strong>chiude i battenti<\/strong>. Una scelta di certo sofferta, <strong>ma Mario Pugliese la sua sfida l\u2019ha vinta<\/strong>. Il centro storico \u00e8 rinato anche grazie al suo impegno ed alla sua creativit\u00e0. <strong>Con Artensione, Sergio Gatti, Antonella Lozito<\/strong> che l\u00ec hanno bottega e tutti gli artisti che si sono avvicinati, <strong>h<\/strong><\/span><\/span><span><span><strong>a segnato un\u2019epoca<\/strong> e condiviso il suo \u201cspazio\u201d con chi aveva sete di cultura negli anni pi\u00f9 \u201dneri\u201d per Gioia, incubando belle realt\u00e0 che continueranno a crescere. <strong>Per ogni ciclo che si conclude, c\u2019\u00e8 un nuovo inizio<\/strong>. Mario \u00e8 un guerriero, non si arrende,<\/span><\/span><span><span> continuer\u00e0 a stupirci, di questo ne siamo certi. <\/span><\/span><\/p>\n<p style=\"text-align: justify;\"><span><strong>Grazie, Mario<\/strong><span> per le tante opportunit\u00e0 e lo \u201cspazio\u201d che a tutti hai concesso con generosit\u00e0, per i poeti, gli scrittori, i musicisti famosi ed esordienti e le tante iniziative ospitate anche nei giorni festivi, rinunciando al riposo. <strong>In questi otto anni abbiamo seguito puntualmente tutti gli incontri<\/strong> prima <strong>sul bimestrale \u201cla Piazza\u201d, poi su GioiaNet e da quattro anni<\/strong> anche sul settimanale \u201c<strong>La voce del paese<\/strong>\u201d, scrivendo insieme a te \u201cpagine\u201d culturali che<\/span><\/span><span><span> resteranno nella storia della citt\u00e0 e che l\u2019hanno aiutata a crescere.&nbsp;<\/span><\/span><\/p>\n<p style=\"text-align: justify;\"><span><span>E poich\u00e9 anche noi non ci arrendiamo, attendiamo che tu riapra i battenti con uno nuovo spazio rivisitato, pronto a sfidarti e sfidare il mondo! <strong>Ad maiora!<\/strong><\/span><\/span><\/p>\n<p style=\"text-align: center;\"><span><span>__________________<\/span><\/span><\/p>\n<p style=\"text-align: justify;\"><span><span>La sera del 28 settembre, <strong>nell&#8217;accogliente salotto letterario di Spazio Uno<\/strong> Tre, si \u00e8 svolto il 52\u00b0 incontro durante il quale, <strong>Giacomo<\/strong> <strong>Leronni e Margherita Quieto<\/strong>, <strong>hanno presentato<\/strong> il romanzo &#8220;<strong>Il giardino dei cosacchi<\/strong>&#8221; dello scrittore e giornalista olandese <\/span><\/span><strong><span style=\"letter-spacing: 0.25pt; border: 1pt none windowtext; padding: 0cm; font-weight: normal;\">Jan Brokken.<\/span><\/strong><\/p>\n<p style=\"text-align: justify;\"><span><span>L&#8217;opera \u00e8 incentrata sull&#8217;amicizia tra Alexander von Wrangel e F\u00ebdor Dostoevskij.<\/span><\/span><\/p>\n<p style=\"text-align: justify;\">Siamo a San Pietroburgo nel 1849 e F\u00ebdor Dostoevskij \u00e8 davanti al plotone d\u2019esecuzione, accusato di un complotto contro lo zar. Solo all\u2019ultimo momento viene risparmiato dalla morte e deportato in Siberia. Il ventenne Alexander von Wrangel, barone russo di origini baltiche, ricorda bene la scena quando qualche anno dopo \u00e8 nominato<a title=\"salotto letterario il giardino dei cosacchi\" href=\"https:\/\/www.flickr.com\/photos\/91470992@N02\/36722816664\/in\/dateposted-public\/\" data-flickr-embed=\"true\"><img loading=\"lazy\" decoding=\"async\" style=\"margin: 4px; float: right;\" src=\"https:\/\/farm5.staticflickr.com\/4467\/36722816664_f14f9c493d_z.jpg\" alt=\"salotto letterario il giardino dei cosacchi\" width=\"400\" height=\"266\" \/><\/a> procuratore della citt\u00e0 kazaca dove F\u00ebdor sta ancora scontando la pena, nella logorante attesa della grazia. Tra i due nasce un&#8217;amicizia fatta anche di confidenze amorose. Sono innamorati di due donne sposate: il giovane baltico della femme fatale Katja, e Dostoevskij della fragile ed eternamente infelice Marija. Confidenti e compagni di sventura, F\u00ebdor e Alexander si aggrappano uno all\u2019altro come a un\u2019ancora di salvezza nella desolazione siberiana.<\/p>\n<p style=\"text-align: justify;\"><strong><span style=\"letter-spacing: 0.25pt; border: 1pt none windowtext; padding: 0cm; font-weight: normal;\">Jan Brokken<\/span><\/strong><span style=\"letter-spacing: 0.25pt;\">, scrive la biografia di Dostoevskij basandosi su lettere, appunti e&nbsp;m<em><span style=\"border: 1pt none windowtext; padding: 0cm; font-style: normal;\">emorie<\/span><\/em>pubbli<\/span><span style=\"letter-spacing: 0.25pt;\">cate dai familiari dei due protagonisti. Ha consul<\/span><span style=\"letter-spacing: 0.25pt;\">tato documenti presso Istituti, Biblioteche, Enti e Musei Dostoievskij di San<\/span><span style=\"letter-spacing: 0.25pt;\"> Pietroburgo, Mosca, Semipalatinsk.<\/span><\/p>\n<p style=\"text-align: justify;\"><span style=\"letter-spacing: 0.25pt;\">L&#8217;autore traccia un ritratto intimo di Dostoievskij, presentando un uomo esiliato e tormentato e risorto grazie alle sue forze. <strong><span style=\"border: 1pt none windowtext; padding: 0cm; font-weight: normal;\">Il giardino dei cosacchi<\/span><\/strong>\u00e8 una biografia romanzata, che approfondisce gli aspetti storici tra il 1849 e il 1860 in Russia, scandaglia la psicologia del protagonista e cancella tanti luoghi comuni intorno a un uomo tormentato, in lotta con l\u2019epilessia, con i debiti, con le pene d\u2019amore e con la mancanza di libert\u00e0. Dieci anni <\/span><a title=\"salotto letterario il giardino dei cosacchi\" href=\"https:\/\/www.flickr.com\/photos\/91470992@N02\/23580515338\/in\/dateposted-public\/\" data-flickr-embed=\"true\"><img loading=\"lazy\" decoding=\"async\" style=\"margin: 4px; float: left;\" src=\"https:\/\/farm5.staticflickr.com\/4403\/23580515338_f4d060be9b_z.jpg\" alt=\"salotto letterario il giardino dei cosacchi\" width=\"400\" height=\"206\" \/><\/a><span style=\"letter-spacing: 0.25pt;\">per liberarsi definitivamente dalle catene e riottenere i suoi diritti.<\/span><\/p>\n<p style=\"text-align: justify;\"><span style=\"letter-spacing: 0.25pt;\">Il romanzo \u00e8 reso molto interessante<\/span><span style=\"letter-spacing: 0.25pt;\"> in quanto racconta dell&#8217;amore dell&#8221;800 russo non pi\u00f9 da un punto di vista femminile bens\u00ec da quello di due uomini.<\/span><\/p>\n<p style=\"text-align: justify;\"><span style=\"letter-spacing: 0.25pt;\">Nel corso del dibattito sul romanzo, la prof.ssa <strong>Piera De Giorgi<\/strong> ha sosten<\/span><span style=\"letter-spacing: 0.25pt;\">uto un<\/span><span style=\"letter-spacing: 0.25pt;\">a interessante tesi.<\/span><\/p>\n<p style=\"text-align: justify;\"><span style=\"letter-spacing: 0.25pt;\">\u00abI russi sono dei nostri padri putativi. Nel libro ho notato questo ritratto dei due uomini che l&#8217;autore ci vuole presentare e una certa difficolt\u00e0 da par<\/span><a title=\"salotto letterario il giardino dei cosacchi\" href=\"https:\/\/www.flickr.com\/photos\/91470992@N02\/37385068296\/in\/dateposted-public\/\" data-flickr-embed=\"true\"><img loading=\"lazy\" decoding=\"async\" style=\"margin: 4px; float: right;\" src=\"https:\/\/farm5.staticflickr.com\/4451\/37385068296_7476912bee_z.jpg\" alt=\"salotto letterario il giardino dei cosacchi\" width=\"400\" height=\"266\" \/><\/a><span style=\"letter-spacing: 0.25pt;\">te sua nel voler dire e non voler dire e il voler prendere parte della v<\/span><span style=\"letter-spacing: 0.25pt;\">ita e della tragedia umana di Dostoievskij. Occorre anche considerare che la grandezza degli autori russi sta nella loro capacit\u00e0 umana di vivere il disagio degli altri. La capacit\u00e0 umana di andare oltre il visibile. Andare a scovare anche nell&#8217;animo dei pi\u00f9 terribili assassini un barlume di umanit\u00e0\u00bb.<\/span><\/p>\n<p style=\"text-align: justify;\"><span style=\"letter-spacing: 0.25pt;\">\u00abLa capacit\u00e0 di <strong><span style=\"border: 1pt none windowtext; padding: 0cm; font-weight: normal;\">Jan Brokken &#8211; ha continuato la prof. De Giorgi -, \u00e8 stata quella di voler mettere in evidenza quanto <\/span><\/strong>Dostoievskij non fosse un santo, ma \u00e8 nel vedere l&#8217;uomo anche con le sue piccole debolezze, l&#8217;incapacit\u00e0 di dire no\u00bb.<\/span><\/p>\n<p style=\"text-align: justify;\"><span style=\"letter-spacing: 0.25pt;\">L&#8217;autore scrive: \u00abUn russo vive in dissidio costante con la Russia altrimenti non \u00e8 russo, toglie<\/span><span style=\"letter-spacing: 0.25pt;\">tegli per\u00f2 la Russia e morir\u00e0 di morte lenta\u00bb. [foto <strong>Cataldo Liuzzi<\/strong>]<\/span><\/p>\n<p>\n<object data=\"https:\/\/www.flickr.com\/apps\/slideshow\/show.swf?v=261948265\" type=\"application\/x-shockwave-flash\" width=\"660\" height=\"500\"><param name=\"flashvars\" value=\"offsite=true&amp;lang=it-it&amp;page_show_url=%2Fphotos%2F91470992%40N02%2Fsets%2F72157687417282103%2Fshow%2F&amp;page_show_back_url=%2Fphotos%2F91470992%40N02%2Fsets%2F72157687417282103%2F&amp;set_id=72157687417282103&amp;jump_to=\" \/><param name=\"movie\" value=\"https:\/\/www.flickr.com\/apps\/slideshow\/show.swf?v=261948265\" \/><param name=\"allowFullScreen\" value=\"true\" \/><\/object><\/p>\n","protected":false},"excerpt":{"rendered":"","protected":false},"author":1,"featured_media":0,"comment_status":"open","ping_status":"closed","sticky":false,"template":"","format":"standard","meta":{"colormag_page_container_layout":"default_layout","colormag_page_sidebar_layout":"default_layout","footnotes":""},"categories":[7],"tags":[],"class_list":["post-56596","post","type-post","status-publish","format-standard","hentry","category-attualita"],"_links":{"self":[{"href":"https:\/\/archiviogioia.lavocedelpaese.info\/index.php?rest_route=\/wp\/v2\/posts\/56596","targetHints":{"allow":["GET"]}}],"collection":[{"href":"https:\/\/archiviogioia.lavocedelpaese.info\/index.php?rest_route=\/wp\/v2\/posts"}],"about":[{"href":"https:\/\/archiviogioia.lavocedelpaese.info\/index.php?rest_route=\/wp\/v2\/types\/post"}],"author":[{"embeddable":true,"href":"https:\/\/archiviogioia.lavocedelpaese.info\/index.php?rest_route=\/wp\/v2\/users\/1"}],"replies":[{"embeddable":true,"href":"https:\/\/archiviogioia.lavocedelpaese.info\/index.php?rest_route=%2Fwp%2Fv2%2Fcomments&post=56596"}],"version-history":[{"count":0,"href":"https:\/\/archiviogioia.lavocedelpaese.info\/index.php?rest_route=\/wp\/v2\/posts\/56596\/revisions"}],"wp:attachment":[{"href":"https:\/\/archiviogioia.lavocedelpaese.info\/index.php?rest_route=%2Fwp%2Fv2%2Fmedia&parent=56596"}],"wp:term":[{"taxonomy":"category","embeddable":true,"href":"https:\/\/archiviogioia.lavocedelpaese.info\/index.php?rest_route=%2Fwp%2Fv2%2Fcategories&post=56596"},{"taxonomy":"post_tag","embeddable":true,"href":"https:\/\/archiviogioia.lavocedelpaese.info\/index.php?rest_route=%2Fwp%2Fv2%2Ftags&post=56596"}],"curies":[{"name":"wp","href":"https:\/\/api.w.org\/{rel}","templated":true}]}}