{"id":56609,"date":"2017-10-01T07:45:40","date_gmt":"2017-10-01T07:45:40","guid":{"rendered":"https:\/\/archiviogioia.lavocedelpaese.info\/?p=56609"},"modified":"2017-10-01T07:45:40","modified_gmt":"2017-10-01T07:45:40","slug":"alle-corti-dellimperatore-regioni-ditalia-di-biscalchin-2","status":"publish","type":"post","link":"https:\/\/archiviogioia.lavocedelpaese.info\/?p=56609","title":{"rendered":"ALLE CORTI DELL\u2019IMPERATORE \u201cREGIONI D\u2019ITALIA\u201d DI BISCALCHIN"},"content":{"rendered":"<p><a title=\"corti dell'imperatore e le regioni d'italia di Gianluca Biscalchin\" href=\"https:\/\/www.flickr.com\/photos\/91470992@N02\/37403594452\/in\/dateposted-public\/\" data-flickr-embed=\"true\"><img loading=\"lazy\" decoding=\"async\" style=\"display: block; margin-left: auto; margin-right: auto;\" src=\"https:\/\/farm5.staticflickr.com\/4421\/37403594452_3eb85083f6_z.jpg\" alt=\"corti dell'imperatore e le regioni d'italia di Gianluca Biscalchin\" width=\"320\" height=\"240\" \/><\/a><\/p>\n<p><!--more--><\/p>\n<p style=\"margin-bottom: 0.0001pt; text-align: justify; line-height: normal;\"><a title=\"corti dell'imperatore e le regioni d'italia di Gianluca Biscalchin\" href=\"https:\/\/www.flickr.com\/photos\/91470992@N02\/36725030454\/in\/dateposted-public\/\" data-flickr-embed=\"true\"><img loading=\"lazy\" decoding=\"async\" style=\"margin: 4px; float: left;\" src=\"https:\/\/farm5.staticflickr.com\/4490\/36725030454_3cd395c9d7_z.jpg\" alt=\"corti dell'imperatore e le regioni d'italia di Gianluca Biscalchin\" width=\"400\" height=\"300\" \/><\/a> Sabato 23 settembre 2017, presso il foyer del teatro comunale Rossini \u00e8 stato presentato il libro \u201cRegioni d\u2019Italia\u201d di <strong>Gianluca Biscalchin<\/strong>. Forse, meglio conosciuto tra gli amanti della gastronomia, l\u2019autore non \u00e8 propriamente uno scrittore, ma un illustratore. Un food illustrator, per la precisione.<\/p>\n<p style=\"margin-bottom: 0.0001pt; text-align: justify; line-height: normal;\">Da qualche anno, infatti, i media evidenziano spettacoli e talent legati al cibo, pensiamo a Masterchef! Necessita, dunque, qualcuno che pubblicizzi l\u2019arte culinaria: nasce, pertanto, questa nuova professione. Compito di Gianluca \u00e8 disegnare immagini per libri di ricette o per pubblicit\u00e0 di festival ed eventi legati alla cucina. Lo scrittore afferma di aver avuto un vissuto molto particolare, in merito.<\/p>\n<p style=\"margin-bottom: 0.0001pt; text-align: justify; line-height: normal;\">\u201c<i>Mi sono reso conto che la parola non mi serviva quando dovevo comunicare, mi bastava il disegno. E in un momento particolare della mia vita, quando non avevo pi\u00f9 il mio lavoro, sono diventato il ritrattista di chef non ancora conosciuti come Cannavacciuolo<\/i>.\u201d<\/p>\n<p style=\"margin-bottom: 0.0001pt; text-align: justify; line-height: normal;\">Per tale motivo \u201cRegioni d\u2019Italia\u201d \u00e8 figlio non solo della geografia evocata nel titolo. E\u2019 un libro che parla di borghi, di citt\u00e0, di arte, di storia, di natura, il t<a title=\"corti dell'imperatore e le regioni d'italia di Gianluca Biscalchin\" href=\"https:\/\/www.flickr.com\/photos\/91470992@N02\/36725030194\/in\/dateposted-public\/\" data-flickr-embed=\"true\"><img loading=\"lazy\" decoding=\"async\" style=\"margin: 4px; float: right;\" src=\"https:\/\/farm5.staticflickr.com\/4496\/36725030194_0f63412576_c.jpg\" alt=\"corti dell'imperatore e le regioni d'italia di Gianluca Biscalchin\" width=\"400\" height=\"300\" \/><\/a>utto con il semplice ausilio delle immagini.<\/p>\n<p style=\"margin-bottom: 0.0001pt; text-align: justify; line-height: normal;\">Questa idea, per\u00f2, si illumina un po\u2019 per caso. \u201c<i>Volevo scrivere un libro che parlasse del cibo in Italia. Le donne italiane della stessa famiglia hanno ricette diversificate: ognuna di loro ha la sua. Ma \u00e8 la stessa casa editrice a darmi l\u2019idea di raccontare l\u2019Italia in ogni sua \u201cspecialit\u00e0.\u201d Io ero terrorizzato perch\u00e9 abbiamo tanto. Per la Puglia, per esempio, ho dovuto fare tantissimi tagli, non potevo mettere tutto, avevo dei limiti fisici. Allo stesso tempo, per la Basilicata e il Molise pensavo di non avere molto a disposizione, invece sono state le regioni pi\u00f9 comode. Sono ricche di tradizioni e cultura da poter inserire e cos\u00ec per ogni regione: non vi \u00e8 una che non parli. Il mio faro guida \u00e8 stato Gianni Rodari per il rispetto assoluto del lettore. Con i bambini si scherza, ma non si deve scherzare quando si fa qualcosa per loro. Scrivere per bambini \u00e8 molto pi\u00f9 difficile che scrivere per adulti, perch\u00e9 bisogna attrarre e tenere alta l\u2019attenzione dei lettori, che sono estremamente esigenti e generalmente pi\u00f9 <\/i><i>intelligenti degli adulti. Poi crescendo perdono questa intelligenza vivace che coglie le cose con maggiore profondit\u00e0<\/i>.\u201d<\/p>\n<p style=\"margin-bottom: 0.0001pt; text-align: justify; line-height: normal;\">E con il sorriso sulle labbra, Gianluca saluta i suoi ascoltatori e la sua presentatrice, la professoressa <strong>Irene Martino<\/strong>, ricordando le bellezze gioiesi come il Castello e confidando di essere un fedelissimo di Federico II&#8230; ma soprattutto le mozzarelle! [foto <strong>Mimmo Castellaneta<\/strong>]<\/p>\n<p>&nbsp;<a title=\"corti dell'imperatore e le regioni d'italia di Gianluca Biscalchin\" href=\"https:\/\/www.flickr.com\/photos\/91470992@N02\/37434570821\/in\/dateposted-public\/\" data-flickr-embed=\"true\"><img loading=\"lazy\" decoding=\"async\" src=\"https:\/\/farm5.staticflickr.com\/4359\/37434570821_1b232cbfaa_c.jpg\" alt=\"corti dell'imperatore e le regioni d'italia di Gianluca Biscalchin\" width=\"660\" height=\"495\" \/><\/a><\/p>\n<p><a title=\"corti dell'imperatore e le regioni d'italia di Gianluca Biscalchin\" href=\"https:\/\/www.flickr.com\/photos\/91470992@N02\/37434570441\/in\/dateposted-public\/\" data-flickr-embed=\"true\"><img loading=\"lazy\" decoding=\"async\" src=\"https:\/\/farm5.staticflickr.com\/4450\/37434570441_7eb60494e6_c.jpg\" alt=\"corti dell'imperatore e le regioni d'italia di Gianluca Biscalchin\" width=\"660\" height=\"495\" \/><\/a><\/p>\n","protected":false},"excerpt":{"rendered":"","protected":false},"author":1,"featured_media":0,"comment_status":"open","ping_status":"closed","sticky":false,"template":"","format":"standard","meta":{"colormag_page_container_layout":"default_layout","colormag_page_sidebar_layout":"default_layout","footnotes":""},"categories":[7],"tags":[],"class_list":["post-56609","post","type-post","status-publish","format-standard","hentry","category-attualita"],"_links":{"self":[{"href":"https:\/\/archiviogioia.lavocedelpaese.info\/index.php?rest_route=\/wp\/v2\/posts\/56609","targetHints":{"allow":["GET"]}}],"collection":[{"href":"https:\/\/archiviogioia.lavocedelpaese.info\/index.php?rest_route=\/wp\/v2\/posts"}],"about":[{"href":"https:\/\/archiviogioia.lavocedelpaese.info\/index.php?rest_route=\/wp\/v2\/types\/post"}],"author":[{"embeddable":true,"href":"https:\/\/archiviogioia.lavocedelpaese.info\/index.php?rest_route=\/wp\/v2\/users\/1"}],"replies":[{"embeddable":true,"href":"https:\/\/archiviogioia.lavocedelpaese.info\/index.php?rest_route=%2Fwp%2Fv2%2Fcomments&post=56609"}],"version-history":[{"count":0,"href":"https:\/\/archiviogioia.lavocedelpaese.info\/index.php?rest_route=\/wp\/v2\/posts\/56609\/revisions"}],"wp:attachment":[{"href":"https:\/\/archiviogioia.lavocedelpaese.info\/index.php?rest_route=%2Fwp%2Fv2%2Fmedia&parent=56609"}],"wp:term":[{"taxonomy":"category","embeddable":true,"href":"https:\/\/archiviogioia.lavocedelpaese.info\/index.php?rest_route=%2Fwp%2Fv2%2Fcategories&post=56609"},{"taxonomy":"post_tag","embeddable":true,"href":"https:\/\/archiviogioia.lavocedelpaese.info\/index.php?rest_route=%2Fwp%2Fv2%2Ftags&post=56609"}],"curies":[{"name":"wp","href":"https:\/\/api.w.org\/{rel}","templated":true}]}}