{"id":56638,"date":"2017-10-06T12:27:19","date_gmt":"2017-10-06T12:27:19","guid":{"rendered":"https:\/\/archiviogioia.lavocedelpaese.info\/?p=56638"},"modified":"2017-10-06T12:27:19","modified_gmt":"2017-10-06T12:27:19","slug":"revocati-i-domiciliari-ling-lassandro-torna-allutc","status":"publish","type":"post","link":"https:\/\/archiviogioia.lavocedelpaese.info\/?p=56638","title":{"rendered":"REVOCATI I DOMICILIARI. L\u2019ING. LASSANDRO TORNA ALL\u2019U.T.C.?"},"content":{"rendered":"<p><a title=\"GIUDICE TRIBUNALE\" href=\"https:\/\/www.flickr.com\/photos\/91470992@N02\/23687123528\" data-flickr-embed=\"true\"><img loading=\"lazy\" decoding=\"async\" style=\"display: block; margin-left: auto; margin-right: auto;\" src=\"https:\/\/farm5.staticflickr.com\/4514\/23687123528_601bed2a04_o.jpg\" alt=\"GIUDICE TRIBUNALE\" width=\"320\" height=\"240\" \/><\/a><\/p>\n<p><!--more--><\/p>\n<p style=\"text-align: justify;\"><a title=\"PALAZZO MUNICIPALE\" href=\"https:\/\/www.flickr.com\/photos\/91470992@N02\/23687105508\/in\/photostream\/\" data-flickr-embed=\"true\"><img loading=\"lazy\" decoding=\"async\" style=\"margin: 4px; float: left;\" src=\"https:\/\/farm5.staticflickr.com\/4506\/23687105508_6aed126ea1_o.jpg\" alt=\"PALAZZO MUNICIPALE\" width=\"400\" height=\"533\" \/><\/a><strong>Revocati i domiciliari per l&#8217;ingegnere Raffaele Vito Lassandro<\/strong>, dirigente dell\u2019Ufficio Tecnico Comunale di Gioia del Colle, coinvolto nell&#8217;operazione \u201cPura Defluit\u201d che lo scorso 13 luglio port\u00f2 ad una serie di&nbsp;arresti e perquisizioni&nbsp;da parte dei finanzieri del Nucleo di Polizia Tributaria Bari e dei carabinieri del Comando Provinciale Bari.<\/p>\n<p style=\"text-align: justify;\"><strong>A confermare la notizia<\/strong> sono gli avvocati&nbsp;del tecnico,&nbsp;<strong>Francesco Caponio, Daniela Castelluzzo&nbsp;e&nbsp;Niccol\u00f2 Alessandro Dello Russo<\/strong>.<\/p>\n<p style=\"text-align: justify;\"><strong>L\u2019Ufficio tecnico di Gioia ha vissuto momenti di \u201cgrazia\u201d<\/strong> e legalit\u00e0 da quando l\u2019ingegner Raffaele Lassandro \u00e8 stato nominato dal Commissario. <strong>Il suo impegno<\/strong> confermato da pi\u00f9 parti <strong>\u00e8 indiscusso<\/strong>. Presente ben oltre l\u2019orario retribuito, <strong>attento, dinamico<\/strong>, <strong>mente agile<\/strong>, di grande progettualit\u00e0 e competenza, <strong>di quelle che fanno la differenza<\/strong> e permettono di raggiungere obiettivi importanti: finanziamenti milionari per progetti ben impostati in assoluta legalit\u00e0.<\/p>\n<p style=\"text-align: justify;\"><strong>Il suo coinvolgimento nelle indagini e l\u2019arresto<\/strong> per il caso &#8220;Pura defluit&#8221; alla vigilia di un nuovo e ancor pi\u00f9 \u201cpesante\u201d incarico in Calabria, <strong>ha gettato molti dipendenti dell\u2019U.T.C. nello sconforto<\/strong>. Forse qualcuno &#8211; i tecnici che si sono visti negare autorizzazioni in questi due anni &#8211; ha anche gioito, ma <strong>i pi\u00f9 non hanno creduto alle accuse<\/strong>. Una persona troppo per bene, parere che sentiamo di condividere. <strong>Tra pochi giorni dovrebbe essere revocata l\u2019ordinanza restrittiva che lo tiene lontano da Gioia<\/strong>. Il mandato non \u00e8 mai stato revocato, anche se fino al 31 dicembre sar\u00e0 Carmelo Rosario Guida a dirigere l\u2019 U.T.C.<\/p>\n<p style=\"text-align: justify;\">Conoscendo l\u2019uomo ed il suo valore morale, <strong>non ci stupirebbe che desse le dimissioni per sollevare da ogni imbarazzo l\u2019Amministrazione<\/strong>. Che vengano accettate o meno non sar\u00e0 una decisione facile, perch\u00e9 risorse non solo professionali ma anche e soprattutto umane, cos\u00ec importanti andrebbero non solo conservate, ma anche tutelate e difese.<\/p>\n<p style=\"text-align: justify;\"><strong>Assuefatti agli \u201cerrori-orrori\u201d<\/strong> <span>della magistratura che spesso assolve i colpevoli e crocifigge gli innocenti, <strong>forse dovremmo <\/strong>tutti farci un esame di coscienza e <strong>chiederci: questa storia \u201ccui prodest\u201d<\/strong><span><strong>? <\/strong><\/span><\/span><\/p>\n<p>&nbsp;<\/p>\n","protected":false},"excerpt":{"rendered":"","protected":false},"author":1,"featured_media":0,"comment_status":"open","ping_status":"closed","sticky":false,"template":"","format":"standard","meta":{"colormag_page_container_layout":"default_layout","colormag_page_sidebar_layout":"default_layout","footnotes":""},"categories":[8],"tags":[],"class_list":["post-56638","post","type-post","status-publish","format-standard","hentry","category-cronaca"],"_links":{"self":[{"href":"https:\/\/archiviogioia.lavocedelpaese.info\/index.php?rest_route=\/wp\/v2\/posts\/56638","targetHints":{"allow":["GET"]}}],"collection":[{"href":"https:\/\/archiviogioia.lavocedelpaese.info\/index.php?rest_route=\/wp\/v2\/posts"}],"about":[{"href":"https:\/\/archiviogioia.lavocedelpaese.info\/index.php?rest_route=\/wp\/v2\/types\/post"}],"author":[{"embeddable":true,"href":"https:\/\/archiviogioia.lavocedelpaese.info\/index.php?rest_route=\/wp\/v2\/users\/1"}],"replies":[{"embeddable":true,"href":"https:\/\/archiviogioia.lavocedelpaese.info\/index.php?rest_route=%2Fwp%2Fv2%2Fcomments&post=56638"}],"version-history":[{"count":0,"href":"https:\/\/archiviogioia.lavocedelpaese.info\/index.php?rest_route=\/wp\/v2\/posts\/56638\/revisions"}],"wp:attachment":[{"href":"https:\/\/archiviogioia.lavocedelpaese.info\/index.php?rest_route=%2Fwp%2Fv2%2Fmedia&parent=56638"}],"wp:term":[{"taxonomy":"category","embeddable":true,"href":"https:\/\/archiviogioia.lavocedelpaese.info\/index.php?rest_route=%2Fwp%2Fv2%2Fcategories&post=56638"},{"taxonomy":"post_tag","embeddable":true,"href":"https:\/\/archiviogioia.lavocedelpaese.info\/index.php?rest_route=%2Fwp%2Fv2%2Ftags&post=56638"}],"curies":[{"name":"wp","href":"https:\/\/api.w.org\/{rel}","templated":true}]}}