{"id":56785,"date":"2017-10-22T10:56:45","date_gmt":"2017-10-22T10:56:45","guid":{"rendered":"https:\/\/archiviogioia.lavocedelpaese.info\/?p=56785"},"modified":"2017-10-22T10:56:45","modified_gmt":"2017-10-22T10:56:45","slug":"ignoti-imbrattano-il-muro-del-cineforum-estivo","status":"publish","type":"post","link":"https:\/\/archiviogioia.lavocedelpaese.info\/?p=56785","title":{"rendered":"IGNOTI IMBRATTANO IL MURO DEL CINEFORUM ESTIVO"},"content":{"rendered":"<p><a title=\"cineforum-muro-imbrattato\" href=\"https:\/\/www.flickr.com\/photos\/91470992@N02\/37597105970\/in\/dateposted-public\/\" data-flickr-embed=\"true\"><img loading=\"lazy\" decoding=\"async\" style=\"display: block; margin-left: auto; margin-right: auto;\" src=\"https:\/\/farm5.staticflickr.com\/4444\/37597105970_0087b2278d_z.jpg\" alt=\"cineforum-muro-imbrattato\" width=\"320\" height=\"240\" \/><\/a><\/p>\n<p><!--more--><\/p>\n<p style=\"text-align: justify;\"><a title=\"CINEFORUM IMBRATTATO\" href=\"https:\/\/www.flickr.com\/photos\/91470992@N02\/24001991898\/in\/dateposted-public\/\" data-flickr-embed=\"true\"><img loading=\"lazy\" decoding=\"async\" style=\"margin: 4px; float: left;\" src=\"https:\/\/farm5.staticflickr.com\/4448\/24001991898_d1016a53d3.jpg\" alt=\"CINEFORUM IMBRATTATO\" width=\"400\" height=\"198\" \/><\/a>Pubblichiamo la riflessione dei &#8220;Giovani protagonisti&#8221; che in questo quartiere hanno riposto tante speranze, cercando di rivitalizzarlo con eventi e renderlo accogliente.<\/p>\n<p style=\"text-align: justify;\">C&#8217;\u00e8, a nostro avviso, un solo modo per risolvere il problema: coinvolgere i ragazzi del quartiere in un progetto artistico, far &#8220;dipingere&#8221; loro murales su quel muro bianco ed affidare anche a loro il compito di custodirlo e proteggerlo da atti vandalici, perch\u00e8 \u00e8 un loro spazio, nel quale esprimere i loro vissuti. Si potrebbe farlo insieme, invitando gli artisti gioiesi e non solo loro a guidare i ragazzi in questo percorso di crescita ed affezione alla loro citt\u00e0.<\/p>\n<p>&#8212;&#8212;&#8212;&#8212;&#8212;&#8212;&#8212;-<\/p>\n<p style=\"text-align: justify;\">&#8220;Saremmo tentati di cedere all\u2019indignazione pi\u00f9 offesa. In quanto tale per\u00f2, essa risulterebbe<a title=\"CINEFORUM IMBRATTATO\" href=\"https:\/\/www.flickr.com\/photos\/91470992@N02\/37144860904\/in\/dateposted-public\/\" data-flickr-embed=\"true\"><img loading=\"lazy\" decoding=\"async\" style=\"margin: 4px; float: right;\" src=\"https:\/\/farm5.staticflickr.com\/4483\/37144860904_5fbf2b1e20.jpg\" alt=\"CINEFORUM IMBRATTATO\" width=\"400\" height=\"198\" \/><\/a> del tutto sterile. Finiremmo per fare della moralina da quattro soldi rispetto ad un fatto tutto sommato non troppo grave; e nemmeno inusuale. Siamo abituati ai peni pasticciati sui muri con una bomboletta spray e alle dichiarazioni d\u2019amore sgrammaticate; talvolta possono anche diventare immagini potenti e opere d\u2019arte vigorose: non \u00e8 questo il caso.<\/p>\n<p style=\"text-align: justify;\">C\u2019\u00e8 decisamente poco senso artistico negli scarabocchi in questione, e d\u2019altronde non si tratta qui di un vecchio muro di periferia: stiamo parlando del muro che \u00e8 stato \u201cschermo\u201d nostro e di tutti i cittadini durante le quattro serate di cinema che, tra mille difficolt\u00e0 ed impegni ed errori, abbiamo provato a proporre.<\/p>\n<p style=\"text-align: justify;\">\u00c8 inutile, dicevamo, indignarsi: \u201cIncivili!\u201d. \u201cAbbiamo lavorato sotto il sole estivo per ripulirlo dagli scarabocc<a title=\"le periferie del cinema\" href=\"https:\/\/www.flickr.com\/photos\/91470992@N02\/28300707280\/in\/photolist-Wi6fr1-Wi64p1-WPQ8Y1-K7Qvyo-K7QwhY-KowEVb\" data-flickr-embed=\"true\"><img loading=\"lazy\" decoding=\"async\" style=\"margin: 4px; float: left;\" src=\"https:\/\/farm9.staticflickr.com\/8825\/28300707280_1572c02689.jpg\" alt=\"le periferie del cinema\" width=\"400\" height=\"266\" \/><\/a>hi che c\u2019erano prima!\u201d, \u201cTanto impegno per nulla!\u201d. No, l\u2019impegno non \u00e8 per nulla. Ma quelle di prima sono chiacchiere da bar che ci allontanano dalla comprensione del problema. \u00c8 opportuno, piuttosto, cercare di capire i motivi per cui qualcuno non riesca a sentire quello e altri spazi come \u201cpropri\u201d: questo \u00e8 anche mio, \u00e8 una propriet\u00e0 mia e degli altri e provo a mantenerla pulita com\u2019\u00e8 per il maggior tempo possibile; tanto pi\u00f9 che nel caso specifico essa stia svolgendo un ruolo nella vita di questa parte di citt\u00e0.<\/p>\n<p>&nbsp;<\/p>\n<p style=\"text-align: justify;\">\u00c8 evidente che le persone che hanno disegnato quel pene su quel muro immacolato non lo percepiscano come il loro, ma solo come uno spazio altrui con il quale nulla hanno a che fare e che pertanto possono trattare come vogliono, meglio se con disprezzo.<\/p>\n<p style=\"text-align: justify;\">Forse l\u2019errore \u00e8 anche nostro. Forse non siamo riusciti a comunicare capillarmente il <a title=\"periferie del cinema II edizione\" href=\"https:\/\/www.flickr.com\/photos\/91470992@N02\/35984532956\/in\/photolist-WPQ8Y1-K7Qvyo-JZA8Z1-K7QwhY-KowEVb-NqyKNg-KdEd2Z-KaGw5C-JMFxBJ-KdEbP8-KdEdrX-JhfwoZ-GfGKAJ-FKrHnc-GAy5je-GE5bDq-F3KTLZ-FtuQtL-FvQrt4-Cnm4SG-FJyGhR-rUsXRA-tjhPtj-rc75Ny-s5VwwL-rJ7MYS-r5CDRL-qqpQJK-r5BCX1-rn6S9y-rn4LAn-qqcysw-rEdwGr-r2xtE5-rFYpzu-r2K2SD-rEdqsx-rG5YQz-rFWUAN-qaFGqQ-q3nwvg-qJLFpm-qshuLh-qb4BoE-qaWE28-pen26g-pen1UV-pe8Cqy-qb4CS1-pTyHgU\" data-flickr-embed=\"true\"><img loading=\"lazy\" decoding=\"async\" style=\"margin: 4px; float: right;\" src=\"https:\/\/farm5.staticflickr.com\/4303\/35984532956_dbd2d3535f.jpg\" alt=\"periferie del cinema II edizione\" width=\"400\" height=\"266\" \/><\/a>messaggio che a noi sembrava tanto importante ed alto, quello della comune appartenenza ad un luogo e della esaltazione delle sue potenzialit\u00e0 nascoste (che, lo abbiamo visto, ci sono).<\/p>\n<p>Una cosa \u00e8 certa: n\u00e9 le chiacchiere, n\u00e9 le telecamere, n\u00e9 il \u201cpugno di ferro\u201d potranno mai sortire alcun effetto se chi ci \u00e8 di fronte non comprende la sua posizione nel circuito di relazioni con cose e persone che chiamiamo civilt\u00e0. Questo deve essere il compito di ogni cittadino che voglia sentirsi all\u2019altezza di tale titolo: pensare s\u00e9 stesso nella civilt\u00e0 ed eventualmente educare gli altri ad essa. \u00c8 una soluzione esponenzialmente pi\u00f9 difficile della \u201cchiacchiera\u201d e della moralina, ma perlomeno \u2013 a differenza di quelle \u2013 \u00e8 una soluzione.<\/p>\n<p style=\"text-align: justify;\">Poi pu\u00f2 darsi che quelle persone comprendano perfettamente il loro ruolo nella comunit\u00e0 e l\u2019unica cosa che vogliono veramente \u00e8 farla a brandelli. In tal caso soluzioni non esistono e le parole dette fino ad ora sono solo tante cazzate.&#8221;<\/p>\n<p style=\"text-align: right;\" align=\"right\"><strong>Giovani Protagonisti<\/strong><\/p>\n<p>&nbsp;<\/p>\n","protected":false},"excerpt":{"rendered":"","protected":false},"author":1,"featured_media":0,"comment_status":"open","ping_status":"closed","sticky":false,"template":"","format":"standard","meta":{"colormag_page_container_layout":"default_layout","colormag_page_sidebar_layout":"default_layout","footnotes":""},"categories":[8],"tags":[],"class_list":["post-56785","post","type-post","status-publish","format-standard","hentry","category-cronaca"],"_links":{"self":[{"href":"https:\/\/archiviogioia.lavocedelpaese.info\/index.php?rest_route=\/wp\/v2\/posts\/56785","targetHints":{"allow":["GET"]}}],"collection":[{"href":"https:\/\/archiviogioia.lavocedelpaese.info\/index.php?rest_route=\/wp\/v2\/posts"}],"about":[{"href":"https:\/\/archiviogioia.lavocedelpaese.info\/index.php?rest_route=\/wp\/v2\/types\/post"}],"author":[{"embeddable":true,"href":"https:\/\/archiviogioia.lavocedelpaese.info\/index.php?rest_route=\/wp\/v2\/users\/1"}],"replies":[{"embeddable":true,"href":"https:\/\/archiviogioia.lavocedelpaese.info\/index.php?rest_route=%2Fwp%2Fv2%2Fcomments&post=56785"}],"version-history":[{"count":0,"href":"https:\/\/archiviogioia.lavocedelpaese.info\/index.php?rest_route=\/wp\/v2\/posts\/56785\/revisions"}],"wp:attachment":[{"href":"https:\/\/archiviogioia.lavocedelpaese.info\/index.php?rest_route=%2Fwp%2Fv2%2Fmedia&parent=56785"}],"wp:term":[{"taxonomy":"category","embeddable":true,"href":"https:\/\/archiviogioia.lavocedelpaese.info\/index.php?rest_route=%2Fwp%2Fv2%2Fcategories&post=56785"},{"taxonomy":"post_tag","embeddable":true,"href":"https:\/\/archiviogioia.lavocedelpaese.info\/index.php?rest_route=%2Fwp%2Fv2%2Ftags&post=56785"}],"curies":[{"name":"wp","href":"https:\/\/api.w.org\/{rel}","templated":true}]}}