{"id":56860,"date":"2017-10-28T23:25:09","date_gmt":"2017-10-28T23:25:09","guid":{"rendered":"https:\/\/archiviogioia.lavocedelpaese.info\/?p=56860"},"modified":"2017-10-28T23:25:09","modified_gmt":"2017-10-28T23:25:09","slug":"torna-lora-solare-lancette-indietro-di-unora","status":"publish","type":"post","link":"https:\/\/archiviogioia.lavocedelpaese.info\/?p=56860","title":{"rendered":"TORNA L&#8217;ORA SOLARE. LANCETTE INDIETRO DI UN&#8217;ORA"},"content":{"rendered":"<p><a title=\"Torna ora solare,notte tra sabato e domenica un'ora indietro\" href=\"https:\/\/www.flickr.com\/photos\/91470992@N02\/22447778045\/in\/photolist-ZSJ8Ts-q27piL-pNpHFa-h13phH-zV3Brd-h12rbq-AcCJkX-zV2gaW-TcAdVd-T4L59t\" data-flickr-embed=\"true\"><img loading=\"lazy\" decoding=\"async\" style=\"display: block; margin-left: auto; margin-right: auto;\" src=\"https:\/\/farm1.staticflickr.com\/603\/22447778045_2bc7a4c18c_z.jpg\" alt=\"Torna ora solare,notte tra sabato e domenica un'ora indietro\" width=\"320\" height=\"240\" \/><\/a><\/p>\n<p><!--more--><\/p>\n<p style=\"margin-bottom: 0.0001pt; text-align: justify; line-height: normal;\"><a title=\"ORA LEGALE: TORNA SOLARE, DOMENICA ALLE 3 LANCETTE INDIETRO\" href=\"https:\/\/www.flickr.com\/photos\/91470992@N02\/33605353886\/in\/photolist-ZSJ8Ts-q27piL-pNpHFa-h13phH-zV3Brd-h12rbq-AcCJkX-zV2gaW-TcAdVd-T4L59t\" data-flickr-embed=\"true\"><img loading=\"lazy\" decoding=\"async\" style=\"margin: 4px; float: left;\" src=\"https:\/\/farm4.staticflickr.com\/3932\/33605353886_39d4cd69f2_z.jpg\" alt=\"ORA LEGALE: TORNA SOLARE, DOMENICA ALLE 3 LANCETTE INDIETRO\" width=\"400\" height=\"201\" \/><\/a><span style=\"color: #2d2d2d; background: white none repeat scroll 0% 0%;\">Nella notte tra sabato 28 e domenica 29 ottobre l&#8217;ora legale lascer\u00e0 il posto all\u2019ora solare. Alle 03.00 occorrer\u00e0 <strong>spostare le lancette degli orologi un\u2019ora indietro<\/strong>. Nessun problema per alcuni dispositivi come: pc e smartphone, lo faranno in automatico.<\/span><\/p>\n<p style=\"margin-bottom: 0.0001pt; text-align: justify; line-height: normal;\"><span style=\"color: #2d2d2d; background: white none repeat scroll 0% 0%;\">Con il cambio di orario si potr\u00e0 quindi dormire un\u2019ora in pi\u00f9. La novit\u00e0 principale del cambio d&#8217;ora sar\u00e0 rappresentata dal fatto che al pomeriggio far\u00e0 buio prima, quasi a volerci ricordare il sopraggiungere della stagione invernale, anche se a dire il vero le temperature dicano il contrario.<\/span><\/p>\n<p style=\"margin-bottom: 0.0001pt; text-align: justify; line-height: normal;\"><span style=\"color: #2d2d2d; background: white none repeat scroll 0% 0%;\">In molti si chiedono il perch\u00e8 di questo cambiamento. Ebbene la risposta l&#8217;ha fornita l<\/span><span style=\"color: black; background: white none repeat scroll 0% 0%;\">a societ\u00e0&nbsp;<strong>Terna, che \u00e8 il gestore della rete elettrica nazionale: \u00ab<\/strong>lo scorso anno (2016) grazie all&#8217;ora legale, in&nbsp;<strong>Italia abbiamo risparmiato 573 milioni di kilowattora<\/strong>&nbsp;(il kilowattora \u00e8 la misura della corrente elettrica che si consuma). E&#8217; una cifra pari al<strong>&nbsp;<strong>consumo elettrico medio annuale di 210 mila famiglie<\/strong>\u00bb. <\/strong><\/span><\/p>\n<p style=\"margin-bottom: 0.0001pt; text-align: justify; line-height: normal;\"><span style=\"color: black; background: white none repeat scroll 0% 0%;\">Il <\/span><span style=\"color: black;\"> risparmio energetico contribuisce a tutelare l&#8217;ambiente, atteso che <strong><span style=\"background: white none repeat scroll 0% 0%;\">l&#8217;ora legale evita di immettere nell&#8217;atmosfera italiana &nbsp;almeno 300mila tonnellate di anidride carbonica<\/span><\/strong><strong><span style=\"background: white none repeat scroll 0% 0%;\">.<\/span><\/strong><\/span><\/p>\n<p style=\"margin-bottom: 0.0001pt; text-align: justify; line-height: normal;\"><span style=\"background: white none repeat scroll 0% 0%;\">L\u2019ora solare <strong>sar\u00e0<\/strong> <strong>in vigore fino al 25 marzo 2018<\/strong>, quando torner\u00e0 l\u2019ora legale.<\/span><\/p>\n<p>&nbsp;<\/p>\n","protected":false},"excerpt":{"rendered":"","protected":false},"author":1,"featured_media":0,"comment_status":"open","ping_status":"closed","sticky":false,"template":"","format":"standard","meta":{"colormag_page_container_layout":"default_layout","colormag_page_sidebar_layout":"default_layout","footnotes":""},"categories":[7],"tags":[],"class_list":["post-56860","post","type-post","status-publish","format-standard","hentry","category-attualita"],"_links":{"self":[{"href":"https:\/\/archiviogioia.lavocedelpaese.info\/index.php?rest_route=\/wp\/v2\/posts\/56860","targetHints":{"allow":["GET"]}}],"collection":[{"href":"https:\/\/archiviogioia.lavocedelpaese.info\/index.php?rest_route=\/wp\/v2\/posts"}],"about":[{"href":"https:\/\/archiviogioia.lavocedelpaese.info\/index.php?rest_route=\/wp\/v2\/types\/post"}],"author":[{"embeddable":true,"href":"https:\/\/archiviogioia.lavocedelpaese.info\/index.php?rest_route=\/wp\/v2\/users\/1"}],"replies":[{"embeddable":true,"href":"https:\/\/archiviogioia.lavocedelpaese.info\/index.php?rest_route=%2Fwp%2Fv2%2Fcomments&post=56860"}],"version-history":[{"count":0,"href":"https:\/\/archiviogioia.lavocedelpaese.info\/index.php?rest_route=\/wp\/v2\/posts\/56860\/revisions"}],"wp:attachment":[{"href":"https:\/\/archiviogioia.lavocedelpaese.info\/index.php?rest_route=%2Fwp%2Fv2%2Fmedia&parent=56860"}],"wp:term":[{"taxonomy":"category","embeddable":true,"href":"https:\/\/archiviogioia.lavocedelpaese.info\/index.php?rest_route=%2Fwp%2Fv2%2Fcategories&post=56860"},{"taxonomy":"post_tag","embeddable":true,"href":"https:\/\/archiviogioia.lavocedelpaese.info\/index.php?rest_route=%2Fwp%2Fv2%2Ftags&post=56860"}],"curies":[{"name":"wp","href":"https:\/\/api.w.org\/{rel}","templated":true}]}}