{"id":56939,"date":"2017-11-06T09:21:07","date_gmt":"2017-11-06T09:21:07","guid":{"rendered":"https:\/\/archiviogioia.lavocedelpaese.info\/?p=56939"},"modified":"2017-11-06T09:21:07","modified_gmt":"2017-11-06T09:21:07","slug":"intervista-a-maria-stea-gioiese-ai-vertici-di-admo-e-fidas","status":"publish","type":"post","link":"https:\/\/archiviogioia.lavocedelpaese.info\/?p=56939","title":{"rendered":"INTERVISTA A MARIA STEA, GIOIESE AI VERTICI DI ADMO E FIDAS"},"content":{"rendered":"<p><a title=\"Maria Stea Admo e Fidas Puglia\" href=\"https:\/\/www.flickr.com\/photos\/91470992@N02\/38163753086\" data-flickr-embed=\"true\"><img loading=\"lazy\" decoding=\"async\" style=\"display: block; margin-left: auto; margin-right: auto;\" src=\"https:\/\/farm5.staticflickr.com\/4447\/38163753086_f2b6922a9c_z.jpg\" alt=\"Maria Stea Admo e Fidas Puglia\" width=\"320\" height=\"240\" \/><\/a><\/p>\n<p><!--more--><\/p>\n<p style=\"text-align: justify;\"><a title=\"Maria Stea Admo e Fidas Puglia\" href=\"https:\/\/www.flickr.com\/photos\/91470992@N02\/26443096179\/in\/photostream\/\" data-flickr-embed=\"true\"><img loading=\"lazy\" decoding=\"async\" style=\"margin: 4px; float: left;\" src=\"https:\/\/farm5.staticflickr.com\/4470\/26443096179_2c4110f5b7_z.jpg\" alt=\"Maria Stea Admo e Fidas Puglia\" width=\"400\" height=\"299\" \/><\/a>\u201cIn Puglia, nelle ultime settimane, ci sono state ben <strong>tre donazioni di cellule staminali emopoietiche<\/strong>. Come ben sapete questo \u00e8 motivo di <strong>grande gioia per tutti i volontari Admo Puglia<\/strong> sparsi sul territorio che ogni giorno svolgono la loro opera di sensibilizzazione, in questa ricerca spasmodica di quell&#8217;1 su 100.000&#8230; A tutti loro rivolgo i miei pi\u00f9 cari auguri e i miei complimenti per il ruolo che ogni giorno svolgono. Che sia Elisa, Francesco, Sofia o Andrea&#8230;. poco importa&#8230; in qualche parte del mondo c&#8217;\u00e8 sempre un paziente oncoematologico che cerca il proprio compatibile e solo il trapianto di midollo osseo\/cellule staminali porter\u00e0 la sua rinascita. Auguri ai nostri tre splendidi donatori che con il loro gesto hanno portato vita, gioia e speranza in tre famiglie, auguri ai riceventi per una pronta guarigione e un ritorno alla vita normale, quella fatta di sorrisi, affetti e amore.\u201d<\/p>\n<p style=\"text-align: justify;\">Questo uno dei messaggi che <strong>Maria Stea<\/strong>, presidente regionale Admo ha inviato ai suoi amici il 1 novembre.<\/p>\n<p style=\"text-align: justify;\">Due giorni prima era in Piazza Plebiscito per accogliere i 33 donatori di sangue con la Fidas, che sta per compiere a Gioia i suoi primi 18 anni di vita. Instancabile e soprattutto concreta, ancor prima che il cavalierato andrebbe premiata per lo stakanovista impegno nel volontariato.<\/p>\n<p style=\"text-align: justify;\"><strong>Una curiosit\u00e0 che in tanti hanno\u2026 come riesci a districarti tra lavoro, famiglia, Fidas ed Admo in ruoli per altro molto impegnativi?<\/strong><\/p>\n<p style=\"text-align: justify;\">\u00c8 davvero una gran fatica conciliare tutto. Tra l&#8217;altro lavoro dal luned\u00ec al sabato compreso. Terminato il mio turno di lavoro, mi dedico al volontariato che amo. Ovviamente non posso nascondere che questo mi porta a rinunciare al tempo libero personale e molto spesso a casa e famiglia. Quest&#8217;anno sono riuscita a prendermi una settimana di ferie ad agosto, ma a novembre sono gi\u00e0 senza ferie e festivit\u00e0 soppresse e ho due incontri nazionali, uno con il Consiglio Direttivo della Fidas a Roma e uno con la giunta Admo a Bologna\u2026 trover\u00f2 una soluzione, al lavoro non regala niente nessuno.<\/p>\n<p style=\"text-align: justify;\">Per intenderci in giorno in cui ho firmato il protocollo d\u2019intesa Admo con la Regione ho dovuto recuperare un ritardo di 3 ore e mezzo. Talvolta pesa&#8230;.ma l&#8217;entusiasmo \u00e8 ancora alto. Sono due impegni che ho con me stessa e con i pazienti, il perch\u00e9 \u00e8 una lunga storia, legata a episodi accaduti quand&#8217;ero adolescente e che probabilmente mi hanno fortemente sensibilizzato verso questi temi.<\/p>\n<p style=\"text-align: justify;\"><strong>Quali affinit\u00e0 ci sono tra Fidas ed Admo e quanto tempo dedichi loro?<\/strong><\/p>\n<p style=\"text-align: justify;\">Dedico pi\u00f9 tempo ad Admo e in particolar modo ad Admo Puglia, l&#8217;impegno regionale \u00e8 pieno di responsabilit\u00e0. Il 31 ottobre sono entrata in sede al Policlinico alle 16.45 e ne sono uscita alle 23.15. Non esistono sabato sera e non esistono domeniche, sono rare quelle libere che devo dividere tra mia figlia e gli amici con la passione per il mare.<\/p>\n<p style=\"text-align: justify;\"><strong>Una delle tue abilit\u00e0 \u00e8 saper comunicare ed aggregare\u2026 quanto da uno a dieci conta in un contesto associativo?<\/strong><\/p>\n<p style=\"text-align: justify;\">Aggregare e comunicare sono elementi molto importanti nel volontariato, direi un dieci tondo. Spesso si avvicina gente che pensa di trovare chiss\u00e0 cosa&#8230;.altri interessi&#8230; poi quando vede che \u00e8 solo volontariato puro, si allontana&#8230; Ma c&#8217;\u00e8 chi resta per fortuna. Credo di essere riuscita in questi 18 anni di Fidas Gioia a trasmettere l&#8217;importanza del dono, a creare la coscienza in tante persone che mi seguono perch\u00e9 sanno che se annuncio un&#8217;emergenza o altri problemi in cui chiedo aiuto, sono documentata, \u00e8 la necessit\u00e0 reale del momento. Purtroppo a Gioia non abbiamo una sede e un posto dove poter fare anche le donazioni in aferesi. Le donazioni multicomponenti in aferesi sono il futuro. Donare quello che serve, globuli rossi, plasma o piastrine. Quello che faccio io quando vado presso i centri. Al Policlinico so che servono molto le piastrine, per cui sei volte l&#8217;anno dono l\u00ec, 6 volte \u00e8 il massimo delle donazioni per piastrine -aferesi all&#8217;anno, poi si possono donare anche rossi e plasma. Separati gi\u00e0 dal braccio, hanno maggiore qualit\u00e0 perch\u00e9 non vengono pi\u00f9 trattati come invece avviene alla sacca intera che si dona nella raccolta domenicale.<\/p>\n<p style=\"text-align: justify;\"><strong>Progetti futuri\u2026?<\/strong><\/p>\n<p style=\"text-align: justify;\">Il prossimo anno ci sono le elezioni a Gioia, vorrei che qualcun altro si facesse avanti, ma forse anche questa volta dovr\u00f2 restare. Nel 2017 ho sempre ed in ogni contesto assicurato la mia presenza e non \u00e8 facile. Devo ultimare il gemellaggio con Fidas Ozieri e trovare una sede&#8230;.poi posso ritirarmi tranquilla e lasciare spazio ai giovani<\/p>\n<p style=\"text-align: justify;\">In Admo Puglia sto avviando un progetto che ci porti un po&#8217; di fondi. Ci spostiamo a nostra spese anche per gli impegni istituzionali, non ci sono risorse da condividere, .e tra l&#8217;altro sto organizzando il 25ennale Admo Puglia. Poi c\u2019\u00e8 il decreto del terzo settore del 2 agosto che mi vedr\u00e0 impegnata nell\u2019elaborazione degli statuti su tutti i fronti. Non saremo pi\u00f9 onlus ma ETS &#8211; Ente Terzo Settore ed ovviamente il carico di responsabilit\u00e0 aumenta. Si va verso un volontariato fatto in maniera professionale e questo porter\u00e0 speriamo vantaggi per tutti, in primis per il servizio offerto.<\/p>\n","protected":false},"excerpt":{"rendered":"","protected":false},"author":1,"featured_media":0,"comment_status":"open","ping_status":"closed","sticky":false,"template":"","format":"standard","meta":{"colormag_page_container_layout":"default_layout","colormag_page_sidebar_layout":"default_layout","footnotes":""},"categories":[7],"tags":[],"class_list":["post-56939","post","type-post","status-publish","format-standard","hentry","category-attualita"],"_links":{"self":[{"href":"https:\/\/archiviogioia.lavocedelpaese.info\/index.php?rest_route=\/wp\/v2\/posts\/56939","targetHints":{"allow":["GET"]}}],"collection":[{"href":"https:\/\/archiviogioia.lavocedelpaese.info\/index.php?rest_route=\/wp\/v2\/posts"}],"about":[{"href":"https:\/\/archiviogioia.lavocedelpaese.info\/index.php?rest_route=\/wp\/v2\/types\/post"}],"author":[{"embeddable":true,"href":"https:\/\/archiviogioia.lavocedelpaese.info\/index.php?rest_route=\/wp\/v2\/users\/1"}],"replies":[{"embeddable":true,"href":"https:\/\/archiviogioia.lavocedelpaese.info\/index.php?rest_route=%2Fwp%2Fv2%2Fcomments&post=56939"}],"version-history":[{"count":0,"href":"https:\/\/archiviogioia.lavocedelpaese.info\/index.php?rest_route=\/wp\/v2\/posts\/56939\/revisions"}],"wp:attachment":[{"href":"https:\/\/archiviogioia.lavocedelpaese.info\/index.php?rest_route=%2Fwp%2Fv2%2Fmedia&parent=56939"}],"wp:term":[{"taxonomy":"category","embeddable":true,"href":"https:\/\/archiviogioia.lavocedelpaese.info\/index.php?rest_route=%2Fwp%2Fv2%2Fcategories&post=56939"},{"taxonomy":"post_tag","embeddable":true,"href":"https:\/\/archiviogioia.lavocedelpaese.info\/index.php?rest_route=%2Fwp%2Fv2%2Ftags&post=56939"}],"curies":[{"name":"wp","href":"https:\/\/api.w.org\/{rel}","templated":true}]}}