{"id":57254,"date":"2017-12-05T06:42:33","date_gmt":"2017-12-05T06:42:33","guid":{"rendered":"https:\/\/archiviogioia.lavocedelpaese.info\/?p=57254"},"modified":"2017-12-05T06:42:33","modified_gmt":"2017-12-05T06:42:33","slug":"admo-puglia-compie-25-anni-maria-stea-a-rai-uno-2","status":"publish","type":"post","link":"https:\/\/archiviogioia.lavocedelpaese.info\/?p=57254","title":{"rendered":"ADMO PUGLIA COMPIE 25 ANNI. MARIA STEA A RAI TRE"},"content":{"rendered":"<p><a title=\"maria stea primo piano\" href=\"https:\/\/www.flickr.com\/photos\/91470992@N02\/38848302951\/in\/dateposted-public\/\" data-flickr-embed=\"true\"><img loading=\"lazy\" decoding=\"async\" style=\"display: block; margin-left: auto; margin-right: auto;\" src=\"https:\/\/farm5.staticflickr.com\/4533\/38848302951_dcebb53720_z.jpg\" alt=\"maria stea primo piano\" width=\"320\" height=\"240\" \/><\/a><\/p>\n<p><!--more--><\/p>\n<p style=\"margin-bottom: 0.0001pt; line-height: normal; text-align: justify;\"><a title=\"admo maria stea\" href=\"https:\/\/www.flickr.com\/photos\/91470992@N02\/38848303651\/in\/dateposted-public\/\" data-flickr-embed=\"true\"><img loading=\"lazy\" decoding=\"async\" style=\"margin: 4px; float: left;\" src=\"https:\/\/farm5.staticflickr.com\/4540\/38848303651_96d44ea416_z.jpg\" alt=\"admo maria stea\" width=\"400\" height=\"400\" \/><\/a> Il 26 novembre <strong>ADMO PUGLIA ha festeggiato 25 anni<\/strong> di storia con testimonianze dei donatori reali e di riceventi e non poteva mancare <strong>la nostra Maria Stea<\/strong>, presidente regionale, <strong>ospite <\/strong>per l\u2019occasione anche <strong>della trasmissione \u201cBuongiorno Regione\u201d di Rai Tre<\/strong>.<\/p>\n<p style=\"margin-bottom: 0.0001pt; line-height: normal; text-align: justify;\"><span><span>\u201c<strong>Un\u2019esperienza bellissima<\/strong>, <strong>con Renato Piccoli, Nando Nunziante, Vitantonio Laricchia e Lino Patruno<\/strong>&#8230; Abbiamo parlato dei 25 anni di ADMO PUGLIA, di come ADMO sia nata grazie al dott. Romondia il 26 novembre del 1992, della decisione di trasferire la sede regionale a Bari proprio nel centro di tipizzazione, dei numeri raggiunti nonostante le mille difficolt\u00e0, 23 mila iscritti, che ci hanno portato ad essere la quinta regione d&#8217;Italia. Si \u00e8 accennato alle modalit\u00e0 di donazione, alle liste di attesa, di quanto sia bello donare ed \u00e8 stata anche portata la testimonianza di Lello che ha donato il midollo ad un bambino inglese di un anno e che adesso ha quattro anni e sta bene, ed anche dell&#8217;iniziativa del 30. Novembre al Campus\u2026\u201d<\/span><\/span><\/p>\n<p style=\"margin-bottom: 0.0001pt; line-height: normal; text-align: justify;\">Alla presenza di istituzioni nell&#8217;Aula De Benedictis del Policlinico, Maria Stea ha infatti accolto la presidente nazionale Admo, <strong>Rita Malavolta<\/strong>, i fondatori Admo Puglia, la splendida voce di <strong>Moni&#8217;<\/strong>, il comico <strong>Antonello Ricci Mefisto<\/strong> che ha portato per l\u2019occasione in scena uno spettacolo comico <span><span>presso l&#8217;Aula Magna del Policlinico di Bari.<\/span><\/span><\/p>\n<p style=\"margin-bottom: 0.0001pt; line-height: normal; text-align: justify;\"><span><span>\u201cAd Antonello Ricci &#8211; dichiara Maria Stea -, vanno innanzitutto i nostri ringraziamenti per la collaborazione &#8220;senza scopo di lucro&#8221; con Admo Puglia. <\/span><\/span>Rin<a title=\"admo maria stea\" href=\"https:\/\/www.flickr.com\/photos\/91470992@N02\/27071457609\/in\/dateposted-public\/\" data-flickr-embed=\"true\"><img loading=\"lazy\" decoding=\"async\" style=\"margin: 4px; float: right;\" src=\"https:\/\/farm5.staticflickr.com\/4543\/27071457609_4b6fcef873_z.jpg\" alt=\"admo maria stea\" width=\"400\" height=\"300\" \/><\/a>grazio i giornalisti Rai per esserci stati vicino. Ringrazio, inoltre, il Rettore <strong>Eug<\/strong><strong>enio Di Sciascio<\/strong> del Politecnico di Bari, i ragazzi delle associazioni studentesche per la loro collaborazione, per il loro supporto, la loro simpatia e gioia di vivere. Grazie ai 45 ragazzi che hanno deciso di entrare nel registro dei donatori di midollo osseo e all&#8217;Admo e a tutti coloro che continueranno a farlo nei prossimi giorni. Speriamo di tornare presto per continuare a sensibilizzare al Campus!\u201d<span><\/span><\/p>\n<p style=\"margin-bottom: 0.0001pt; line-height: normal; text-align: justify;\"><span><span>Al Rettore, nel corso della mattinata trascorsa al Campus universitario di Bari, \u00e8 stata consegnata da Maria Stea, la targa ricordo dei 25 anni di <\/span><\/span>Admo Puglia <span><span>festeggiati domenica<\/span><\/span><span><span>.<\/span><\/span><\/p>\n<p style=\"margin-bottom: 0.0001pt; line-height: normal; text-align: justify;\"><span><span>Di seguito un post scritto da <strong>Emanuela Imprescia<\/strong>, che racconta la sua esperienza di madre di un bimbo salvato dal dono del midollo osseo.<\/span><\/span><\/p>\n<p style=\"margin-bottom: 0.0001pt; line-height: normal; text-align: justify;\">&#8212;&#8212;&#8212;&#8212;&#8212;&#8212;&#8212;-<\/p>\n<p style=\"margin-bottom: 0.0001pt; line-height: normal; text-align: justify;\"><strong>\u201cMI PIACCIONO LE PROSPETTIVE&#8230;.\u201d<\/strong><\/p>\n<p style=\"margin-bottom: 0.0001pt; line-height: normal; text-align: justify;\">\u201cAdoro guardare le cose da prospettive diverse.<\/p>\n<p style=\"margin-bottom: 0.0001pt; line-height: normal; text-align: justify;\">E mentre fuori fiocca, sono sdraiata sul divano al calduccio di casa, penso a que<span><span>sti ultimi giorni.<\/span><\/span><a title=\"1 maria stea\" href=\"https:\/\/www.flickr.com\/photos\/91470992@N02\/23982958677\/in\/dateposted-public\/\" data-flickr-embed=\"true\"><img loading=\"lazy\" decoding=\"async\" style=\"margin: 4px; float: left;\" src=\"https:\/\/farm5.staticflickr.com\/4516\/23982958677_6719f24cde_z.jpg\" alt=\"1 maria stea\" width=\"400\" height=\"300\" \/><\/a><\/p>\n<p style=\"margin-bottom: 0.0001pt; line-height: normal; text-align: justify;\"><span><span>Un trapianto non \u00e8 una passeggiata ma \u00e8 un&#8217;opportunit\u00e0 da saper cogliere. In questi ultimi giorni stanno spuntando per Ale piccoli problemini legati al suo percorso. L&#8217;ormone della crescita che non funziona, una pressione troppo alta e qualche anno fa l&#8217;intervento di cataratta ad entrambi gli occhi, oltre che la ricarica continua di immunoglobuline. Bisogna imparare a scherzare sulle cadute e ci siamo ritrovati a considerare allegramente i suoi acciacchi da vecchietto. <\/span><\/span><\/p>\n<p style=\"margin-bottom: 0.0001pt; line-height: normal; text-align: justify;\"><span><span>Un paio di giorni fa Ale ha esordito: &#8220;Ma visto che tutte queste cose da vecchietto le sto facendo ora, che far\u00f2 quando sar\u00f2 veramente vecchio?&#8221;. Mi si \u00e8 stretto il cuore e poi si \u00e8 aperto esplodendo. Il mio cucciolo sta crescendo e pensa al futuro&#8230; non al domani, ma a un futuro lontano<\/span><\/span><span><span>, da costruire e grande.<\/span><\/span><\/p>\n<p style=\"margin-bottom: 0.0001pt; line-height: normal; text-align: justify;\"><span><span>Ed ho pensato di nuovo a Te, senza la quale questi discorsi non si farebbero, che con poco del tuo tempo gli hai donato i mattoni per <\/span><\/span><span><span>costruirsi. Senza nemmeno conoscerlo hai deciso che dovr\u00e0 invecchiare.<\/span><\/span> <span><span>Grazie anonima Donatrice, grazie Vita\u201d.<\/span><\/span><\/p>\n<p>&nbsp;<\/p>\n","protected":false},"excerpt":{"rendered":"","protected":false},"author":1,"featured_media":0,"comment_status":"open","ping_status":"closed","sticky":false,"template":"","format":"standard","meta":{"colormag_page_container_layout":"default_layout","colormag_page_sidebar_layout":"default_layout","footnotes":""},"categories":[7],"tags":[],"class_list":["post-57254","post","type-post","status-publish","format-standard","hentry","category-attualita"],"_links":{"self":[{"href":"https:\/\/archiviogioia.lavocedelpaese.info\/index.php?rest_route=\/wp\/v2\/posts\/57254","targetHints":{"allow":["GET"]}}],"collection":[{"href":"https:\/\/archiviogioia.lavocedelpaese.info\/index.php?rest_route=\/wp\/v2\/posts"}],"about":[{"href":"https:\/\/archiviogioia.lavocedelpaese.info\/index.php?rest_route=\/wp\/v2\/types\/post"}],"author":[{"embeddable":true,"href":"https:\/\/archiviogioia.lavocedelpaese.info\/index.php?rest_route=\/wp\/v2\/users\/1"}],"replies":[{"embeddable":true,"href":"https:\/\/archiviogioia.lavocedelpaese.info\/index.php?rest_route=%2Fwp%2Fv2%2Fcomments&post=57254"}],"version-history":[{"count":0,"href":"https:\/\/archiviogioia.lavocedelpaese.info\/index.php?rest_route=\/wp\/v2\/posts\/57254\/revisions"}],"wp:attachment":[{"href":"https:\/\/archiviogioia.lavocedelpaese.info\/index.php?rest_route=%2Fwp%2Fv2%2Fmedia&parent=57254"}],"wp:term":[{"taxonomy":"category","embeddable":true,"href":"https:\/\/archiviogioia.lavocedelpaese.info\/index.php?rest_route=%2Fwp%2Fv2%2Fcategories&post=57254"},{"taxonomy":"post_tag","embeddable":true,"href":"https:\/\/archiviogioia.lavocedelpaese.info\/index.php?rest_route=%2Fwp%2Fv2%2Ftags&post=57254"}],"curies":[{"name":"wp","href":"https:\/\/api.w.org\/{rel}","templated":true}]}}