{"id":57380,"date":"2017-12-18T14:01:05","date_gmt":"2017-12-18T14:01:05","guid":{"rendered":"https:\/\/archiviogioia.lavocedelpaese.info\/?p=57380"},"modified":"2017-12-18T14:01:05","modified_gmt":"2017-12-18T14:01:05","slug":"donato-ascatigno-e-francesco-pio-serafino-assunti-in-comune-2","status":"publish","type":"post","link":"https:\/\/archiviogioia.lavocedelpaese.info\/?p=57380","title":{"rendered":"Donato Ascatigno e Francesco Pio Serafino assunti in Comune"},"content":{"rendered":"<p><a title=\"municipio palazzo san domenico\" href=\"https:\/\/www.flickr.com\/photos\/91470992@N02\/38424248134\/in\/dateposted-public\/\" data-flickr-embed=\"true\"><img loading=\"lazy\" decoding=\"async\" style=\"display: block; margin-left: auto; margin-right: auto;\" src=\"https:\/\/farm5.staticflickr.com\/4590\/38424248134_f742b2b1cf_z.jpg\" alt=\"municipio palazzo san domenico\" width=\"320\" height=\"240\" \/><\/a><\/p>\n<p><!--more--><\/p>\n<p style=\"margin-bottom: 0.0001pt; line-height: normal; text-align: justify;\"><a title=\"sede protezione civile\" href=\"https:\/\/www.flickr.com\/photos\/91470992@N02\/39134572941\" data-flickr-embed=\"true\"><img loading=\"lazy\" decoding=\"async\" style=\"margin: 4px; float: left;\" src=\"https:\/\/farm5.staticflickr.com\/4638\/39134572941_f687947cec_z.jpg\" alt=\"sede protezione civile\" width=\"400\" height=\"301\" \/><\/a><strong>Dal volontariato al full time\u2026<\/strong> Dal 18 dicembre <strong>Donato Ascatigno<\/strong>, responsabile del Gruppo comunale Volontari di Protezione civile, di recente insignito su segnalazione dell\u2019Amministrazione di onorificenza di ricompensa al merito civile per il soccorso prestato ad un infartuato nel periodo dell\u2019emergenza neve, <strong>sar\u00e0 alle dipendenze del Comune con un contratto a tempo pieno e determinato <\/strong>ex art. 90 TUEL.<\/p>\n<p style=\"margin-bottom: 0.0001pt; line-height: normal; text-align: justify;\">Con decreto del sindaco n.14 del 6 dicembre 2017 era stato prescelto tra i nove partecipanti all\u2019avviso pubblico emanato dal Comune nei mesi scorsi e assunto con il profilo professionale di istruttore tecnico protezione civile nella cat. C del CCNL 31.3.99 a tempo determinato e part-time al 50%. Assunzione successivamente modificata con decreto di rettifica n.16 del 14\/12\/2017 a tempo pieno, cos\u00ec come previsto dal Bando.<\/p>\n<p style=\"margin-bottom: 0.0001pt; line-height: normal; text-align: justify;\">Ascatigno espleter\u00e0, quindi, la sua attivit\u00e0 non pi\u00f9 da volontario ma <strong>con retribuzione presso lo staff del Sindaco<\/strong> a supporto dell\u2019Amministrazione nell\u2019ambito delle politiche di protezione civile <strong>dal 18\/12\/2017 al 31\/12\/2018<\/strong> eventualmente rinnovabile fino a fine mandato del sindaco.<\/p>\n<p style=\"margin-bottom: 0.0001pt; line-height: normal; text-align: justify;\"><strong>Insieme a lui<\/strong>, con decreto n.15 <strong>\u00e8 stato assunto<\/strong> con diverso profilo &#8211; <strong>istruttore tecnico informatico<\/strong> \u2013 cat. C &#8211; <strong>per la stessa durata e tempo pieno <\/strong>ed assegnazione all\u2019Ufficio di Segreteria del Sindaco, <strong>Francesco Pio Serafino<\/strong>, selezionato tra 18 partecipanti sempre con bando ad evidenza pubblica.<\/p>\n<p style=\"margin-bottom: 0.0001pt; line-height: normal; text-align: justify;\">&#8211; Per scaricare il <strong>Decreto n.14<\/strong>, <a href=\"https:\/\/archiviogioia.lavocedelpaese.info\/wp-content\/uploads\/2017\/12\/decreto-n.14-assunzione-ascatigno.pdf\">clicca qui<\/a>.<\/p>\n<div style=\"margin-bottom: 0.0001pt; line-height: normal; text-align: justify;\">&#8211; Per scaricare il <strong>Decreto n.15<\/strong>, <a href=\"https:\/\/archiviogioia.lavocedelpaese.info\/wp-content\/uploads\/2017\/12\/decreto-n.15-assunzione-serafino.pdf\">clicca qui<\/a>.<\/div>\n<div style=\"margin-bottom: 0.0001pt; line-height: normal; text-align: justify;\">&#8211; Per scaricare il <strong>Decreto n.16<\/strong>, <a href=\"https:\/\/archiviogioia.lavocedelpaese.info\/wp-content\/uploads\/2017\/12\/decreto-n.16-assunzione-ascatigno-rettifica.pdf\">clicca qui<\/a>.<\/div>\n<div style=\"margin-bottom: 0.0001pt; line-height: normal; text-align: justify;\">&#8211; Per scaricare Avviso approvazione assunzione <strong>Ascatigno<\/strong>, <a href=\"https:\/\/archiviogioia.lavocedelpaese.info\/wp-content\/uploads\/2017\/12\/approvazione-avviso-pubblico-assunzione-protezione-civile.pdf\">clicca qui<\/a>.<\/div>\n<div style=\"margin-bottom: 0.0001pt; line-height: normal; text-align: justify;\">&#8211; Per scaricare Avviso approvazione assunzione <strong>Serafino<\/strong>, <a href=\"https:\/\/archiviogioia.lavocedelpaese.info\/wp-content\/uploads\/2017\/12\/approvazione-avviso-pubblico-assunzione-informatico.pdf\">clicca qui<\/a>.<\/div>\n<p style=\"text-align: justify;\">&nbsp;<\/p>\n","protected":false},"excerpt":{"rendered":"","protected":false},"author":1,"featured_media":0,"comment_status":"open","ping_status":"closed","sticky":false,"template":"","format":"standard","meta":{"colormag_page_container_layout":"default_layout","colormag_page_sidebar_layout":"default_layout","footnotes":""},"categories":[4],"tags":[],"class_list":["post-57380","post","type-post","status-publish","format-standard","hentry","category-politica"],"_links":{"self":[{"href":"https:\/\/archiviogioia.lavocedelpaese.info\/index.php?rest_route=\/wp\/v2\/posts\/57380","targetHints":{"allow":["GET"]}}],"collection":[{"href":"https:\/\/archiviogioia.lavocedelpaese.info\/index.php?rest_route=\/wp\/v2\/posts"}],"about":[{"href":"https:\/\/archiviogioia.lavocedelpaese.info\/index.php?rest_route=\/wp\/v2\/types\/post"}],"author":[{"embeddable":true,"href":"https:\/\/archiviogioia.lavocedelpaese.info\/index.php?rest_route=\/wp\/v2\/users\/1"}],"replies":[{"embeddable":true,"href":"https:\/\/archiviogioia.lavocedelpaese.info\/index.php?rest_route=%2Fwp%2Fv2%2Fcomments&post=57380"}],"version-history":[{"count":0,"href":"https:\/\/archiviogioia.lavocedelpaese.info\/index.php?rest_route=\/wp\/v2\/posts\/57380\/revisions"}],"wp:attachment":[{"href":"https:\/\/archiviogioia.lavocedelpaese.info\/index.php?rest_route=%2Fwp%2Fv2%2Fmedia&parent=57380"}],"wp:term":[{"taxonomy":"category","embeddable":true,"href":"https:\/\/archiviogioia.lavocedelpaese.info\/index.php?rest_route=%2Fwp%2Fv2%2Fcategories&post=57380"},{"taxonomy":"post_tag","embeddable":true,"href":"https:\/\/archiviogioia.lavocedelpaese.info\/index.php?rest_route=%2Fwp%2Fv2%2Ftags&post=57380"}],"curies":[{"name":"wp","href":"https:\/\/api.w.org\/{rel}","templated":true}]}}