{"id":57530,"date":"2018-01-08T08:43:00","date_gmt":"2018-01-08T08:43:00","guid":{"rendered":"https:\/\/archiviogioia.lavocedelpaese.info\/?p=57530"},"modified":"2018-01-08T08:43:00","modified_gmt":"2018-01-08T08:43:00","slug":"una-notte-per-tutto-lanno-la-metamorfosi-del-liceo-classico","status":"publish","type":"post","link":"https:\/\/archiviogioia.lavocedelpaese.info\/?p=57530","title":{"rendered":"Una Notte per tutto l\u2019anno. La metamorfosi del Liceo Classico"},"content":{"rendered":"<p><a title=\"liceo classico gioia del colle\" href=\"https:\/\/www.flickr.com\/photos\/91470992@N02\/38865351464\" data-flickr-embed=\"true\"><img loading=\"lazy\" decoding=\"async\" style=\"display: block; margin-left: auto; margin-right: auto;\" src=\"https:\/\/farm5.staticflickr.com\/4642\/38865351464_4cb1174dd2_o.jpg\" alt=\"liceo classico gioia del colle\" width=\"320\" height=\"240\" \/><\/a><\/p>\n<p><!--more--><\/p>\n<p style=\"text-align: justify;\"><a title=\"notte-liceo-classico-2018\" href=\"https:\/\/www.flickr.com\/photos\/91470992@N02\/24706346907\/in\/dateposted-public\/\" data-flickr-embed=\"true\"><img loading=\"lazy\" decoding=\"async\" style=\"margin: 4px; float: left;\" src=\"https:\/\/farm5.staticflickr.com\/4692\/24706346907_cc65d09ba5_o.jpg\" alt=\"notte-liceo-classico-2018\" width=\"400\" height=\"544\" \/><\/a>Il 12 gennaio 2018 <strong>in<\/strong> <strong>pi\u00f9 di 400 Licei Classici italiani<\/strong>, tra cui il \u201cVirgilio Marone\u201d di Gioia del Colle, <strong>si<\/strong> <strong>svolger\u00e0 la Notte Nazionale del Liceo Classico<\/strong>, un evento nato dall\u2019idea del collega del Classico di Catania, prof. Rocco Schembra. Lungi dall\u2019essere una sterile vetrina degli studi classici, la manifestazione ha l\u2019intento di diffondere la validit\u00e0 e l\u2019utilit\u00e0 degli studi classici nella contemporaneit\u00e0, aprendo le mura scolastiche al territorio e mostrando ci\u00f2 che gli studenti del Classico sanno \u201cfare\u201d.<\/p>\n<p style=\"text-align: justify;\"><strong>La metamorfosi dello studente che frequenta il Liceo Classico \u00e8 avvenuta <\/strong>gi\u00e0 da molto tempo ma parecchi ancora si ostinano a pensare al \u201csecchione\u201d del Classico, come a un ragazzo indefesso chino sui libri a tradurre interminate versioni dal latino e dal greco. Quando i visitatori assistono alle esibizioni canore, di reading poetici o teatrali rimangono stupiti per la versatilit\u00e0, la flessibilit\u00e0 intellettuale e l\u2019eclitticit\u00e0 degli studenti. Mai si sarebbero aspettati una reinterpretazione cos\u00ec originale e autenticamente vissuta di argomenti, a torto, percepiti come paludati e mummificati nel tempo! Mettere in scena e rappresentare segmenti di una Storia, di cui noi siamo parte integrante e ancora attiva, per comunicare il concetto che il Liceo Classico vive ancora oggi e appartiene alle persone che fanno della cultura e dell\u2019umanit\u00e0 il proprio fondamento per essere uomini e donne liberi e pensanti potrebbe essere inteso da coloro che sono mossi da pregiudizi contro gli studi classici come un patetico teatrino messo su da guitti replicanti stanchi e sfiduciati.<\/p>\n<p style=\"text-align: justify;\"><strong>Eppure basterebbe essere semplicemente se stessi<\/strong>, consapevoli di essere greci e latini nelle espressioni linguistiche, nei gesti e nei comportamenti e ogni scheggia del mosaico della Storia avrebbe la sua collocazione e il suo senso di piena conoscenza. Quella conoscenza fondata sul \u03bb\u1f79\u03b3\u03bf\u03c2, parola, ragione e storia, che afferma la sostanza di essere uomini. Il \u03bb\u1f79\u03b3\u03bf\u03c2 invenzione dei Greci e patrimonio di tutta l\u2019umanit\u00e0.<\/p>\n<p style=\"text-align: justify;\"><strong>Ci ricordiamo, forse, di essere uomini solo per un giorno all\u2019anno?<\/strong> Sarebbe sconfortante per il futuro dell\u2019umanit\u00e0 rinunciare a una piccola e quotidiana rivoluzione che diffonde le idee e le storie ( tutte parole derivanti dal greco!) intorno alla cultura, che ha fondato l\u2019Occidente, nella prospettiva di costituire una comunit\u00e0 viva di persone che credono nel latino e nel greco quali strumenti di crescita collettiva e palestra per menti aperte e vigili. Eppure nel XXI secolo accade che i nipoti dei Greci e dei Romani abbiano sprezzantemente reciso i legami con quegli avi scomodi e in distonia con i tempi odierni, attraversati dalle leggi economiche del mero profitto e condizionati dalle Sirene tecnologiche; i nipoti italiani hanno considerato il passato non pi\u00f9 in grado di offrire conoscenze, risorse e sapere per il presente ma il passato, reso atrofizzato da esclusivi respiri di modernismo, \u00e8 stato relegato in un misero cantuccio impolverato.<\/p>\n<p style=\"text-align: justify;\"><strong>Concetti come utilit\u00e0 degli studi, spendibilit\u00e0 sul mercato<\/strong>, venti di apertura ai sistemi scolastici europei non solo ha messo piede in Italia ma vuole anche spazzare via la tradizione classica e l\u2019identit\u00e0 culturale di un Paese a cui, erroneamente, per aprirsi alla modernit\u00e0 si sta chiedendo di rinunciare alla base portante della propria identit\u00e0 antropologica prima che culturale.<\/p>\n<p style=\"text-align: justify;\"><strong>Furori tecnologici di oggi contro uno ieri <\/strong>costituito da citazioni dotte tratte dalle opere latine e greche? <strong>Battaglie ideologiche<\/strong> tra una visione scientifica e una memorizzazione fine a se stessa?<\/p>\n<p style=\"text-align: justify;\"><strong>Non \u00e8 una lotta che esclude<\/strong>, per come la intendo io, <strong>\u00e8 una battaglia civile e culturale che include il passato e il presente<\/strong>, che fa rivivere il passato alla luce delle inquietudini e delle problematiche di oggi, che non chiude gli occhi di fronte alla realt\u00e0, ma ne coglie tutti i lati, specie quelli occultati e resi sotterranei da uno sguardo acritico. <strong>\u00c8 l\u2019innovazione che sceglie di unirsi alla tradizione<\/strong> per non rendere questo Paese completamente smemorato di s\u00e9 e delle sue radici. Ecco perch\u00e9 non \u00e8 solo una Notte ma un anno intero a palesare il giacimento di ricchezze che gli studi classici permettono di raggiungere e di possedere.<\/p>\n<p style=\"text-align: justify;\"><strong>Chi non lo riconosce \u00e8 come il dio Pluto cieco davanti alla realt\u00e0 polimorfa<\/strong>, che chiede di essere vissuta e compresa nella sua complessit\u00e0.<\/p>\n<p>&nbsp;<\/p>\n","protected":false},"excerpt":{"rendered":"","protected":false},"author":1,"featured_media":0,"comment_status":"open","ping_status":"closed","sticky":false,"template":"","format":"standard","meta":{"colormag_page_container_layout":"default_layout","colormag_page_sidebar_layout":"default_layout","footnotes":""},"categories":[7],"tags":[],"class_list":["post-57530","post","type-post","status-publish","format-standard","hentry","category-attualita"],"_links":{"self":[{"href":"https:\/\/archiviogioia.lavocedelpaese.info\/index.php?rest_route=\/wp\/v2\/posts\/57530","targetHints":{"allow":["GET"]}}],"collection":[{"href":"https:\/\/archiviogioia.lavocedelpaese.info\/index.php?rest_route=\/wp\/v2\/posts"}],"about":[{"href":"https:\/\/archiviogioia.lavocedelpaese.info\/index.php?rest_route=\/wp\/v2\/types\/post"}],"author":[{"embeddable":true,"href":"https:\/\/archiviogioia.lavocedelpaese.info\/index.php?rest_route=\/wp\/v2\/users\/1"}],"replies":[{"embeddable":true,"href":"https:\/\/archiviogioia.lavocedelpaese.info\/index.php?rest_route=%2Fwp%2Fv2%2Fcomments&post=57530"}],"version-history":[{"count":0,"href":"https:\/\/archiviogioia.lavocedelpaese.info\/index.php?rest_route=\/wp\/v2\/posts\/57530\/revisions"}],"wp:attachment":[{"href":"https:\/\/archiviogioia.lavocedelpaese.info\/index.php?rest_route=%2Fwp%2Fv2%2Fmedia&parent=57530"}],"wp:term":[{"taxonomy":"category","embeddable":true,"href":"https:\/\/archiviogioia.lavocedelpaese.info\/index.php?rest_route=%2Fwp%2Fv2%2Fcategories&post=57530"},{"taxonomy":"post_tag","embeddable":true,"href":"https:\/\/archiviogioia.lavocedelpaese.info\/index.php?rest_route=%2Fwp%2Fv2%2Ftags&post=57530"}],"curies":[{"name":"wp","href":"https:\/\/api.w.org\/{rel}","templated":true}]}}