{"id":57741,"date":"2018-02-06T06:53:15","date_gmt":"2018-02-06T06:53:15","guid":{"rendered":"https:\/\/archiviogioia.lavocedelpaese.info\/?p=57741"},"modified":"2018-02-06T06:53:15","modified_gmt":"2018-02-06T06:53:15","slug":"neri-marcore-al-rossini-con-quello-che-non-ho","status":"publish","type":"post","link":"https:\/\/archiviogioia.lavocedelpaese.info\/?p=57741","title":{"rendered":"NERI MARCOR\u00c8 AL ROSSINI CON \u201cQUELLO CHE NON HO\u201d"},"content":{"rendered":"<p><a title=\"neri marcor\u00e8\" href=\"https:\/\/www.flickr.com\/photos\/91470992@N02\/26240257098\" data-flickr-embed=\"true\"><img loading=\"lazy\" decoding=\"async\" style=\"display: block; margin-left: auto; margin-right: auto;\" src=\"https:\/\/farm5.staticflickr.com\/4745\/26240257098_267c7cbc18_o.jpg\" alt=\"neri marcor\u00e8\" width=\"320\" height=\"240\" \/><\/a><\/p>\n<p><!--more--><\/p>\n<p style=\"margin-bottom: 0.0001pt; line-height: normal; text-align: justify;\"><a title=\"neri marcor\u00e8\" href=\"https:\/\/www.flickr.com\/photos\/91470992@N02\/40081587972\/in\/photostream\/\" data-flickr-embed=\"true\"><img loading=\"lazy\" decoding=\"async\" style=\"margin: 4px; float: left;\" src=\"https:\/\/farm5.staticflickr.com\/4760\/40081587972_441fa6f68c.jpg\" alt=\"neri marcor\u00e8\" width=\"400\" height=\"222\" \/><\/a> <span>\u201cIn scena questa sera, marted\u00ec 6 febbraio, al Rossini dalle ore 21, \u201c<strong>Quello che non ho\u201d di Neri<\/strong> <strong>Marcor\u00e8<\/strong>, un affresco teatrale che, utilizzando la forma del teatro canzone, cerca di interrogarsi sulla nostra epoca, in precario equilibrio &nbsp;tra ansia del presente e speranza nel futuro. Ispirazione principale di questo percorso sono le canzoni di De Andr\u00e8 (in particolare del concept album Le nuvole) e le visioni lucide e beffarde di Pier Paolo Pasolini, apocalittiche, visionarie profezie (contenute nel poema filmico La rabbia) che raccontano di una \u201cnuova orrenda preistoria\u201d, che sta minando politicamente ed eticamente la societ\u00e0 contemporanea.<\/span><\/p>\n<p style=\"margin-bottom: 0.0001pt; line-height: normal; text-align: justify;\"><span>\u201cCome pu\u00f2 un artista, un intellettuale, raccontare a chi non l\u2019ha vissuto, cosa \u00e8 stato<\/span><a title=\"neri marcor\u00e8\" href=\"https:\/\/www.flickr.com\/photos\/91470992@N02\/39215088605\/in\/photostream\/\" data-flickr-embed=\"true\"><img loading=\"lazy\" decoding=\"async\" style=\"margin: 4px; float: right;\" src=\"https:\/\/farm5.staticflickr.com\/4713\/39215088605_8d4cc92d54.jpg\" alt=\"neri marcor\u00e8\" width=\"350\" height=\"316\" \/><\/a><span> il nostro tempo?\u201d Una volta chiesero a un direttore d\u2019orchestra, Furtwangler: \u201cQuanto dura il concerto di Mozart che lei diriger\u00e0 stasera?\u201d E il direttore rispose: \u201cPer lei dura quarantadue minuti, per chi ama la musica dura da 300 anni\u201d.<\/span><\/p>\n<p style=\"margin-bottom: 0.0001pt; line-height: normal; text-align: justify;\"><span>uno spettacolo di musica e parola, di leggera ironia e di verit\u00e0 non sempre note o spesso poco <\/span><span>narrate. Lo spettacolo si costruisce su un percorso giornalistico ed intellettuale, tra il Pier Paolo Pasolini degli Scritti Corsari e della Rabbia e il Fabrizio De Andr\u00e8 delle sue poesie musicali, entrambi profeti ai loro tempi e oggi quanto mai attuali. \u00c8 questo il punto di contatto, la nota che accomuna i due artisti-intellettuali del secolo scorso e Neri Marcor\u00e8 sembra averlo capito bene e tenta sulla scena di costruire un filo a doppia mandata che colleghi i due intellettuali alla nostra attualit\u00e0. Sono le parole vibranti, dette e musicate che propongono una possibile interpretazione e spiegazione dell\u2019oggi.<\/span><\/p>\n<p style=\"margin-bottom: 0.0001pt; line-height: normal; text-align: justify;\"><strong><span>Per informazioni<\/span><\/strong><span>: <\/span><span>Teatro Comunale Rossini tel. 080.3484453 <a href=\"mailto:teatrorossinigioia@gmail.com\">teatrorossinigioia@gmail.com<\/a>\u201d.<\/span><\/p>\n<p>&nbsp;<\/p>\n","protected":false},"excerpt":{"rendered":"","protected":false},"author":1,"featured_media":0,"comment_status":"open","ping_status":"closed","sticky":false,"template":"","format":"standard","meta":{"colormag_page_container_layout":"default_layout","colormag_page_sidebar_layout":"default_layout","footnotes":""},"categories":[7],"tags":[],"class_list":["post-57741","post","type-post","status-publish","format-standard","hentry","category-attualita"],"_links":{"self":[{"href":"https:\/\/archiviogioia.lavocedelpaese.info\/index.php?rest_route=\/wp\/v2\/posts\/57741","targetHints":{"allow":["GET"]}}],"collection":[{"href":"https:\/\/archiviogioia.lavocedelpaese.info\/index.php?rest_route=\/wp\/v2\/posts"}],"about":[{"href":"https:\/\/archiviogioia.lavocedelpaese.info\/index.php?rest_route=\/wp\/v2\/types\/post"}],"author":[{"embeddable":true,"href":"https:\/\/archiviogioia.lavocedelpaese.info\/index.php?rest_route=\/wp\/v2\/users\/1"}],"replies":[{"embeddable":true,"href":"https:\/\/archiviogioia.lavocedelpaese.info\/index.php?rest_route=%2Fwp%2Fv2%2Fcomments&post=57741"}],"version-history":[{"count":0,"href":"https:\/\/archiviogioia.lavocedelpaese.info\/index.php?rest_route=\/wp\/v2\/posts\/57741\/revisions"}],"wp:attachment":[{"href":"https:\/\/archiviogioia.lavocedelpaese.info\/index.php?rest_route=%2Fwp%2Fv2%2Fmedia&parent=57741"}],"wp:term":[{"taxonomy":"category","embeddable":true,"href":"https:\/\/archiviogioia.lavocedelpaese.info\/index.php?rest_route=%2Fwp%2Fv2%2Fcategories&post=57741"},{"taxonomy":"post_tag","embeddable":true,"href":"https:\/\/archiviogioia.lavocedelpaese.info\/index.php?rest_route=%2Fwp%2Fv2%2Ftags&post=57741"}],"curies":[{"name":"wp","href":"https:\/\/api.w.org\/{rel}","templated":true}]}}