{"id":57771,"date":"2018-02-07T07:19:35","date_gmt":"2018-02-07T07:19:35","guid":{"rendered":"https:\/\/archiviogioia.lavocedelpaese.info\/?p=57771"},"modified":"2018-02-07T07:19:35","modified_gmt":"2018-02-07T07:19:35","slug":"giornata-mondiale-della-lingua-greca-al-classico-2","status":"publish","type":"post","link":"https:\/\/archiviogioia.lavocedelpaese.info\/?p=57771","title":{"rendered":"GIORNATA MONDIALE DELLA LINGUA GRECA AL CLASSICO"},"content":{"rendered":"<p><a title=\"Locandina_GMLG\" href=\"https:\/\/www.flickr.com\/photos\/91470992@N02\/39421727574\/in\/dateposted-public\/\" data-flickr-embed=\"true\"><img loading=\"lazy\" decoding=\"async\" style=\"display: block; margin-left: auto; margin-right: auto;\" src=\"https:\/\/farm5.staticflickr.com\/4656\/39421727574_c591bdf503_z.jpg\" alt=\"Locandina_GMLG\" width=\"320\" height=\"240\" \/><\/a><\/p>\n<p><!--more--><\/p>\n<p style=\"margin-bottom: 0.0001pt; text-align: justify; line-height: normal;\"><a title=\"27783562_2512538102305120_299792785_n\" href=\"https:\/\/www.flickr.com\/photos\/91470992@N02\/26259714088\/in\/dateposted-public\/\" data-flickr-embed=\"true\"><img loading=\"lazy\" decoding=\"async\" style=\"margin: 4px; float: left;\" src=\"https:\/\/farm5.staticflickr.com\/4695\/26259714088_3156e6f5bf_z.jpg\" alt=\"27783562_2512538102305120_299792785_n\" width=\"400\" height=\"300\" \/><\/a><span>\u201c<strong>Venerd\u00ec 9 febbraio<\/strong> \u00e8 la Giornata mondiale della lingua greca, voluta fortemente dal governo greco per esprimere a tutto il mondo il contributo imprescindibile dell\u2019idioma ellenico nella formazione della cultura occidentale. <strong>Il<\/strong> <strong>tema della Giornata \u00e8 \u201cLe parole dei Greci\u201d<\/strong>, che si presta a essere declinato in modalit\u00e0 diverse nei Licei classici italiani. \u00c8 una <strong>preziosa occasione per comunicare e valorizzare<\/strong> <strong>i legami del mondo contemporaneo con la cultura greca antica<\/strong>. Nel Liceo in cui insegno, a Gioia del Colle, ogni classe \u00e8 stata invitata a riflettere e a scegliere una parola greca in cui si riconosce ed esporla sul limitare dell\u2019aula. E\u2019 un gioco che invita a fermarsi e a porsi fuori dal brusio indecente della modernit\u00e0 per entrare in sintonia con i Greci e scoprire tutto un mondo di parole, che dal greco sono passate nel vocabolario italiano. C\u2019\u00e8 chi si identifica nel \u03b8\u1f73\u03b1\u03c4\u03c1\u03bf\u03bd dal verbo \u03b8\u03b5\u1f71\u03bf\u03bc\u03b1\u03b9, \u201cio guardo, osservo\u201d, il teatro, che \u00e8 nato in Grecia. Fare teatro implica un atto perentorio di cambiamento di stato, di \u03bc\u03b5\u03c4\u1f71\u03c3\u03c4\u03b1\u03c3\u03b9\u03c2 che pu\u00f2, se si vuole accettare questa rivoluzione, dirigere il senso della propria vita. Altri, magari cinefili, sceglieranno il <\/span><span>cinema, parola che deriva dal greco, \u03ba\u1f77\u03bd\u03b7\u03bc\u03b1 \u00e8 il movimento, il verbo \u03ba\u03b9\u03bd\u1f73\u03c9 indica il mettere in moto. Agli inizi del Novecento il critico Ricciotto Canudo, nato a Gioia del Colle, defin\u00ec il cinema la \u201csettima arte\u201d, un\u2019arte in grado di scatenare l\u2019immaginazione degli uomini unendo l\u2019estensione dello spazio e del tempo, la magia delle immagini con le suggestioni attinte, poi, dalla musica e dalla parola. Una sintesi mirabile che continua ancora nel presente a offrire emozioni fortissime. <\/span><\/p>\n<p style=\"margin: 0cm 0cm 0.0001pt; text-align: justify;\">Si vorrebbe vivere nell\u2019estasi dell\u2019entusiasmo e tocca assaporarla, anche se per poco ed estasi proviene dal greco \u1f14\u03ba\u03c3\u03c4\u03b1\u03c3\u03b9\u03c2 e indica l\u2019azione dell\u2019uscire fuori di s\u00e9 tipico della sfera magica. Un movimento irrazionale che esalta la propensione umana a esplorare zone altre dal s\u00e9 usuale e quotidiano. Anche la parola entusiasmo \u00e8 di origine greca \u1f10\u03bd \u03b8\u03b5\u1f79\u03c2, rivela una condizione straordinaria in cui il dio abita nell\u2019uomo e lo colma di un\u2019ebbrezza contagiante.<\/p>\n<p style=\"margin-bottom: 0.0001pt; text-align: justify; line-height: normal;\"><strong><span>Le parole quando sono usate dai Poeti rimangono per sempre<\/span><\/strong><span>; dopo millenni Omero, Esiodo, Sofocle ed Euripide vengono letti e ammirati perch\u00e9 parlano al cuore e alla mente di ogni uomo civile e sensibile. La dimensione di uomo che faccia i conti con i suoi molteplici aspetti di bene e male insiti in ognuno la letteratura greca per prima ne ha rappresentato una galleria variegata. Per raffigurare la condizione dell\u2019uomo, che i Greci hanno colto in ogni sfumatura, ho scelto i versi del sommo Pindaro della Pitica VIII:<\/span><\/p>\n<p style=\"margin-bottom: 0.0001pt; text-align: center; line-height: normal;\" align=\"center\"><span>Esseri della durata d&#8217;un giorno. Che cosa siamo? Che cosa non siamo?<\/span><\/p>\n<div style=\"margin-bottom: 0.0001pt; text-align: center; line-height: normal;\" align=\"center\"><span>Sogno d&#8217; un&#8217;ombra l&#8217;uomo: ma quando un bagliore divino ci giunga<\/span><\/div>\n<div style=\"margin-bottom: 0.0001pt; text-align: center; line-height: normal;\" align=\"center\"><span>fulgido risplende sugli uomini il lume e dolce \u00e8 la vita.<\/span><\/div>\n<p style=\"margin-bottom: 0.0001pt; text-align: justify; line-height: normal;\"><span>Sono versi che illuminano con sapienza e acume ricordandoci che siamo sogno di un\u2019ombra\u201d.<\/span><\/p>\n<p><br style=\"font-size: 12pt; font-family: 'Times New Roman', 'serif';\" \/><\/p>\n<p>&nbsp;<\/p>\n","protected":false},"excerpt":{"rendered":"","protected":false},"author":1,"featured_media":0,"comment_status":"open","ping_status":"closed","sticky":false,"template":"","format":"standard","meta":{"colormag_page_container_layout":"default_layout","colormag_page_sidebar_layout":"default_layout","footnotes":""},"categories":[7],"tags":[],"class_list":["post-57771","post","type-post","status-publish","format-standard","hentry","category-attualita"],"_links":{"self":[{"href":"https:\/\/archiviogioia.lavocedelpaese.info\/index.php?rest_route=\/wp\/v2\/posts\/57771","targetHints":{"allow":["GET"]}}],"collection":[{"href":"https:\/\/archiviogioia.lavocedelpaese.info\/index.php?rest_route=\/wp\/v2\/posts"}],"about":[{"href":"https:\/\/archiviogioia.lavocedelpaese.info\/index.php?rest_route=\/wp\/v2\/types\/post"}],"author":[{"embeddable":true,"href":"https:\/\/archiviogioia.lavocedelpaese.info\/index.php?rest_route=\/wp\/v2\/users\/1"}],"replies":[{"embeddable":true,"href":"https:\/\/archiviogioia.lavocedelpaese.info\/index.php?rest_route=%2Fwp%2Fv2%2Fcomments&post=57771"}],"version-history":[{"count":0,"href":"https:\/\/archiviogioia.lavocedelpaese.info\/index.php?rest_route=\/wp\/v2\/posts\/57771\/revisions"}],"wp:attachment":[{"href":"https:\/\/archiviogioia.lavocedelpaese.info\/index.php?rest_route=%2Fwp%2Fv2%2Fmedia&parent=57771"}],"wp:term":[{"taxonomy":"category","embeddable":true,"href":"https:\/\/archiviogioia.lavocedelpaese.info\/index.php?rest_route=%2Fwp%2Fv2%2Fcategories&post=57771"},{"taxonomy":"post_tag","embeddable":true,"href":"https:\/\/archiviogioia.lavocedelpaese.info\/index.php?rest_route=%2Fwp%2Fv2%2Ftags&post=57771"}],"curies":[{"name":"wp","href":"https:\/\/api.w.org\/{rel}","templated":true}]}}