{"id":58053,"date":"2018-03-12T11:44:25","date_gmt":"2018-03-12T11:44:25","guid":{"rendered":"https:\/\/archiviogioia.lavocedelpaese.info\/?p=58053"},"modified":"2018-03-12T11:44:25","modified_gmt":"2018-03-12T11:44:25","slug":"la-notte-dei-falo-il-quartiere-rinascita-fa-lo-slam-2","status":"publish","type":"post","link":"https:\/\/archiviogioia.lavocedelpaese.info\/?p=58053","title":{"rendered":"\u201cLa notte dei Fal\u00f2\u201d. Il quartiere \u201cRINASCITA FA-LO SLAM\u201d"},"content":{"rendered":"<p><a title=\"fal\u00f2 di san giuseppe\" href=\"https:\/\/www.flickr.com\/photos\/91470992@N02\/25273014974\/in\/dateposted-public\/\" data-flickr-embed=\"true\"><img loading=\"lazy\" decoding=\"async\" style=\"display: block; margin-left: auto; margin-right: auto;\" src=\"https:\/\/farm2.staticflickr.com\/1568\/25273014974_f058592c08_o.jpg\" alt=\"fal\u00f2 di san giuseppe\" width=\"320\" height=\"240\" \/><\/a><\/p>\n<p><!--more--><\/p>\n<p style=\"text-align: justify;\"><a title=\"fal\u00f2 san giuseppe\" href=\"https:\/\/www.flickr.com\/photos\/91470992@N02\/40775243631\/in\/dateposted-public\/\" data-flickr-embed=\"true\"><img loading=\"lazy\" decoding=\"async\" style=\"margin: 4px; float: left;\" src=\"https:\/\/farm5.staticflickr.com\/4776\/40775243631_4d42604ece_z.jpg\" alt=\"fal\u00f2 san giuseppe\" width=\"400\" height=\"283\" \/><\/a> \u201c<strong>19 marzo: festa del pap\u00e0 e di San Giuseppe<\/strong>. Il <strong>Comitato di Quartiere Rinascita<\/strong> illuminer\u00e0 questa magica notte <strong>con il suo fal\u00f2<\/strong> circondato da laboratori per bambini, <strong>salti nella tradizione popolare<\/strong> gioiese intervallati da <strong>musica, balli e giochi, book sharing, ristoro<\/strong> a base di ceci fritti, taralli e vino e poi&#8230;una grande novit\u00e0. <strong>Per<\/strong> <strong>la prima volta a Gioia del Colle il POETRY SLAM<\/strong>, una gara tra giovani poeti che si sfideranno a colpi di versi poetici..Uno slancio culturale molto elevato che il nostro quartiere accoglie con orgoglio. <strong>Vi attendiamo numerosi<\/strong>.<\/p>\n<p style=\"text-align: justify;\"><strong>Una sfida, otto poeti. Tre minuti a testa<\/strong>, testi propri, solo corpo e voce. Il migliore lo decreta il pubblico.<\/p>\n<p style=\"text-align: justify;\">I versi saltano fuori dalla carta e si fanno vivi e vibranti, in un gioco a punti in cui &#8220;<strong>Il punto non sono i punti, il punto \u00e8 la poesia!<\/strong>&#8220;<\/p>\n<p style=\"text-align: justify;\"><strong>All&#8217;interno de<\/strong> \u201c<strong>La notte del fal\u00f2<\/strong>\u201d, che avr\u00e0 inizio alle 19:00, ci si ritrova per il <strong>primo Poetry Slam di Gioia del Colle<\/strong>. Saranno pi\u00f9 calde le fiamme, il pubblico o i versi dei poeti in gara?<\/p>\n<p style=\"text-align: justify;\">Valido per il Campionato LIPS &#8211; Lega Italiana Poetry Slam 2017\/2018.<\/p>\n<p style=\"text-align: justify;\">Ma <strong>che cos&#8217;\u00e8 un Poetry Slam, e come funziona?<\/strong><a title=\"fal\u00f2 san giuseppe\" href=\"https:\/\/www.flickr.com\/photos\/91470992@N02\/40065719074\/in\/dateposted-public\/\" data-flickr-embed=\"true\"><img loading=\"lazy\" decoding=\"async\" style=\"margin: 4px; float: right;\" src=\"https:\/\/farm5.staticflickr.com\/4802\/40065719074_9d1e5b7a99_z.jpg\" alt=\"fal\u00f2 san giuseppe\" width=\"400\" height=\"209\" \/><\/a><\/p>\n<p style=\"text-align: justify;\">Il Poetry Slam \u00e8 una gara in cui i poeti, sotto la direzione dell&#8217;MC (Master of Ceremony), si sfidano in pubblico leggendo\/recitando\/performando i propri versi in turni da tre minuti. \u00c8 il pubblico a deciderne le sorti: una giuria popolare composta da 5 giurati estratti a sorte voter\u00e0 con punteggi da 1 a 10, fino a decretare un vincitore, il quale acceder\u00e0 di diritto alle finali Sud del Campionato LIPS 2017\/2018, e per il quale \u00e8 previsto un premio simbolico.<\/p>\n<p style=\"text-align: justify;\"><strong>Per l&#8217;intero Regolamento italiano<\/strong> del Poetry Slam, si veda <a href=\"https:\/\/l.facebook.com\/l.php?u=http%3A%2F%2Fwww.lipslam.it%2F&amp;h=ATOV74f1hFFL8GDYBroJwL8bBsayNgZAQ2A9AovDqyfx0FQM1UYtz4BdT_1l5bv11vsxsjXshn1gYy4ZdBu57tOsec27bPivVxdddg9huiA1bQZfWgZJ\" target=\"_blank\" rel=\"noopener\">www.lipslam.it<\/a><\/p>\n<p style=\"text-align: justify;\"><strong>La partecipazione \u00e8 libera e gratuita<\/strong>. \u00c8 sufficiente mandare una e-mail con nome e cognome, eventuale nome d&#8217;arte, numero di telefono e una foto, a <a href=\"mailto:alberto.santoro92@gmail.com\">alberto.santoro92@gmail.com<\/a> (Alberto) con oggetto &#8220;Rinascita fa-lo SLAM 2018&#8221;, a partire dalle 13.00 di domani marted\u00ec 13 marzo. Le iscrizioni si chiuderanno sabato 17 marzo alle 14.00, o prima, se si raggiunge il numero di partecipanti. <strong>Non c&#8217;\u00e8 selezione: i primi otto ad iscriversi saranno gli 8 poeti in gara<\/strong>\u201d.<\/p>\n<p style=\"text-align: right;\"><strong>Comitato di Quartiere Rinascita<span style=\"font-size: 12pt; font-family: 'Times New Roman', 'serif';\"><\/span><\/strong><\/p>\n","protected":false},"excerpt":{"rendered":"","protected":false},"author":1,"featured_media":0,"comment_status":"open","ping_status":"closed","sticky":false,"template":"","format":"standard","meta":{"colormag_page_container_layout":"default_layout","colormag_page_sidebar_layout":"default_layout","footnotes":""},"categories":[7],"tags":[],"class_list":["post-58053","post","type-post","status-publish","format-standard","hentry","category-attualita"],"_links":{"self":[{"href":"https:\/\/archiviogioia.lavocedelpaese.info\/index.php?rest_route=\/wp\/v2\/posts\/58053","targetHints":{"allow":["GET"]}}],"collection":[{"href":"https:\/\/archiviogioia.lavocedelpaese.info\/index.php?rest_route=\/wp\/v2\/posts"}],"about":[{"href":"https:\/\/archiviogioia.lavocedelpaese.info\/index.php?rest_route=\/wp\/v2\/types\/post"}],"author":[{"embeddable":true,"href":"https:\/\/archiviogioia.lavocedelpaese.info\/index.php?rest_route=\/wp\/v2\/users\/1"}],"replies":[{"embeddable":true,"href":"https:\/\/archiviogioia.lavocedelpaese.info\/index.php?rest_route=%2Fwp%2Fv2%2Fcomments&post=58053"}],"version-history":[{"count":0,"href":"https:\/\/archiviogioia.lavocedelpaese.info\/index.php?rest_route=\/wp\/v2\/posts\/58053\/revisions"}],"wp:attachment":[{"href":"https:\/\/archiviogioia.lavocedelpaese.info\/index.php?rest_route=%2Fwp%2Fv2%2Fmedia&parent=58053"}],"wp:term":[{"taxonomy":"category","embeddable":true,"href":"https:\/\/archiviogioia.lavocedelpaese.info\/index.php?rest_route=%2Fwp%2Fv2%2Fcategories&post=58053"},{"taxonomy":"post_tag","embeddable":true,"href":"https:\/\/archiviogioia.lavocedelpaese.info\/index.php?rest_route=%2Fwp%2Fv2%2Ftags&post=58053"}],"curies":[{"name":"wp","href":"https:\/\/api.w.org\/{rel}","templated":true}]}}