{"id":58090,"date":"2018-03-16T01:16:27","date_gmt":"2018-03-16T01:16:27","guid":{"rendered":"https:\/\/archiviogioia.lavocedelpaese.info\/?p=58090"},"modified":"2018-03-16T01:16:27","modified_gmt":"2018-03-16T01:16:27","slug":"via-crucis-cittadina-vi-ho-chiamato-amici","status":"publish","type":"post","link":"https:\/\/archiviogioia.lavocedelpaese.info\/?p=58090","title":{"rendered":"VIA CRUCIS CITTADINA \u201cVI HO CHIAMATO AMICI\u201d"},"content":{"rendered":"<p><a title=\"via crucis cittadina\" href=\"https:\/\/www.flickr.com\/photos\/91470992@N02\/39939812435\" data-flickr-embed=\"true\"><img loading=\"lazy\" decoding=\"async\" style=\"display: block; margin-left: auto; margin-right: auto;\" src=\"https:\/\/farm5.staticflickr.com\/4788\/39939812435_f8c60f1527_o.jpg\" alt=\"via crucis cittadina\" width=\"320\" height=\"240\" \/><\/a><\/p>\n<p><!--more--><\/p>\n<p style=\"text-align: justify;\"><a title=\"via crucis cittadina\" href=\"https:\/\/www.flickr.com\/photos\/91470992@N02\/26964331858\/in\/photostream\/\" data-flickr-embed=\"true\"><img loading=\"lazy\" decoding=\"async\" style=\"margin: 4px; float: left;\" src=\"https:\/\/farm1.staticflickr.com\/809\/26964331858_09ea00338d.jpg\" alt=\"via crucis cittadina\" width=\"354\" height=\"500\" \/><\/a><span>\u201cQuesta sera, venerd\u00ec 16 marzo, ore 19:30, <strong>con partenza dal Piazza Cinecitt\u00e0<\/strong>, si svolger\u00e0 la <strong>Via Crucis cittadina \u201cVi ho chiamato amici\u201d<\/strong>, organizzata da Missione Giovani di Gioia del Colle.<\/span><\/p>\n<p style=\"text-align: justify;\"><span>Via Crucis cittadina <strong>con le meditazioni dei giovani della diocesi di Bari-Bitonto<\/strong> a cura del Servizio diocesano per la Pastorale Giovanile. Nel ripercorrere la Passione, morte e risurrezione di Ges\u00f9 attraverso la Via Crucis, vogliamo lasciarci accompagnare dalla voce e dal cuore di quattordici giovani che danno voce all\u2019intera comunit\u00e0, la quale si mette dietro Cristo in cammino verso la Croce e con Lui, nostro Fratello, scopre di essere comunit\u00e0 di discepoli amati. Ad ogni stazione \u00e8 stata associata una \u201cparola\u201d tratta dalla vita quotidiana degli uomini e delle donne, portatrice di senso e di bellezza. I giovani non ci \u201cparlano\u201d solo di loro stessi e dei loro sogni e speranze o delle loro disillusioni e delusioni, ma ci aiutano a guardare alla storia con occhi \u201cinnamorati\u201d capaci di destare anche negli adulti il desiderio di continuare a sognare e soprattutto di \u201cnarrare\u201d la loro vita altrettanto carica di esperienza e di amore\u201d.<\/span><\/p>\n<p style=\"text-align: right;\" align=\"right\"><span><strong>Missione Giovani 2016<\/strong><\/span><\/p>\n<p>&nbsp;<\/p>\n","protected":false},"excerpt":{"rendered":"","protected":false},"author":1,"featured_media":0,"comment_status":"open","ping_status":"closed","sticky":false,"template":"","format":"standard","meta":{"colormag_page_container_layout":"default_layout","colormag_page_sidebar_layout":"default_layout","footnotes":""},"categories":[7],"tags":[],"class_list":["post-58090","post","type-post","status-publish","format-standard","hentry","category-attualita"],"_links":{"self":[{"href":"https:\/\/archiviogioia.lavocedelpaese.info\/index.php?rest_route=\/wp\/v2\/posts\/58090","targetHints":{"allow":["GET"]}}],"collection":[{"href":"https:\/\/archiviogioia.lavocedelpaese.info\/index.php?rest_route=\/wp\/v2\/posts"}],"about":[{"href":"https:\/\/archiviogioia.lavocedelpaese.info\/index.php?rest_route=\/wp\/v2\/types\/post"}],"author":[{"embeddable":true,"href":"https:\/\/archiviogioia.lavocedelpaese.info\/index.php?rest_route=\/wp\/v2\/users\/1"}],"replies":[{"embeddable":true,"href":"https:\/\/archiviogioia.lavocedelpaese.info\/index.php?rest_route=%2Fwp%2Fv2%2Fcomments&post=58090"}],"version-history":[{"count":0,"href":"https:\/\/archiviogioia.lavocedelpaese.info\/index.php?rest_route=\/wp\/v2\/posts\/58090\/revisions"}],"wp:attachment":[{"href":"https:\/\/archiviogioia.lavocedelpaese.info\/index.php?rest_route=%2Fwp%2Fv2%2Fmedia&parent=58090"}],"wp:term":[{"taxonomy":"category","embeddable":true,"href":"https:\/\/archiviogioia.lavocedelpaese.info\/index.php?rest_route=%2Fwp%2Fv2%2Fcategories&post=58090"},{"taxonomy":"post_tag","embeddable":true,"href":"https:\/\/archiviogioia.lavocedelpaese.info\/index.php?rest_route=%2Fwp%2Fv2%2Ftags&post=58090"}],"curies":[{"name":"wp","href":"https:\/\/api.w.org\/{rel}","templated":true}]}}