{"id":58493,"date":"2018-05-02T14:28:09","date_gmt":"2018-05-02T14:28:09","guid":{"rendered":"https:\/\/archiviogioia.lavocedelpaese.info\/?p=58493"},"modified":"2018-05-02T14:28:09","modified_gmt":"2018-05-02T14:28:09","slug":"medaglie-per-gioiaaritmica-al-campionato-regionale-promogym-2","status":"publish","type":"post","link":"https:\/\/archiviogioia.lavocedelpaese.info\/?p=58493","title":{"rendered":"Medaglie per Gioia&#038;Ritmica al Campionato Regionale Promogym"},"content":{"rendered":"<p style=\"text-align: justify;\"><a title=\"1\u00b0fascia\" href=\"https:\/\/www.flickr.com\/photos\/91470992@N02\/41851916161\" data-flickr-embed=\"true\" data-header=\"true\"><img loading=\"lazy\" decoding=\"async\" style=\"display: block; margin-left: auto; margin-right: auto;\" src=\"https:\/\/farm1.staticflickr.com\/956\/41851916161_d3d6d524f3_z.jpg\" alt=\"1\u00b0fascia\" width=\"320\" height=\"240\" \/><\/a><\/p>\n<p><!--more--><\/p>\n<p style=\"margin-bottom: 0.0001pt; line-height: normal; text-align: justify;\"><a title=\"3 \u00b0 fascia\" href=\"https:\/\/www.flickr.com\/photos\/91470992@N02\/27983326948\/in\/photostream\/\" data-flickr-embed=\"true\" data-header=\"true\"><img loading=\"lazy\" decoding=\"async\" style=\"margin: 4px; float: left;\" src=\"https:\/\/farm1.staticflickr.com\/911\/27983326948_2e36de212e.jpg\" alt=\"3 \u00b0 fascia\" width=\"400\" height=\"260\" \/><\/a><span>\u201cMartedi 1\u00b0 maggio, presso il Palalosito di Corato, si \u00e8 svolta la fase regionale del <strong>Campionato di Promogym<\/strong> della Federazione di Ginnastica Italiana.<\/span><\/p>\n<p style=\"margin-bottom: 0.0001pt; line-height: normal; text-align: justify;\"><span>L\u2019A.S.D. Gioia&amp;Ritmica ha partecipato alla gara di squadra, con una rappresentanza di 16 ginnaste gioiesi, iscritte in tre diverse fasce d\u2019et\u00e0 e tutte allenate dal tecnico federale ed ufficiale di gara <span><strong>Francesca<\/strong><\/span> <strong>Casoria<\/strong>.<\/span><\/p>\n<p style=\"margin-bottom: 0.0001pt; line-height: normal; text-align: justify;\"><span>In mattinata, si \u00e8 esibita la squadra della 3\u00b0 fascia d\u2019et\u00e0, composta da: <strong>Melissa Fiore, Rossella Ronco, Taisia Spada<\/strong> ed <strong>Alessandra Vernia<\/strong>.<\/span><\/p>\n<p style=\"margin-bottom: 0.0001pt; line-height: normal; text-align: justify;\"><span>Le ragazze hanno eseguito una serie di esercizi individuali in successione, eseguiti con la fune, il cerchio, ed a corpo libero.<\/span><\/p>\n<p style=\"margin-bottom: 0.0001pt; line-height: normal; text-align: justify;\"><span>Successivamente, \u00e8 stato il turno della squadra della 2\u00b0 fascia d\u2019et\u00e0, formata da: <strong>Martina Colacicco, Aurora Covella, Aurora Favale, Linda Le Grottaglie, Rebecca Mangini<\/strong> ed <strong>Elenoire Monti<\/strong>.<\/span><\/p>\n<p style=\"margin-bottom: 0.0001pt; line-height: normal; text-align: justify;\"><span>Il gruppo ha eseguito degli esercizi individuali in successione, con la palla ed il cerchio.<\/span><\/p>\n<p style=\"margin-bottom: 0.0001pt; line-height: normal; text-align: justify;\"><span>Nel pomeriggio, hanno gareggiato le ginnaste della 1\u00b0 fascia d\u2019et\u00e0, costituita da: <strong>Sofia Albanese, Carlotta Cantore, Sveva Cantore, Manuela Le Grottaglie, Silvia Marazia<\/strong> ed <strong>Elena Mellai<\/strong>.<\/span><a title=\"2\u00b0fascia\" href=\"https:\/\/www.flickr.com\/photos\/91470992@N02\/40045113960\/in\/photostream\/\" data-flickr-embed=\"true\" data-header=\"true\"><img loading=\"lazy\" decoding=\"async\" style=\"margin: 4px; float: right;\" src=\"https:\/\/farm1.staticflickr.com\/872\/40045113960_62d1789c53.jpg\" alt=\"2\u00b0fascia\" width=\"400\" height=\"220\" \/><\/a><\/p>\n<p style=\"margin-bottom: 0.0001pt; line-height: normal; text-align: justify;\"><span>Queste ultime hanno concluso il programma gara, con una serie di esercizi in<\/span><span>dividuali in successione, eseguiti con la palla ed a corpo libero.<\/span><\/p>\n<p style=\"margin-bottom: 0.0001pt; line-height: normal; text-align: justify;\"><span>La competizione si \u00e8 conclusa con la fascia di merito d\u2019oro per le ginnaste della 3\u00b0 categoria d\u2019et\u00e0, che si sono anche aggiudicate il \u201cpremio speciale\u201d per la migliore performance della gara!<\/span><\/p>\n<p style=\"margin-bottom: 0.0001pt; line-height: normal; text-align: justify;\"><span>Mentre la squadra della 2\u00b0 e della 3\u00b0 categoria d\u2019et\u00e0, si \u00e8 aggiudicata la fascia di merito di bronzo.<\/span><\/p>\n<p style=\"margin-bottom: 0.0001pt; line-height: normal; text-align: justify;\"><span>Si \u00e8 conclusa cos\u00ec la stagione agonistica 2017\/2018, che ha visto la partecipazione societaria, a numerose gare federali di livello regionale.<\/span><\/p>\n<p style=\"margin-bottom: 0.0001pt; line-height: normal; text-align: justify;\"><span>Francesca Casoria, ha cos\u00ec commentato il lusinghiero risultato delle sue ginnaste: \u201cLa maggior parte delle ginnaste che si sono esibire oggi, erano alla loro \u201cprima esperienza gara\u201d, questa \u00e8 stata una grande opportunit\u00e0 di confronto che si traduce in crescita personale e capacit\u00e0 d\u2019inserimento. Tutte le atlete partecipanti, hanno dato il massimo e non solo in campo gara: hanno dimostrato senso di responsabilit\u00e0 e grande compattezza nel \u201cfare gruppo\u201d e forse \u00e8 stato proprio questo il mio personale \u201cpremio speciale\u201d.<\/span><\/p>\n<p style=\"margin-bottom: 0.0001pt; line-height: normal; text-align: justify;\"><span>L\u2019associazione ringrazia vivamente le famiglie che la supportano e si rendono artefici della crescita del movimento Gioia&amp;Ritmica\u201d.<\/span><\/p>\n<div style=\"margin-bottom: 0.0001pt; text-align: right; line-height: normal;\" align=\"right\"><strong><span>Francesco Capodiferro <\/span><\/strong><\/div>\n<div style=\"margin-bottom: 0.0001pt; text-align: right; line-height: normal;\" align=\"right\"><span>(dirigente A.S.D. Gioia&amp;Ritmica)<\/span><\/div>\n<p>&nbsp;<\/p>\n","protected":false},"excerpt":{"rendered":"","protected":false},"author":1,"featured_media":0,"comment_status":"open","ping_status":"closed","sticky":false,"template":"","format":"standard","meta":{"colormag_page_container_layout":"default_layout","colormag_page_sidebar_layout":"default_layout","footnotes":""},"categories":[5],"tags":[],"class_list":["post-58493","post","type-post","status-publish","format-standard","hentry","category-sport"],"_links":{"self":[{"href":"https:\/\/archiviogioia.lavocedelpaese.info\/index.php?rest_route=\/wp\/v2\/posts\/58493","targetHints":{"allow":["GET"]}}],"collection":[{"href":"https:\/\/archiviogioia.lavocedelpaese.info\/index.php?rest_route=\/wp\/v2\/posts"}],"about":[{"href":"https:\/\/archiviogioia.lavocedelpaese.info\/index.php?rest_route=\/wp\/v2\/types\/post"}],"author":[{"embeddable":true,"href":"https:\/\/archiviogioia.lavocedelpaese.info\/index.php?rest_route=\/wp\/v2\/users\/1"}],"replies":[{"embeddable":true,"href":"https:\/\/archiviogioia.lavocedelpaese.info\/index.php?rest_route=%2Fwp%2Fv2%2Fcomments&post=58493"}],"version-history":[{"count":0,"href":"https:\/\/archiviogioia.lavocedelpaese.info\/index.php?rest_route=\/wp\/v2\/posts\/58493\/revisions"}],"wp:attachment":[{"href":"https:\/\/archiviogioia.lavocedelpaese.info\/index.php?rest_route=%2Fwp%2Fv2%2Fmedia&parent=58493"}],"wp:term":[{"taxonomy":"category","embeddable":true,"href":"https:\/\/archiviogioia.lavocedelpaese.info\/index.php?rest_route=%2Fwp%2Fv2%2Fcategories&post=58493"},{"taxonomy":"post_tag","embeddable":true,"href":"https:\/\/archiviogioia.lavocedelpaese.info\/index.php?rest_route=%2Fwp%2Fv2%2Ftags&post=58493"}],"curies":[{"name":"wp","href":"https:\/\/api.w.org\/{rel}","templated":true}]}}