{"id":58570,"date":"2018-05-10T20:41:32","date_gmt":"2018-05-10T20:41:32","guid":{"rendered":"https:\/\/archiviogioia.lavocedelpaese.info\/?p=58570"},"modified":"2018-05-10T20:41:32","modified_gmt":"2018-05-10T20:41:32","slug":"assunzioni-presso-la-rai-radiotelevisione-italiana-2","status":"publish","type":"post","link":"https:\/\/archiviogioia.lavocedelpaese.info\/?p=58570","title":{"rendered":"ASSUNZIONI PRESSO LA RAI \u2013 RADIOTELEVISIONE ITALIANA"},"content":{"rendered":"<p><a title=\"assunzioni rai\" href=\"https:\/\/www.flickr.com\/photos\/91470992@N02\/41305611634\" data-flickr-embed=\"true\"><img loading=\"lazy\" decoding=\"async\" style=\"display: block; margin-left: auto; margin-right: auto;\" src=\"https:\/\/farm1.staticflickr.com\/943\/41305611634_c557a3e91c_z.jpg\" alt=\"assunzioni rai\" width=\"320\" height=\"240\" \/><\/a><\/p>\n<p><!--more--><\/p>\n<p style=\"text-align: justify;\"><a title=\"assunzioni rai\" href=\"https:\/\/www.flickr.com\/photos\/91470992@N02\/28152761518\" data-flickr-embed=\"true\"><img loading=\"lazy\" decoding=\"async\" style=\"margin: 4px; float: left;\" src=\"https:\/\/farm1.staticflickr.com\/912\/28152761518_7063c23cc3.jpg\" alt=\"assunzioni rai\" width=\"400\" height=\"300\" \/><\/a> \u201cLa <strong>Rai <\/strong>&#8211; Radiotelevisione Italiana S.p.A. \u2013 ricerca <strong>30 persone<\/strong> da inserire in azienda <strong>come impiegati e assistenti ai programmi<\/strong>. Il concorso \u00e8 rivolto a coloro che sono in possesso di due requisiti fondamentali: et\u00e0 compresa tra i 18 e i 29 anni e 364 giorni; diploma quinquennale di Scuola Media Secondaria Superiore. Le selezioni sono aperte a cittadini italiani, cittadini dell\u2019Unione Europea e cittadini di Paesi extra-UE, purch\u00e9 regolarmente soggiornanti in Italia.<\/p>\n<p style=\"text-align: justify;\"><strong>Impiegato<\/strong>: \u00e8 incaricato dell\u2019espletamento delle diverse tipologie di attivit\u00e0 amministrative. In relazione al livello di competenza pu\u00f2 essere preposto ad una area specialistica di attivit\u00e0 (a titolo esemplificativo: personale, controllo, legale, fiscale) e\/o al coordinamento di altri impiegati. Nell\u2019espletamento dei propri compiti si relaziona con i referenti delle varie strutture aziendali nonch\u00e9, ove necessario, con collaboratori esterni svolgendo anche tutte le attivit\u00e0 strumentali che si rendano necessari.<\/p>\n<p style=\"text-align: justify;\"><strong>Assistente ai Programmi<\/strong>: collabora con il responsabile del programma (capo struttura, programmista &#8211; regista, giornalista, ecc.) per tutte le necessit\u00e0 organizzativo-amministrative dei programmi (giornalistici, spettacolari, culturali) radiotelevisivi. Tiene contatti, partecipando anche alle riunioni di impostazione e di preparazione, con i vari settori aziendali competenti nel rispetto dei modelli produttivi nonch\u00e9 con il personale ed enti esterni (registi, collaboratori artistici, intervistati, teatri, case discografiche, Enti pubblici, ecc.) interessati alla realizzazione del programma. Collabora con il personale del programma alla ricerca ed alla selezione all\u2019interno e\/o all\u2019esterno dell\u2019Azienda della necessaria documentazione filmata, registrata, bibliografica, nonch\u00e9 di quella relativa ad opere e repertori musicali. Cura le attivit\u00e0 amministrative (raccolta dati per rapporti arti<a title=\"assunzioni rai\" href=\"https:\/\/www.flickr.com\/photos\/91470992@N02\/42025870011\/in\/photostream\/\" data-flickr-embed=\"true\"><img loading=\"lazy\" decoding=\"async\" style=\"margin: 4px; float: right;\" src=\"https:\/\/farm1.staticflickr.com\/945\/42025870011_6ba056d39a.jpg\" alt=\"assunzioni rai\" width=\"400\" height=\"206\" \/><\/a>stici, predisposizione corrispondenza, raccolta voci e preventivi di spesa, ecc.) e di segreteria (compilazione modulistica in genere, dattiloscrittura, titolazione programmi, ecc.).<\/p>\n<p style=\"text-align: justify;\">\u00c9 prevista l\u2019assunzione con <strong>contratto di apprendistato professionalizzante<\/strong> della durata di 36 mesi.<\/p>\n<p style=\"text-align: justify;\">Per poter inoltrare la domanda di partecipazione \u00e8 necessario registrarsi o accedere al sito web ufficiale RAI <a href=\"http:\/\/www.lavoraconnoi.rai.it\/\">www.lavoraconnoi.rai.it<\/a>; cliccare su \u201cSELEZIONE IMPIEGATI E ASSISTENTI AI PROGRAMMI DIPLOMATI 2018\u201d e completare la procedura.<\/p>\n<p style=\"text-align: justify;\">La <strong>domanda<\/strong> di partecipazione alla selezione deve essere inviata <strong>entro le ore 12.00 del 25 maggio 2018<\/strong>.<\/p>\n<p style=\"text-align: justify;\">Per tutte le <strong>informazioni e maggiori dettagli<\/strong> sulla procedura di invio delle domande di partecipazione<a href=\"http:\/\/www.lavoraconnoi.rai.it\/lavoraconnoi\/application\/initiativeList?initiativeType=all&amp;show=47#ini47\" target=\"_blank\" rel=\"noopener\">clicca qui<\/a>\u201d.<\/p>\n<p>&nbsp;<\/p>\n<p style=\"text-align: right;\" align=\"right\"><strong>Rai \u2013 Radiotelevisione Italiana<\/strong><\/p>\n","protected":false},"excerpt":{"rendered":"","protected":false},"author":1,"featured_media":0,"comment_status":"open","ping_status":"closed","sticky":false,"template":"","format":"standard","meta":{"colormag_page_container_layout":"default_layout","colormag_page_sidebar_layout":"default_layout","footnotes":""},"categories":[9],"tags":[],"class_list":["post-58570","post","type-post","status-publish","format-standard","hentry","category-la-voce-del-paese"],"_links":{"self":[{"href":"https:\/\/archiviogioia.lavocedelpaese.info\/index.php?rest_route=\/wp\/v2\/posts\/58570","targetHints":{"allow":["GET"]}}],"collection":[{"href":"https:\/\/archiviogioia.lavocedelpaese.info\/index.php?rest_route=\/wp\/v2\/posts"}],"about":[{"href":"https:\/\/archiviogioia.lavocedelpaese.info\/index.php?rest_route=\/wp\/v2\/types\/post"}],"author":[{"embeddable":true,"href":"https:\/\/archiviogioia.lavocedelpaese.info\/index.php?rest_route=\/wp\/v2\/users\/1"}],"replies":[{"embeddable":true,"href":"https:\/\/archiviogioia.lavocedelpaese.info\/index.php?rest_route=%2Fwp%2Fv2%2Fcomments&post=58570"}],"version-history":[{"count":0,"href":"https:\/\/archiviogioia.lavocedelpaese.info\/index.php?rest_route=\/wp\/v2\/posts\/58570\/revisions"}],"wp:attachment":[{"href":"https:\/\/archiviogioia.lavocedelpaese.info\/index.php?rest_route=%2Fwp%2Fv2%2Fmedia&parent=58570"}],"wp:term":[{"taxonomy":"category","embeddable":true,"href":"https:\/\/archiviogioia.lavocedelpaese.info\/index.php?rest_route=%2Fwp%2Fv2%2Fcategories&post=58570"},{"taxonomy":"post_tag","embeddable":true,"href":"https:\/\/archiviogioia.lavocedelpaese.info\/index.php?rest_route=%2Fwp%2Fv2%2Ftags&post=58570"}],"curies":[{"name":"wp","href":"https:\/\/api.w.org\/{rel}","templated":true}]}}