{"id":58699,"date":"2018-05-28T13:54:06","date_gmt":"2018-05-28T13:54:06","guid":{"rendered":"https:\/\/archiviogioia.lavocedelpaese.info\/?p=58699"},"modified":"2018-05-28T13:54:06","modified_gmt":"2018-05-28T13:54:06","slug":"tante-verita-qualche-menzogna-una-sola-certezza-2","status":"publish","type":"post","link":"https:\/\/archiviogioia.lavocedelpaese.info\/?p=58699","title":{"rendered":"INCONTRO PUBBLICO CON DONATO LUCILLA. AGGIORNAMENTO"},"content":{"rendered":"<p><a title=\"consiglio comunale lucilla\" href=\"https:\/\/www.flickr.com\/photos\/91470992@N02\/27518383887\" data-flickr-embed=\"true\"><img loading=\"lazy\" decoding=\"async\" style=\"display: block; margin-left: auto; margin-right: auto;\" src=\"https:\/\/farm2.staticflickr.com\/1746\/27518383887_418448b2ac_z.jpg\" alt=\"consiglio comunale lucilla\" width=\"320\" height=\"240\" \/><\/a><\/p>\n<p><!--more--><\/p>\n<p style=\"text-align: justify;\"><a title=\"GIUNTA LUCILLA\" href=\"https:\/\/www.flickr.com\/photos\/91470992@N02\/24421844208\/in\/photolist-Dd5krs-P62QVZ-K7txCy-MaSNDm-KqS2sH-JBoKcz-KuTjF9-JJHzj1-JCEMXA-JmxBRw-HN5Gya-21jNS82-TBbJe3-HvGLDw-HvGUWo-HvHB84-HCug2Y-JdmF5B-261b9V6-JgV28f-JdkWVM-JdkyWB-Jb2Qwd-Jb2QdN-JdkX9T-Jb2Qo7-Jb1uqU-HUhjYj-HhEEwx-JhrcgF-HcRZan-J5HN1m-J2f2qg-J5HMMf-HYVhx1-GZ5wHX-GZ5nXF-GYXjLL-HKqavW-GZ5CUK-GYPqSv-24PWYhG-JaYkNN-GyJbVw-GNFFt6-JaYtMd-JdeUU4-JjNw1v-Hpa5bH-H5WssQ\" data-flickr-embed=\"true\"><img loading=\"lazy\" decoding=\"async\" style=\"margin: 4px; float: left;\" src=\"https:\/\/farm5.staticflickr.com\/4577\/24421844208_e2aafdfddf_z.jpg\" alt=\"GIUNTA LUCILLA\" width=\"400\" height=\"301\" \/><\/a><strong><span style=\"color: windowtext;\">AGGIORNAMENTO SU INCONTRO<\/span><\/strong><\/p>\n<p style=\"text-align: justify;\"><span style=\"color: windowtext;\">Si comunica che <strong>per ragioni non imputabili<\/strong> n\u00e9 all\u2019amministrazione uscente n\u00e9 alla nostra Redazione, <strong>l\u2019intervista pubblica,<\/strong> prevista per oggi alle ore 19:00, <strong>causa improvvisa indisponibilit\u00e0 del Cineteatro<\/strong> <strong>Sacro Cuore, non potr\u00e0 pi\u00f9 essere realizzata<\/strong>.<\/span><\/p>\n<p style=\"text-align: justify;\"><span style=\"color: windowtext;\"><strong>La nostra Redazione<\/strong>, per favorire un pi\u00f9 ampio pluralismo informativo, <strong>verificher\u00e0 la possibilit\u00e0 di riproporla il prima possibile<\/strong>, in altra sede.<br \/><\/span><\/p>\n<p style=\"text-align: justify;\"><span style=\"color: windowtext;\"><strong>Ci scusiamo con i nostri lettori, la cittadinanza e quanti interessati per lo spiacevole imprevisto<\/strong>.<\/span><\/p>\n<p style=\"text-align: justify;\">&#8212;&#8212;&#8212;&#8212;&#8212;<\/p>\n<p style=\"text-align: justify;\">Luned\u00ec 28 maggio alle 19:00, nel Cineteatro Sacro Cuore <strong>l\u2019ex sindaco Lucilla<\/strong>, la Giunta e i consiglieri di maggioranza <strong>informeranno la citt\u00e0<\/strong> sui 22 mesi di loro amministrazione.<\/p>\n<p style=\"text-align: justify;\">L\u2019incontro, organizzato con la collaborazione de \u201cLa voce del paese\u201d e moderato da <strong>Donato Stoppini<\/strong>, sar\u00e0 trasmesso in <strong>diretta streaming video<\/strong>.<\/p>\n<p style=\"text-align: justify;\"><strong>La cittadinanza \u00e8 invitata<\/strong>.<\/p>\n<p>&nbsp;<\/p>\n","protected":false},"excerpt":{"rendered":"","protected":false},"author":1,"featured_media":0,"comment_status":"open","ping_status":"closed","sticky":false,"template":"","format":"standard","meta":{"colormag_page_container_layout":"default_layout","colormag_page_sidebar_layout":"default_layout","footnotes":""},"categories":[7],"tags":[],"class_list":["post-58699","post","type-post","status-publish","format-standard","hentry","category-attualita"],"_links":{"self":[{"href":"https:\/\/archiviogioia.lavocedelpaese.info\/index.php?rest_route=\/wp\/v2\/posts\/58699","targetHints":{"allow":["GET"]}}],"collection":[{"href":"https:\/\/archiviogioia.lavocedelpaese.info\/index.php?rest_route=\/wp\/v2\/posts"}],"about":[{"href":"https:\/\/archiviogioia.lavocedelpaese.info\/index.php?rest_route=\/wp\/v2\/types\/post"}],"author":[{"embeddable":true,"href":"https:\/\/archiviogioia.lavocedelpaese.info\/index.php?rest_route=\/wp\/v2\/users\/1"}],"replies":[{"embeddable":true,"href":"https:\/\/archiviogioia.lavocedelpaese.info\/index.php?rest_route=%2Fwp%2Fv2%2Fcomments&post=58699"}],"version-history":[{"count":0,"href":"https:\/\/archiviogioia.lavocedelpaese.info\/index.php?rest_route=\/wp\/v2\/posts\/58699\/revisions"}],"wp:attachment":[{"href":"https:\/\/archiviogioia.lavocedelpaese.info\/index.php?rest_route=%2Fwp%2Fv2%2Fmedia&parent=58699"}],"wp:term":[{"taxonomy":"category","embeddable":true,"href":"https:\/\/archiviogioia.lavocedelpaese.info\/index.php?rest_route=%2Fwp%2Fv2%2Fcategories&post=58699"},{"taxonomy":"post_tag","embeddable":true,"href":"https:\/\/archiviogioia.lavocedelpaese.info\/index.php?rest_route=%2Fwp%2Fv2%2Ftags&post=58699"}],"curies":[{"name":"wp","href":"https:\/\/api.w.org\/{rel}","templated":true}]}}