{"id":58810,"date":"2018-06-13T12:09:24","date_gmt":"2018-06-13T12:09:24","guid":{"rendered":"https:\/\/archiviogioia.lavocedelpaese.info\/?p=58810"},"modified":"2018-06-13T12:09:24","modified_gmt":"2018-06-13T12:09:24","slug":"emiliano-pone-la-parola-fine-ai-punti-di-primo-intervento","status":"publish","type":"post","link":"https:\/\/archiviogioia.lavocedelpaese.info\/?p=58810","title":{"rendered":"EMILIANO PONE LA PAROLA FINE AI PUNTI DI PRIMO INTERVENTO"},"content":{"rendered":"<p><a title=\"chiusura PPI\" href=\"https:\/\/www.flickr.com\/photos\/91470992@N02\/41495683851\/in\/photolist-26P8atV-276kmhN-276kngm-26dQe82-GyKh92-CFXHzd\" data-flickr-embed=\"true\"><img loading=\"lazy\" decoding=\"async\" style=\"display: block; margin-left: auto; margin-right: auto;\" src=\"https:\/\/farm1.staticflickr.com\/896\/41495683851_ed02ba7eb8_z.jpg\" alt=\"chiusura PPI\" width=\"320\" height=\"240\" \/><\/a><\/p>\n<p><!--more--><\/p>\n<p style=\"text-align: justify;\"><a title=\"ospedale paradiso 2013a\" href=\"https:\/\/www.flickr.com\/photos\/91470992@N02\/10896126233\/in\/photolist-mkQnFR-jmHYy9-pZRUWP-jS1Xn4-p4hUz8-jS21hc-jS4jP7-jS22Bg-jS1YTk-pHEnrZ-hAQJyy-hARuHp-hARuut-hzPA19-hzNGS8-gu6n2z-gnxdMk-gnxCiM-hAQ25H-fKcL6g-fFHT36-fFHT7k-fFHTaZ-fkma7E-oUQE3V-oUNQWu-oUNtfo-pYSpUW-oCkVz5-oRHrg7-oCknj2-fk6UAH-eNY4mX-eBAFyY-iGJaye-Eq53kV-oH6akH-rJznNh-qNZ6nV-rLghCY-rJhvji-nH3Nve-tSjCWi-tSs2RP-tPZd9U-gnwYij-gnxkHL-n9ah1N-n98w1K-n98v2v\" data-flickr-embed=\"true\"><img loading=\"lazy\" decoding=\"async\" style=\"margin: 4px; float: left;\" src=\"https:\/\/farm4.staticflickr.com\/3714\/10896126233_b2cafcd4ce_z.jpg\" alt=\"ospedale paradiso 2013a\" width=\"400\" height=\"301\" \/><\/a> \u201cFacendo riferimento alla disposizione della direzione generale della Asl Ba, protocollo n. 168129\/1 del 12 giugno 2018 \u2013 scrive in una nota il \u2018direttore\u2019 del Coordinamento del 118 \u2013&nbsp; si comunica che a far data <strong>dal 15 giugno 2018<\/strong> <strong>cesseranno l\u2019attivit\u00e0<\/strong> assistenziale i Punti di Primo Intervento di <strong>Gioia del Colle, Santeramo in Colle, Casamassima, Noci, Locorotondo, Ruvo, Grumo, Conversano, Castellana<\/strong>. Si precisa che la postazione India verr\u00e0 riconvertita in postazione Mike h24\u201d.<\/p>\n<p style=\"text-align: justify;\"><strong>Il tira e molla \u00e8 finito<\/strong>. Con appena due giorni di preavviso <strong>chiudono nove PPIT<\/strong>.&nbsp; A spiegare perch\u00e9 si tratta di una scelta pericolosa \u00e8 <strong>Francesco Papappicco<\/strong>, medico del 118 e sindacalista FSI-USAE.<\/p>\n<p style=\"text-align: justify;\">\u201cAd oggi il PPI di Santeramo, tanto per fare una stima in rapporto al bacino d\u2019utenza \u2013 scrive Papappicco \u2013 conta gi\u00e0 800 prestazioni (medicazioni quotidiane a parte), al netto delle sole ore diurne H12 (8-20). Giungono pazienti con situazioni cliniche disparate di interesse medico e chirurgico (dalle coliche renali alle affezioni cardiovascolari acute; sindromi gastroenterologiche, urologiche, vertiginose, shock allergici o ipotensivi, sindromi iatrogene, orl, re<a title=\"marcia per salvare il ppi\" href=\"https:\/\/www.flickr.com\/photos\/91470992@N02\/42067358604\/in\/dateposted-public\/\" data-flickr-embed=\"true\"><img loading=\"lazy\" decoding=\"async\" style=\"margin: 4px; float: right;\" src=\"https:\/\/farm1.staticflickr.com\/896\/42067358604_82057e3118_z.jpg\" alt=\"marcia per salvare il ppi\" width=\"400\" height=\"267\" \/><\/a>spiratorie di ogni tipo, febbrili, algiche, neurologiche, diabetiche e metaboliche, pediatriche e geriatriche, psichiatriche, ortopediche, ustioni, ferite da suturare, epistassi e diatesi emorragiche). Solo i casi pi\u00f9 urgenti, dopo esser stati inquadrati e stabilizzati, vengono in seconda battuta trasportati per competenza, a mezzo 118, al Miulli per ulteriori accertamenti e cure\u201d.&nbsp;<\/p>\n<p style=\"text-align: justify;\">\u201cLa maggior parte dei pazienti \u2013 aggiunge \u2013 vengono curati nel PPI e dimessi a casa, evitando cos\u00ec inutili attese e sovraccarichi ai pronto soccorsi di riferimento e sprechi erariali. Il tutto a \u2018isorisorse\u2019 come i burocrati amano definire tali capitoli di spesa. Molti pazienti non sono automuniti e ricevono prestazioni soddisfacenti e risolutive sul posto\u201d.<\/p>\n<p style=\"text-align: justify;\">Per la chiusura, come si evince dalla tabella, \u00e8 stato preso a riferimento il Punto di Primo Intervento di Bitonto. E proprio il termine di paragone con la struttura al contrario di Santeramo aperta h24, in una citt\u00e0 molto pi\u00f9 grande di Santeramo, \u00e8 chiamato in causa da Papappicco, che prosegue nella sua dura riflessione.<\/p>\n<p style=\"text-align: justify;\">\u201cIl paragone demolisce letteralment<a title=\"marcia per salvare il ppi\" href=\"https:\/\/www.flickr.com\/photos\/91470992@N02\/27915814227\/in\/dateposted-public\/\" data-flickr-embed=\"true\"><img loading=\"lazy\" decoding=\"async\" style=\"margin: 4px; float: left;\" src=\"https:\/\/farm2.staticflickr.com\/1746\/27915814227_d5a8bcacc4_z.jpg\" alt=\"marcia per salvare il ppi\" width=\"400\" height=\"267\" \/><\/a>e le apodittiche affermazioni di Emiliano \u2013 continua il medico dell\u2019emergenza -. Inviterei il presidente, con i suoi mentori, a venire a constatare di persona. La demagogia poi consiste nel raccontare agli utenti-contribuenti la favoletta del potenziamento del territorio (una volta chiusi i PPIT) da parte dell\u2019unica ambulanza medicalizzata di rianimazione del 118 che in verit\u00e0 gi\u00e0 esiste da sempre a Santeramo, Gioia, Grumo e negli altri paesi chiamati in causa nel provvedimento. <strong>Emiliano spieghi ai pazienti-contribuenti-elettori<\/strong> salassati dal fisco e dai soprusi di Stato <strong>a chi dovrebbero rivolgersi<\/strong> quando quell\u2019ambulanza \u00e8 fuori su intervento e rientra dopo qualche ora. Spieghi <strong>a chi la Guardia Medica dovrebbe<\/strong><strong> rivolgersi<\/strong> per un supporto avanzato se il 118 non fosse in sede e il PPIT risultasse chiuso per decisione monocratica di Palazzo. Medici e infermieri danno dignit\u00e0 al lavoro che svolgono e ai compiti professionali cui attendono con passione e dedizione. Chi ha il potere decisionale rifletta seriamente su questo piuttosto che tagliare sull\u2019emergenza sanitaria e sprecare altrove. Che tale decisione non sia frutto di convenienze elettorali\u201d.&nbsp;[quotidianoitaliano]<\/p>\n<p><a title=\"1 chiusura PPI\" href=\"https:\/\/www.flickr.com\/photos\/91470992@N02\/42067194294\/in\/dateposted-public\/\" data-flickr-embed=\"true\"><img loading=\"lazy\" decoding=\"async\" src=\"https:\/\/farm2.staticflickr.com\/1755\/42067194294_fb56cae414_c.jpg\" alt=\"1 chiusura PPI\" width=\"670\" height=\"817\" \/><\/a> <a title=\"2 chiusura PPI\" href=\"https:\/\/www.flickr.com\/photos\/91470992@N02\/41883749375\/in\/dateposted-public\/\" data-flickr-embed=\"true\"><img loading=\"lazy\" decoding=\"async\" src=\"https:\/\/farm2.staticflickr.com\/1751\/41883749375_14f39cb358_b.jpg\" alt=\"2 chiusura PPI\" width=\"670\" height=\"954\" \/><\/a> <a title=\"3 chiusura PPI\" href=\"https:\/\/www.flickr.com\/photos\/91470992@N02\/42067191014\/in\/dateposted-public\/\" data-flickr-embed=\"true\"><img loading=\"lazy\" decoding=\"async\" src=\"https:\/\/farm2.staticflickr.com\/1740\/42067191014_c72e4f9ed9_o.jpg\" alt=\"3 chiusura PPI\" width=\"670\" height=\"1028\" \/><\/a><\/p>\n","protected":false},"excerpt":{"rendered":"","protected":false},"author":1,"featured_media":0,"comment_status":"open","ping_status":"closed","sticky":false,"template":"","format":"standard","meta":{"colormag_page_container_layout":"default_layout","colormag_page_sidebar_layout":"default_layout","footnotes":""},"categories":[8],"tags":[],"class_list":["post-58810","post","type-post","status-publish","format-standard","hentry","category-cronaca"],"_links":{"self":[{"href":"https:\/\/archiviogioia.lavocedelpaese.info\/index.php?rest_route=\/wp\/v2\/posts\/58810","targetHints":{"allow":["GET"]}}],"collection":[{"href":"https:\/\/archiviogioia.lavocedelpaese.info\/index.php?rest_route=\/wp\/v2\/posts"}],"about":[{"href":"https:\/\/archiviogioia.lavocedelpaese.info\/index.php?rest_route=\/wp\/v2\/types\/post"}],"author":[{"embeddable":true,"href":"https:\/\/archiviogioia.lavocedelpaese.info\/index.php?rest_route=\/wp\/v2\/users\/1"}],"replies":[{"embeddable":true,"href":"https:\/\/archiviogioia.lavocedelpaese.info\/index.php?rest_route=%2Fwp%2Fv2%2Fcomments&post=58810"}],"version-history":[{"count":0,"href":"https:\/\/archiviogioia.lavocedelpaese.info\/index.php?rest_route=\/wp\/v2\/posts\/58810\/revisions"}],"wp:attachment":[{"href":"https:\/\/archiviogioia.lavocedelpaese.info\/index.php?rest_route=%2Fwp%2Fv2%2Fmedia&parent=58810"}],"wp:term":[{"taxonomy":"category","embeddable":true,"href":"https:\/\/archiviogioia.lavocedelpaese.info\/index.php?rest_route=%2Fwp%2Fv2%2Fcategories&post=58810"},{"taxonomy":"post_tag","embeddable":true,"href":"https:\/\/archiviogioia.lavocedelpaese.info\/index.php?rest_route=%2Fwp%2Fv2%2Ftags&post=58810"}],"curies":[{"name":"wp","href":"https:\/\/api.w.org\/{rel}","templated":true}]}}