{"id":58874,"date":"2018-06-22T00:45:15","date_gmt":"2018-06-22T00:45:15","guid":{"rendered":"https:\/\/archiviogioia.lavocedelpaese.info\/?p=58874"},"modified":"2018-06-22T00:45:15","modified_gmt":"2018-06-22T00:45:15","slug":"ottavio-surico-in-buongiorno-amici-con-anna-falchi-video","status":"publish","type":"post","link":"https:\/\/archiviogioia.lavocedelpaese.info\/?p=58874","title":{"rendered":"Ottavio Surico in \u201cBuongiorno amici\u201d con Anna Falchi-video"},"content":{"rendered":"<p><a title=\"ottavio surico ai fornelli di anna falchi\" href=\"https:\/\/www.flickr.com\/photos\/91470992@N02\/42043061895\/in\/dateposted-public\/\" data-flickr-embed=\"true\"><img loading=\"lazy\" decoding=\"async\" style=\"display: block; margin-left: auto; margin-right: auto;\" src=\"https:\/\/farm2.staticflickr.com\/1765\/42043061895_aa6d48c1b9_z.jpg\" alt=\"ottavio surico ai fornelli di anna falchi\" width=\"320\" height=\"240\" \/><\/a><\/p>\n<p><!--more--><\/p>\n<p style=\"margin-bottom: 0.0001pt; line-height: normal; text-align: justify;\"><a title=\"ottavio surico ai fornelli di anna falchi\" href=\"https:\/\/www.flickr.com\/photos\/91470992@N02\/41134375890\/in\/dateposted-public\/\" data-flickr-embed=\"true\"><img loading=\"lazy\" decoding=\"async\" style=\"margin: 4px; float: left;\" src=\"https:\/\/farm2.staticflickr.com\/1836\/41134375890_f9d3d35a21_z.jpg\" alt=\"ottavio surico ai fornelli di anna falchi\" width=\"400\" height=\"300\" \/><\/a><strong><span>Ottavio Surico<\/span><\/strong><span>, chef e titolare della Trattoria del Borgo Antico, \u00e8 ormai di casa negli studi di Telenorba, Infatti dopo aver riempito di aromi \u201cBuon pomeriggio\u201d nei mesi scorsi, curando il momento dedicato alla gastronomia ed alla cucina d\u2019autore, <strong>negli scorsi giorni \u00e8 stato ospite della trasmissione di Telenorba \u201cBuongiorno Amici\u201d condotta da Anna Falchi<\/strong>. Nelle puntate di luned\u00ec 4 e marted\u00ec 5 giugno Ottavio ha mostrato tutta la sua abilit\u00e0 ai fornelli e proposto ricette estive. <\/span><\/p>\n<p style=\"margin-bottom: 0.0001pt; line-height: normal; text-align: justify;\"><span>E dopo tanta meritata notoriet\u00e0, tornare al suo borgo non \u00e8 stato facile!<\/span><\/p>\n<p style=\"margin-bottom: 0.0001pt; line-height: normal; text-align: justify;\"><span><strong>Video<\/strong>:<\/span><\/p>\n<p style=\"margin-bottom: 0.0001pt; line-height: normal; text-align: justify;\"><strong>1 parte:<\/strong><\/p>\n<p style=\"margin-bottom: 0.0001pt; line-height: normal;\"><span><a href=\"http:\/\/www.norbaonline.it\/od.asp?i=50261&amp;puntata=Anna-e-i-suoi-fornelli&amp;pr=ANNA%20E%20I%20SUOI%20FORNELLI\">http:\/\/www.norbaonline.it\/od.asp?i=50261&amp;puntata=Anna-e-i-suoi-fornelli&amp;pr=ANNA%20E%20I%20SUOI%20FORNELLI<\/a><br \/> <\/span><\/p>\n<p style=\"margin-bottom: 0.0001pt; line-height: normal;\"><strong>2 parte:<\/strong><\/p>\n<p style=\"margin-bottom: 0.0001pt; line-height: normal;\"><span><a href=\"http:\/\/www.norbaonline.it\/od.asp?i=50261&amp;puntata=Anna-e-i-suoi-fornelli&amp;parte=2&amp;pr=ANNA%20E%20I%20SUOI%20FORNELLI\">http:\/\/www.norbaonline.it\/od.asp?i=50261&amp;puntata=Anna-e-i-suoi-fornelli&amp;parte=2&amp;pr=ANNA%20E%20I%20SUOI%20FORNELLI<\/a><\/span><\/p>\n<p>&nbsp;<\/p>\n","protected":false},"excerpt":{"rendered":"","protected":false},"author":1,"featured_media":0,"comment_status":"open","ping_status":"closed","sticky":false,"template":"","format":"standard","meta":{"colormag_page_container_layout":"default_layout","colormag_page_sidebar_layout":"default_layout","footnotes":""},"categories":[7],"tags":[],"class_list":["post-58874","post","type-post","status-publish","format-standard","hentry","category-attualita"],"_links":{"self":[{"href":"https:\/\/archiviogioia.lavocedelpaese.info\/index.php?rest_route=\/wp\/v2\/posts\/58874","targetHints":{"allow":["GET"]}}],"collection":[{"href":"https:\/\/archiviogioia.lavocedelpaese.info\/index.php?rest_route=\/wp\/v2\/posts"}],"about":[{"href":"https:\/\/archiviogioia.lavocedelpaese.info\/index.php?rest_route=\/wp\/v2\/types\/post"}],"author":[{"embeddable":true,"href":"https:\/\/archiviogioia.lavocedelpaese.info\/index.php?rest_route=\/wp\/v2\/users\/1"}],"replies":[{"embeddable":true,"href":"https:\/\/archiviogioia.lavocedelpaese.info\/index.php?rest_route=%2Fwp%2Fv2%2Fcomments&post=58874"}],"version-history":[{"count":0,"href":"https:\/\/archiviogioia.lavocedelpaese.info\/index.php?rest_route=\/wp\/v2\/posts\/58874\/revisions"}],"wp:attachment":[{"href":"https:\/\/archiviogioia.lavocedelpaese.info\/index.php?rest_route=%2Fwp%2Fv2%2Fmedia&parent=58874"}],"wp:term":[{"taxonomy":"category","embeddable":true,"href":"https:\/\/archiviogioia.lavocedelpaese.info\/index.php?rest_route=%2Fwp%2Fv2%2Fcategories&post=58874"},{"taxonomy":"post_tag","embeddable":true,"href":"https:\/\/archiviogioia.lavocedelpaese.info\/index.php?rest_route=%2Fwp%2Fv2%2Ftags&post=58874"}],"curies":[{"name":"wp","href":"https:\/\/api.w.org\/{rel}","templated":true}]}}