{"id":59,"date":"2010-01-14T10:03:05","date_gmt":"2010-01-14T10:03:05","guid":{"rendered":"https:\/\/archiviogioia.lavocedelpaese.info\/?p=59"},"modified":"2010-01-14T10:03:05","modified_gmt":"2010-01-14T10:03:05","slug":"antonello-costa-a-le-dual-band-al-rossini","status":"publish","type":"post","link":"https:\/\/archiviogioia.lavocedelpaese.info\/?p=59","title":{"rendered":"ANTONELLO COSTA &#038; LE DUAL BAND AL ROSSINI"},"content":{"rendered":"<p><img loading=\"lazy\" decoding=\"async\" class=\" alignleft size-full wp-image-58\" style=\"margin: 5px; float: left;\" alt=\"antonellocosta\" src=\"https:\/\/archiviogioia.lavocedelpaese.info\/wp-content\/uploads\/2010\/01\/antonellocosta.jpg\" width=\"320\" height=\"150\" srcset=\"https:\/\/archiviogioia.lavocedelpaese.info\/wp-content\/uploads\/2010\/01\/antonellocosta.jpg 320w, https:\/\/archiviogioia.lavocedelpaese.info\/wp-content\/uploads\/2010\/01\/antonellocosta-300x141.jpg 300w\" sizes=\"auto, (max-width: 320px) 100vw, 320px\" \/> <\/p>\n<p><!--more--><\/p>\n<p style=\"text-align: justify;\"><strong>15 gennaio, ore 21: in scena al Teatro Rossini Antonello Costa &amp; le Dual Band con \u201cA me gn\u2019occhi, please!\u201d<\/strong><\/p>\n<div style=\"text-align: justify;\"><\/div>\n<p style=\"text-align: justify;\"><strong>Antonello Costa<\/strong> da vent\u2019anni &#8211; praticamente met\u00e0 del suo percorso di vita &#8211; in scena, \u00e8 di origini siciliane, nasce ad Augusta, la stessa citt\u00e0 che ha dato i natali a <strong>Fiorello<\/strong> e <strong>Corrado Tedeschi<\/strong>.<\/p>\n<div style=\"text-align: justify;\"><\/div>\n<p style=\"text-align: justify;\">Maturit\u00e0 classica, scuola di recitazione ed un\u2019innata passione per lo spettacolo.<\/p>\n<div style=\"text-align: justify;\"><\/div>\n<p style=\"text-align: justify;\">\u201cA tre anni imitavo mio nonno, mi mettevo la sua \u201ccoppola\u201d e camminavo come lui &#8211; ricorda Costa &#8211; facendo ridere tutta la famiglia. Il primo spettacolino l\u2019ho fatto a sei anni, in colonia, ma \u00e8 imitando M. Jackson nell\u201987, all\u2019uscita del suo album \u201cBad\u201d, che ho scoperto di avere davvero talento!<\/p>\n<div style=\"text-align: justify;\"><\/div>\n<p style=\"text-align: justify;\">In \u201c<strong>A me gn\u2019occhi, please<\/strong>!\u201d Antonello Costa, parafrasando <strong>Gigi Proietti<\/strong>, interpreta se stesso nelle vesti di un giovane comico alla ricerca di un contratto da sogno, sfortunatamente alle prese con un giornalista \u201cschizzato\u201d. Per due ore canta, balla e interpreta Sergio, il re degli esauriti, Don Antonino, lo zio mafioso, Tony Fasano, fissato con gli anni 70, Raffaello Piombo, il cugino povero di Tiziano Ferro, il poeta karaoke, il tangh\u00e8ro ed altre macchiette del suo vasto repertorio su motivi rivisti e corretti ed omaggi a Charlie Chaplin, Fred Buscaglione, Renato Carosone e Tot\u00f2, attorniato da due splendide \u201cballerine\u201d.<\/p>\n<div style=\"text-align: justify;\"><\/div>\n<p style=\"text-align: justify;\">Il teatro \u00e8 il suo primo amore, qui ritrova il meritato successo dopo alcune sia pur esaltanti \u201csbandate\u201d per la TV, tra le tante ricordiamo \u201cSabato Italiano, Beato tra le Donne, Buona Domenica e Casa Rai 1\u201d, e passioni pi\u00f9 serie per il cinema (da assistente in regia in \u201cFratelli Coltelli\u201d a protagonista nella \u201cCavalleria Rusticana\u201d di Puglisi e in \u201c2061, un anno eccezionale\u201d di Carlo Vanzina).<\/p>\n<div style=\"text-align: justify;\"><\/div>\n<p style=\"text-align: justify;\">In passato non ha disdegnato le commedie musicali (Aggiungi un posto a tavola, Rugantino\u2026), n\u00e9 ha mai rinnegato un\u2019irrazionale, fatidica, perduta attrazione verso il cabaret, valsa per altro ben due premi nazionali\u2026 un \u201cCasanova in cerca d\u2019autore\u201d!<\/p>\n<div style=\"text-align: justify;\"><\/div>\n<p style=\"text-align: justify;\">A tempo perso Costa ha persino inciso due CD, l\u2019ultimo dal titolo \u201c7+\u201d.<\/p>\n<div style=\"text-align: justify;\"><\/div>\n<p style=\"text-align: justify;\">Lo spettacolo pi\u00f9 in linea con il suo personaggio \u00e8 un variet\u00e0 in cui musica, danza e gag si alternano per dare maggior spessore alla caratterizzazione di una carrellata di personaggi indimenticabili, dalla simpatia contagiosa, il tutto con spontanea eppur estrema professionalit\u00e0.<\/p>\n","protected":false},"excerpt":{"rendered":"","protected":false},"author":1,"featured_media":58,"comment_status":"open","ping_status":"closed","sticky":false,"template":"","format":"standard","meta":{"colormag_page_container_layout":"default_layout","colormag_page_sidebar_layout":"default_layout","footnotes":""},"categories":[6],"tags":[],"class_list":["post-59","post","type-post","status-publish","format-standard","has-post-thumbnail","hentry","category-cultura"],"_links":{"self":[{"href":"https:\/\/archiviogioia.lavocedelpaese.info\/index.php?rest_route=\/wp\/v2\/posts\/59","targetHints":{"allow":["GET"]}}],"collection":[{"href":"https:\/\/archiviogioia.lavocedelpaese.info\/index.php?rest_route=\/wp\/v2\/posts"}],"about":[{"href":"https:\/\/archiviogioia.lavocedelpaese.info\/index.php?rest_route=\/wp\/v2\/types\/post"}],"author":[{"embeddable":true,"href":"https:\/\/archiviogioia.lavocedelpaese.info\/index.php?rest_route=\/wp\/v2\/users\/1"}],"replies":[{"embeddable":true,"href":"https:\/\/archiviogioia.lavocedelpaese.info\/index.php?rest_route=%2Fwp%2Fv2%2Fcomments&post=59"}],"version-history":[{"count":0,"href":"https:\/\/archiviogioia.lavocedelpaese.info\/index.php?rest_route=\/wp\/v2\/posts\/59\/revisions"}],"wp:featuredmedia":[{"embeddable":true,"href":"https:\/\/archiviogioia.lavocedelpaese.info\/index.php?rest_route=\/wp\/v2\/media\/58"}],"wp:attachment":[{"href":"https:\/\/archiviogioia.lavocedelpaese.info\/index.php?rest_route=%2Fwp%2Fv2%2Fmedia&parent=59"}],"wp:term":[{"taxonomy":"category","embeddable":true,"href":"https:\/\/archiviogioia.lavocedelpaese.info\/index.php?rest_route=%2Fwp%2Fv2%2Fcategories&post=59"},{"taxonomy":"post_tag","embeddable":true,"href":"https:\/\/archiviogioia.lavocedelpaese.info\/index.php?rest_route=%2Fwp%2Fv2%2Ftags&post=59"}],"curies":[{"name":"wp","href":"https:\/\/api.w.org\/{rel}","templated":true}]}}