{"id":59047,"date":"2018-07-17T08:01:21","date_gmt":"2018-07-17T08:01:21","guid":{"rendered":"https:\/\/archiviogioia.lavocedelpaese.info\/?p=59047"},"modified":"2018-07-17T08:01:21","modified_gmt":"2018-07-17T08:01:21","slug":"una-nuova-opportunita-con-danny-losito","status":"publish","type":"post","link":"https:\/\/archiviogioia.lavocedelpaese.info\/?p=59047","title":{"rendered":"\u201cUNA NUOVA OPPORTUNIT\u00c0\u201d CON DANNY LOSITO"},"content":{"rendered":"<p><a title=\"1\" href=\"https:\/\/www.flickr.com\/photos\/91470992@N02\/42565523305\/in\/dateposted-public\/\" data-flickr-embed=\"true\"><img loading=\"lazy\" decoding=\"async\" style=\"display: block; margin-left: auto; margin-right: auto;\" src=\"https:\/\/farm2.staticflickr.com\/1822\/42565523305_d70f6eb0b5_z.jpg\" alt=\"1\" width=\"320\" height=\"240\" \/><\/a><\/p>\n<p><!--more--><\/p>\n<p style=\"margin-bottom: 0.0001pt; line-height: normal; text-align: justify;\"><a title=\"2\" href=\"https:\/\/www.flickr.com\/photos\/91470992@N02\/29599171668\/in\/dateposted-public\/\" data-flickr-embed=\"true\"><img loading=\"lazy\" decoding=\"async\" style=\"margin: 4px; float: left;\" src=\"https:\/\/farm2.staticflickr.com\/1806\/29599171668_596cc78524_z.jpg\" alt=\"2\" width=\"400\" height=\"400\" \/><\/a> <span>\u00abUn&#8217;opportunit\u00e0, la vita \u00e8 questa qua perch\u00e9 il riscatto \u00e8 solo quando poi riesci a vivere i tuoi sogni\u00bb ripete il ritornello del nuovo video \u00ab<strong>Opportunit\u00e0<\/strong>\u00bb, cantato da <strong>DJ Jad<\/strong> insieme al gioiese <strong>Danny Losito<\/strong> e al barlettano <strong>Pino Pepsee<\/strong>, due talenti pugliesi che si sono esibiti pi\u00f9 volte anche nel nostro paese.<\/span><\/p>\n<p style=\"margin-bottom: 0.0001pt; line-height: normal; text-align: justify;\"><span>Il brano, disponibile online dal 15 giugno 2018, \u00e8 firmato da Vito Perrini (Dj Jad) per la parte musicale e da <strong>Giuseppe Guaglione<\/strong> (Pino Pepsee) per il testo ed \u00e8 accompagnato da un interessante videoclip realizzato da <strong>Michael Vito Giuca<\/strong> della RonfAnimation.<\/span><\/p>\n<p style=\"margin-bottom: 0.0001pt; line-height: normal; text-align: justify;\"><span>Un invito alla speranza, a non arrendersi, a credere sempre nei propri sogni e a lottare per quello in cui si crede, malgrado le ingiustizie e i torti subiti.<\/span><\/p>\n<p style=\"margin-bottom: 0.0001pt; line-height: normal; text-align: justify;\"><span>Proprio come i tre artisti che in questi anni hanno alternato momenti di grande popolarit\u00e0 a periodi di \u00abriflessione\u00bb, un po&#8217; ai margini del mondo discografico, non sempre in grado di valorizzare il loro talento, ma non hanno mai perso l&#8217;amore per la musica e la voglia di rimettersi in gioco.<\/span><\/p>\n<p style=\"margin-bottom: 0.0001pt; line-height: normal; text-align: justify;\"><span>Un testo da ascoltare con attenzione, impreziosito dalle voci di Danny Losito e Pino Pepsee, oggi impegnati con Dj Jad anche in tour nel progetto \u00abDJ Jad Big Band\u00bb, miscela di grandi successi del passato e nuovi brani originali scritti per le loro voci.<\/span><\/p>\n<p style=\"margin-bottom: 0.0001pt; line-height: normal; text-align: justify;\"><span>Nel video i tre artisti entrano in una chiesa sconsacrata di Asti e vengono trasformati in versione cartoon, pro<\/span><a title=\"15241938_713631575460785_2838939065285844156_n\" href=\"https:\/\/www.flickr.com\/photos\/91470992@N02\/43422007742\/in\/dateposted-public\/\" data-flickr-embed=\"true\"><img loading=\"lazy\" decoding=\"async\" style=\"margin: 4px; float: right;\" src=\"https:\/\/farm2.staticflickr.com\/1804\/43422007742_3df52975f6_z.jpg\" alt=\"15241938_713631575460785_2838939065285844156_n\" width=\"300\" height=\"399\" \/><\/a><span>iettati in un mondo animato dove si svolge una specie di caccia al tesoro, in cerca di un jukebox che rappresenta la loro opportunit\u00e0 musicale.<\/span><\/p>\n<p style=\"margin-bottom: 0.0001pt; line-height: normal; text-align: justify;\"><span>Molto bravo il regista\/animatore Giuca a riprodurre il trio in versione animata, seminando il videoclip di riferimenti al loro mondo musicale, dando visibilit\u00e0 ai sogni delle persone che incontrano lungo il cammino. [<\/span><span><strong>video \u00abOpportunit\u00e0\u00bb <\/strong><a href=\"https:\/\/www.youtube.com\/watch?v=2TEyGZqheQ0\">https:\/\/www.youtube.com\/watch?v=2TEyGZqheQ0<\/a>]<\/span><\/p>\n<p style=\"margin-bottom: 0.0001pt; line-height: normal; text-align: justify;\"><strong><span>DANNY LOSITO<\/span><\/strong><\/p>\n<p style=\"margin-bottom: 0.0001pt; line-height: normal; text-align: justify;\"><span>Donato Losito \u00e8 nato a Gioia del Colle, dove fin da giovanissimo ha mostrato il suo amore per la musica, prima come disk jockey e poi come autore e interprete.<\/span><\/p>\n<p style=\"margin-bottom: 0.0001pt; line-height: normal; text-align: justify;\"><span>Il primo grande succes<\/span><span>so arriva nel 1990 con il brano \u00abFound love\u00bb, scritto con Davide Domenella come Double Dee.<\/span><\/p>\n<p style=\"margin-bottom: 0.0001pt; line-height: normal; text-align: justify;\"><span>Nel 1996 fonda il gruppo Kaigo con cui realizza due album, \u00abLa La La (Canta Insieme A Me)\u00bb e \u00abFreeabile\u00bb.<\/span><\/p>\n<p style=\"margin-bottom: 0.0001pt; line-height: normal; text-align: justify;\"><span>Nel 2004 partecipa al Festival di Sanremo come Danny Losito con il brano \u00abSingle\u00bb e poi alla seconda edizione del reality \u00abMusic Farm\u00bb.<\/span><\/p>\n<p style=\"margin-bottom: 0.0001pt; line-height: normal; text-align: justify;\"><span>Nel 2013 partecipa a \u00abThe Voice of Italy\u00bb nella squadra di Piero Pel\u00f9, arrivando meritatamente a un soffio dalla finale.<\/span><\/p>\n<p style=\"margin-bottom: 0.0001pt; line-height: normal; text-align: justify;\"><span>Una carriera fatta di grandi successi, periodi di stasi e coraggiose ripartenze.<\/span><\/p>\n<p style=\"margin-bottom: 0.0001pt; line-height: normal; text-align: justify;\"><span>Oltre alla sua partecipazione al tour della Dj Jad Big Band, ci sono voci su un possibile nuovo disco dei Double Dee in preparazione; nuove occasioni per poter dimostrare ancora il suo talento.<\/span><a title=\"dj_jad2\" href=\"https:\/\/www.flickr.com\/photos\/91470992@N02\/41662478190\/in\/dateposted-public\/\" data-flickr-embed=\"true\"><img loading=\"lazy\" decoding=\"async\" style=\"margin: 4px; float: left;\" src=\"https:\/\/farm1.staticflickr.com\/917\/41662478190_8fa5977583_o.jpg\" alt=\"dj_jad2\" width=\"300\" height=\"400\" \/><\/a><\/p>\n<p style=\"margin-bottom: 0.0001pt; line-height: normal; text-align: justify;\"><strong><span>DJ JAD<\/span><\/strong><\/p>\n<p style=\"margin-bottom: 0.0001pt; line-height: normal; text-align: justify;\"><span>Vito Perrini (DJ Jad) \u00e8 stato cofondatore degli Articolo 31, un percorso artistico di successo durato dal 1992 al 2004.<\/span><\/p>\n<p style=\"margin-bottom: 0.0001pt; line-height: normal; text-align: justify;\"><span>Nel 2006 ha intrapreso la carriera solista, soprattutto come disk jockey e autore, miscelando reggae e rap, collaborando con varie figure di spicco dell&#8217;undergroung newyorkese per il suo primo disc<\/span><span>o \u00abMilano-New York\u00bb.<\/span><\/p>\n<p style=\"margin-bottom: 0.0001pt; line-height: normal; text-align: justify;\"><span>Ha anche lanciato il progetto \u00abSalviamo il vinile\u00bb, in favore del supporto analogico, minacciato dall&#8217;avanzata della musica digitale, ribadendo il valore di possedere un disco anche come oggetto materiale.<\/span><\/p>\n<p style=\"margin-bottom: 0.0001pt; line-height: normal; text-align: justify;\"><span>Nel 2010 ha creato una sua etichetta, \u00abLaSartoriaRecord\u00bb e lanciato un nuovo album intitolato \u00abIl Sarto\u00bb, contenente brani cantati da vari cantanti e rapper emergenti. Il titolo del disco deriva dal sopra<\/span><span>nnome \u00abThe Tailor\u00bb (Il Sarto), che gli \u00e8 stato dato da un musicista americano per la sua capacit\u00e0 di cucire la mus<\/span><span>ica su misura in base all&#8217;artista che deve interpretarla.<\/span><\/p>\n<p style=\"margin-bottom: 0.0001pt; line-height: normal; text-align: justify;\"><span>Dal 2017 \u00e8 impegnato nel progetto\/tour \u00abDJ Jad Big Band\u00bb in cui affianca le canzoni storiche della sua carriera con nuove composizioni, affidate alle voci di Danny Losito (funky\/soul), Pino Pepsee (reggae e dance hall), Tiziana Mucciaccia (voce poliedrica) e ai musicisti Ruggiero Balzano (basso), Enrico Elia (tastiere), Claudio De Leo (chitarre), Francesco Dettole (batteria).<\/span><\/p>\n<p style=\"margin-bottom: 0.0001pt; line-height: normal; text-align: justify;\"><strong><span>PINO PEPSEE<\/span><\/strong><a title=\"maxresdefault\" href=\"https:\/\/www.flickr.com\/photos\/91470992@N02\/43422007242\/in\/dateposted-public\/\" data-flickr-embed=\"true\"><img loading=\"lazy\" decoding=\"async\" style=\"margin: 4px; float: right;\" src=\"https:\/\/farm2.staticflickr.com\/1790\/43422007242_bb33bf97a5_z.jpg\" alt=\"maxresdefault\" width=\"350\" height=\"197\" \/><\/a><\/p>\n<p style=\"margin-bottom: 0.0001pt; line-height: normal; text-align: justify;\"><span>Cantante e compositore del gr<\/span><span>uppo reggae barlettano \u00abChop Chop band\u00bb, fondato nel 1992 e con cui ha registrato cinque album (\u00abFiore di Terra\u00bb, \u00abSveglia\u00bb, \u00abCi sei o no?\u00bb, \u00abSunshine\u00bb e \u00abRialimenta\u00bb), suonando dal vivo in tutta italia e in alcuni paesi europei. Si \u00e8 esibito varie volte anche a Gioia.<\/span><\/p>\n<p style=\"margin-bottom: 0.0001pt; line-height: normal;\"><span>Dal disco \u00abRialimenta\u00bb, uscito nel 2016, sono stati finora realizzati tre video, per i brani \u00abUn po&#8217; di volume\u00bb \u00abLiberer\u00e0\u00bb e \u00abSe lei domani\u00bb.<\/span><\/p>\n<p style=\"margin-bottom: 0.0001pt; line-height: normal; text-align: justify;\"><span>Da qualche anno Pino ha intrapreso anche un percorso parallelo come solista, collaborando con DJ Jad, con cui ha realizzato negli anni scorsi i video \u00abQuesta estate\u00bb, \u00abDue Settimane\u00bb e \u00abLampi che annunciano\u00bb e la riedizione 2017 di \u00abDomani\u00bb degli Articolo 31, girata a Barletta e cantata insieme a Tiziana Muciacccia.<\/span><\/p>\n<p><iframe loading=\"lazy\" src=\"https:\/\/www.youtube.com\/embed\/2TEyGZqheQ0\" width=\"640\" height=\"365\" allowfullscreen=\"allowfullscreen\" allow=\"autoplay; encrypted-media\"><\/iframe><\/p>\n","protected":false},"excerpt":{"rendered":"","protected":false},"author":1,"featured_media":0,"comment_status":"open","ping_status":"closed","sticky":false,"template":"","format":"standard","meta":{"colormag_page_container_layout":"default_layout","colormag_page_sidebar_layout":"default_layout","footnotes":""},"categories":[7],"tags":[],"class_list":["post-59047","post","type-post","status-publish","format-standard","hentry","category-attualita"],"_links":{"self":[{"href":"https:\/\/archiviogioia.lavocedelpaese.info\/index.php?rest_route=\/wp\/v2\/posts\/59047","targetHints":{"allow":["GET"]}}],"collection":[{"href":"https:\/\/archiviogioia.lavocedelpaese.info\/index.php?rest_route=\/wp\/v2\/posts"}],"about":[{"href":"https:\/\/archiviogioia.lavocedelpaese.info\/index.php?rest_route=\/wp\/v2\/types\/post"}],"author":[{"embeddable":true,"href":"https:\/\/archiviogioia.lavocedelpaese.info\/index.php?rest_route=\/wp\/v2\/users\/1"}],"replies":[{"embeddable":true,"href":"https:\/\/archiviogioia.lavocedelpaese.info\/index.php?rest_route=%2Fwp%2Fv2%2Fcomments&post=59047"}],"version-history":[{"count":0,"href":"https:\/\/archiviogioia.lavocedelpaese.info\/index.php?rest_route=\/wp\/v2\/posts\/59047\/revisions"}],"wp:attachment":[{"href":"https:\/\/archiviogioia.lavocedelpaese.info\/index.php?rest_route=%2Fwp%2Fv2%2Fmedia&parent=59047"}],"wp:term":[{"taxonomy":"category","embeddable":true,"href":"https:\/\/archiviogioia.lavocedelpaese.info\/index.php?rest_route=%2Fwp%2Fv2%2Fcategories&post=59047"},{"taxonomy":"post_tag","embeddable":true,"href":"https:\/\/archiviogioia.lavocedelpaese.info\/index.php?rest_route=%2Fwp%2Fv2%2Ftags&post=59047"}],"curies":[{"name":"wp","href":"https:\/\/api.w.org\/{rel}","templated":true}]}}