{"id":59114,"date":"2018-07-28T07:45:01","date_gmt":"2018-07-28T07:45:01","guid":{"rendered":"https:\/\/archiviogioia.lavocedelpaese.info\/?p=59114"},"modified":"2018-07-28T07:45:01","modified_gmt":"2018-07-28T07:45:01","slug":"meteo-attenzione-ritorna-il-gran-caldo-africano-video","status":"publish","type":"post","link":"https:\/\/archiviogioia.lavocedelpaese.info\/?p=59114","title":{"rendered":"METEO. ATTENZIONE. RITORNA IL GRAN CALDO AFRICANO-video"},"content":{"rendered":"<p><a title=\"4D4B3CC6-7912-46CD-A36A-A8D1706FBD67\" href=\"https:\/\/www.flickr.com\/photos\/91470992@N02\/42792543495\/in\/dateposted-public\/\" data-flickr-embed=\"true\"><img loading=\"lazy\" decoding=\"async\" style=\"display: block; margin-left: auto; margin-right: auto;\" src=\"https:\/\/farm1.staticflickr.com\/941\/42792543495_0b745c4586_z.jpg\" alt=\"4D4B3CC6-7912-46CD-A36A-A8D1706FBD67\" width=\"320\" height=\"240\" \/><\/a><\/p>\n<p><!--more--><\/p>\n<p style=\"text-align: justify;\"><a title=\"029B1C6A-4B30-4FC0-BCA5-995A35702C8C\" href=\"https:\/\/www.flickr.com\/photos\/91470992@N02\/28806090227\/in\/dateposted-public\/\" data-flickr-embed=\"true\"><img loading=\"lazy\" decoding=\"async\" style=\"margin: 4px; float: left;\" src=\"https:\/\/farm1.staticflickr.com\/857\/28806090227_1024a92105_z.jpg\" alt=\"029B1C6A-4B30-4FC0-BCA5-995A35702C8C\" width=\"400\" height=\"284\" \/><\/a> &#8220;Nella <strong>parte finale di luglio, esattamente da questo fine settimana del 28-29 fino ai primi giorni di Agosto, grosso modo fino al weekend del 4 e 5<\/strong>, si espander\u00e0 veramente e completamente sull&#8217;Italia un <strong>promontorio anticiclonico<\/strong>, ovvero una struttura di alta pressione che trae origine dal <strong>nord Africa<\/strong>, dal Sahara, ma che si allunga verso il Mediterraneo e quindi verso l&#8217;Italia, <span>pompando cos\u00ec <strong>masse d&#8217;aria caldissime<\/strong><\/span> dal deserto verso le nostre citt\u00e0: inizialmente secca, l&#8217;aria si arricchir\u00e0 di <strong>umidit\u00e0 <\/strong><span>nel corso del <\/span>suo lungo tragitto sulla superficie dei nostri mari, e giunger\u00e0 sui nostri paesi stracolma di <strong>afa,<\/strong> e lo far\u00e0 rendendo insopportabili le giornate e pure le notti.<\/p>\n<p style=\"text-align: justify;\">Sebbene sia ancora troppo presto <a title=\"italy2_m\" href=\"https:\/\/www.flickr.com\/photos\/91470992@N02\/28806089697\/in\/dateposted-public\/\" data-flickr-embed=\"true\"><img loading=\"lazy\" decoding=\"async\" style=\"margin: 4px; float: right;\" src=\"https:\/\/farm1.staticflickr.com\/860\/28806089697_c6cdcc5fa5.jpg\" alt=\"italy2_m\" width=\"300\" height=\"324\" \/><\/a>per determinare con esattezza i valori delle <strong>temperature<\/strong> massime che si potrebbero registrare in quel periodo, si pu\u00f2 supporre che citt\u00e0 lontane dal mare come <strong>Bologna <\/strong>e <strong>Firenze<\/strong> <strong>potrebbero certamente <\/strong><strong>superare i 39\u00b0C<\/strong>, mentre altre lombarde come <strong>Milano<\/strong> si dovrebbero fermare a 34. <strong>Roma rimarr\u00e0 stabile a 35-36<\/strong> per tutto il periodo, mentre i <strong>40\u00b0C <\/strong>verranno ripetutamente raggiunti nelle zone interne di <strong>Sicilia, Sardegna, e nel foggiano in Puglia;<\/strong> sulle regioni adriatiche si potranno difficilmente superare quei terribili valori, ma sar\u00e0 l&#8217;umidit\u00e0 elevatissima a rendere il clima sgradevole&#8221;.<\/p>\n<p style=\"text-align: right;\">[<strong>ilmeteo.it<\/strong>]<\/p>\n<p><iframe loading=\"lazy\" src=\"https:\/\/www.ilmeteo.it\/videom\/embed_domani_autoplay\" width=\"640\" height=\"400\" allowfullscreen=\"allowfullscreen\" mozallowfullscreen=\"true\" webkitallowfullscreen=\"true\"><\/iframe><\/p>\n<p><iframe loading=\"lazy\" src=\"https:\/\/www.ilmeteo.it\/videom\/embed_20180730_autoplay\" width=\"640\" height=\"360\" allowfullscreen=\"allowfullscreen\" mozallowfullscreen=\"true\" webkitallowfullscreen=\"true\"><\/iframe><\/p>\n","protected":false},"excerpt":{"rendered":"","protected":false},"author":1,"featured_media":0,"comment_status":"open","ping_status":"closed","sticky":false,"template":"","format":"standard","meta":{"colormag_page_container_layout":"default_layout","colormag_page_sidebar_layout":"default_layout","footnotes":""},"categories":[8],"tags":[],"class_list":["post-59114","post","type-post","status-publish","format-standard","hentry","category-cronaca"],"_links":{"self":[{"href":"https:\/\/archiviogioia.lavocedelpaese.info\/index.php?rest_route=\/wp\/v2\/posts\/59114","targetHints":{"allow":["GET"]}}],"collection":[{"href":"https:\/\/archiviogioia.lavocedelpaese.info\/index.php?rest_route=\/wp\/v2\/posts"}],"about":[{"href":"https:\/\/archiviogioia.lavocedelpaese.info\/index.php?rest_route=\/wp\/v2\/types\/post"}],"author":[{"embeddable":true,"href":"https:\/\/archiviogioia.lavocedelpaese.info\/index.php?rest_route=\/wp\/v2\/users\/1"}],"replies":[{"embeddable":true,"href":"https:\/\/archiviogioia.lavocedelpaese.info\/index.php?rest_route=%2Fwp%2Fv2%2Fcomments&post=59114"}],"version-history":[{"count":0,"href":"https:\/\/archiviogioia.lavocedelpaese.info\/index.php?rest_route=\/wp\/v2\/posts\/59114\/revisions"}],"wp:attachment":[{"href":"https:\/\/archiviogioia.lavocedelpaese.info\/index.php?rest_route=%2Fwp%2Fv2%2Fmedia&parent=59114"}],"wp:term":[{"taxonomy":"category","embeddable":true,"href":"https:\/\/archiviogioia.lavocedelpaese.info\/index.php?rest_route=%2Fwp%2Fv2%2Fcategories&post=59114"},{"taxonomy":"post_tag","embeddable":true,"href":"https:\/\/archiviogioia.lavocedelpaese.info\/index.php?rest_route=%2Fwp%2Fv2%2Ftags&post=59114"}],"curies":[{"name":"wp","href":"https:\/\/api.w.org\/{rel}","templated":true}]}}