{"id":59117,"date":"2018-07-28T08:00:08","date_gmt":"2018-07-28T08:00:08","guid":{"rendered":"https:\/\/archiviogioia.lavocedelpaese.info\/?p=59117"},"modified":"2018-07-28T08:00:08","modified_gmt":"2018-07-28T08:00:08","slug":"gestione-servizio-igiene-urbana-tutto-da-rifare-2","status":"publish","type":"post","link":"https:\/\/archiviogioia.lavocedelpaese.info\/?p=59117","title":{"rendered":"GESTIONE SERVIZIO IGIENE URBANA. TUTTO DA RIFARE?"},"content":{"rendered":"<p><a title=\"kit porta rifiuti aro ba5\" href=\"https:\/\/www.flickr.com\/photos\/91470992@N02\/36959498186\/in\/photolist-Ciqrrb-Zkf1uf-YC2UYk-Ykx7Gq-XmLHfa-YiZ6am-XjN35q-XjN3wN-XNF7Na-WzafcT-XAtYaZ-WwTdMd-SWhyLF-RGmqnD-RGmqeH-RGmqct-XNF7V4-RU9C3J-QTJc6M-RbGdpP-Rkpv82-R79qk1-Rnk7W4-RbGdBH-RbGcWz-TDLVFv-PJWuy2-Pwerg1-Pwer1S-NvA8aV-NvA86X-XcC7A7-WwTdxL-XAudRH-WwTdjE-NvA84n\" data-flickr-embed=\"true\"><img loading=\"lazy\" decoding=\"async\" style=\"display: block; margin-left: auto; margin-right: auto;\" src=\"https:\/\/farm5.staticflickr.com\/4371\/36959498186_a4c0d0675a_z.jpg\" alt=\"kit porta rifiuti aro ba5\" width=\"320\" height=\"240\" \/><\/a><\/p>\n<p><!--more--><\/p>\n<p style=\"text-align: justify;\"><a title=\"bando facilitatori aro ba5\" href=\"https:\/\/www.flickr.com\/photos\/91470992@N02\/36627813685\/in\/photolist-Ciqrrb-Zkf1uf-YC2UYk-Ykx7Gq-XmLHfa-YiZ6am-XjN35q-XjN3wN-XNF7Na-WzafcT-XAtYaZ-WwTdMd-SWhyLF-RGmqnD-RGmqeH-RGmqct-XNF7V4-RU9C3J-QTJc6M-RbGdpP-Rkpv82-R79qk1-Rnk7W4-RbGdBH-RbGcWz-TDLVFv-PJWuy2-Pwerg1-Pwer1S-NvA8aV-NvA86X-XcC7A7-WwTdxL-XAudRH-WwTdjE-NvA84n\" data-flickr-embed=\"true\"><img loading=\"lazy\" decoding=\"async\" style=\"margin: 4px; float: left;\" src=\"https:\/\/farm5.staticflickr.com\/4432\/36627813685_46653af8cd_o.jpg\" alt=\"bando facilitatori aro ba5\" width=\"400\" height=\"300\" \/><\/a>Colpo di scena nella gestione del servizio di igiene urbana dell&#8217;Aro Bari 5, di cui fa parte il nostro Comune. <strong>Il Consiglio di Stato<\/strong>, <strong><a href=\"https:\/\/www.giustizia-amministrativa.it\/cdsintra\/wcm\/idc\/groups\/public\/documents\/document\/mday\/odi5\/~edisp\/apoyrspebh3ygybmbhbph54pvi.html\" target=\"_blank\" rel=\"noopener\">con sentenza inappellabile<\/a><\/strong> emessa il 21 giugno e pubblicata lo scorso 25 luglio, <strong>ha revocato l&#8217;aggiudicazione al Raggruppamento d&#8217;imprese guidato dal CNS<\/strong>-Bologna, disponendo il subentro della Ecologia Falzarano srl, seconda classificata nella gara d&#8217;appalto.<\/p>\n<p style=\"text-align: justify;\"><strong>Quel che ci si chiede \u00e8 come mai<\/strong> prima di appaltare una gara del valore di oltre 100 milioni di euro per nove anni, <strong>la commissione <\/strong>che ha esaminato gli atti non si sia resa conto della inadempienza e <strong>non abbia controllato con la dovuta attenzione ogni atto<\/strong>.<\/p>\n<p style=\"text-align: justify;\">Le motivazioni del ricorso legate al <strong>mancato<\/strong> <strong>possesso da parte dell\u2019impresa Del Fiume di una certificazione per i servizi di igiene urbana<\/strong> &#8211; la Uni En Iso14001, richiesta a tutte le imprese partecipanti alla gara -, ritenute insussistenti dal Tar, hanno invece convinto i magistrati del Consiglio di Stato. <strong>L\u2019Ecologica Falzarano<\/strong>, azienda con sede, all\u2019epoca della gara, a Benevento, piazzatasi con un punteggio di poco al di sotto rispetto agli appaltanti <strong>di contro aveva problemi con l\u2019importo della polizza fideiussoria<\/strong>, problemi <strong>che a detta del direttore generale dell\u2019Aro Giuseppe Santoiemma potrebbe risolversi con una sanzione e<\/strong><strong>conomica<\/strong>.<\/p>\n<p style=\"text-align: justify;\">Con la revoca del contratto al CNS la domanda che tutti si pongono \u00e8 <strong>cosa accadr\u00e0<\/strong><a title=\"bando facilitatori aro ba5\" href=\"https:\/\/www.flickr.com\/photos\/91470992@N02\/35818513633\/in\/photolist-Ciqrrb-Zkf1uf-YC2UYk-Ykx7Gq-XmLHfa-YiZ6am-XjN35q-XjN3wN-XNF7Na-WzafcT-XAtYaZ-WwTdMd-SWhyLF-RGmqnD-RGmqeH-RGmqct-XNF7V4-RU9C3J-QTJc6M-RbGdpP-Rkpv82-R79qk1-Rnk7W4-RbGdBH-RbGcWz-TDLVFv-PJWuy2-Pwerg1-Pwer1S-NvA8aV-NvA86X-XcC7A7-WwTdxL-XAudRH-WwTdjE-NvA84n\" data-flickr-embed=\"true\"><img loading=\"lazy\" decoding=\"async\" style=\"margin: 4px; float: right;\" src=\"https:\/\/farm5.staticflickr.com\/4426\/35818513633_678e6c7057_z.jpg\" alt=\"bando facilitatori aro ba5\" width=\"400\" height=\"279\" \/><\/a><strong> nei Comun<\/strong><strong>i di Gioia del Colle, Acquaviva delle Fonti, Adelfia, Casamassima, Sammichele e Turi<\/strong> ed in particolare <strong>quale sar\u00e0 il destino dei dipendenti assunti dalle ditte subappaltanti, come la Navita<\/strong> <strong>srl<\/strong>, a distanza di pochi giorni dagli entusiastici proclami sui risultati raggiunti spenti in parte dalle polemiche sugli aumenti della tassa rifiuti e sul nuovo calendario che vede ridursi il ritiro di indifferenziata in citt\u00e0 e nell\u2019agro e di plastica in quest\u2019ultimo.<\/p>\n<p style=\"text-align: justify;\"><strong>In sintesi<\/strong>, prima di ripercorre i passaggi salienti della vicenda, i giudici della Quinta Sezione, guidati dal dott. Carlo Saltelli, <strong>affermano che una delle imprese<\/strong> facenti parte del Raggruppamento &#8211; la Del Fiume srl &#8211; <strong>\u00e8 risultata priva dei &#8220;requisiti<\/strong> di qualificazione professionali&#8221; richiesti esplicitamente dal disciplinare di gara.<\/p>\n<p style=\"text-align: justify;\"><strong>AGGIUDICAZIONE E RICORSO AL TAR<\/strong><\/p>\n<p style=\"text-align: justify;\"><strong>L&#8217;8 ottobre 2014 l&#8217;Aro Bari 5 approva gli atti di gara per l\u2019affidamento<\/strong> dei servizi di igiene urbana nei Comuni di Acquaviva delle Fonti, Adelfia, Casamassima, Gioia del Colle, Sammichele di Bari e Turi.<\/p>\n<p style=\"text-align: justify;\"><strong>Sette le aziende che partecipano<\/strong> <strong>alla gara aggiudicata definitivamente<\/strong>, il 3 novembre 2015,<strong> in favore del Raggruppamento di Imprese<\/strong> costituito da CNS-Bologna (impresa mandataria), Cogeir Costruzioni e Gestioni srl (impresa mandante) con sede a San Vito dei Normanni (BR) e Impresa Del Fiume spa (impresa mandante) con sede a Taranto.<\/p>\n<p style=\"text-align: justify;\"><strong>L&#8217;Ecologia Falzarano s.r.l., seconda classificata<\/strong> con 54,406 punti per l&#8217;offerta tecnica e 19,086 punti per l&#8217;offerta economica, <strong>chiede al TAR Puglia l\u2019annullamento<\/strong> di tale aggiu<a title=\"1a6ba3d993a31ff7005b6b535e3379bb\" href=\"https:\/\/www.flickr.com\/photos\/91470992@N02\/28807879857\/in\/photostream\/\" data-flickr-embed=\"true\"><img loading=\"lazy\" decoding=\"async\" style=\"margin: 4px; float: left;\" src=\"https:\/\/farm1.staticflickr.com\/861\/28807879857_d6c25075cf.jpg\" alt=\"1a6ba3d993a31ff7005b6b535e3379bb\" width=\"400\" height=\"300\" \/><\/a>dicazione, <strong>lamentando una serie di violazioni <\/strong>del disciplinare di gara, oltre a contestare il punteggio assegnato all\u2019offerta tecnica e <strong>la presunta incompatibilit\u00e0 del Presidente della Commissione di gara<\/strong>, che rivestiva contemporaneamente il ruolo di Direttore dell&#8217;Aro Bari 5 e quello di responsabile unico del procedimento.<\/p>\n<p style=\"text-align: justify;\"><strong>Il 23 febbraio 2017<\/strong>, <strong>la prim<\/strong><strong>a Sezione del Tribunale Amministrativo pugliese respinge il ricorso<\/strong>, ma la Falzarano non si arrende e chiama in causa il Consiglio di Stato.<\/p>\n<p><strong>IL &#8220;RIBALTONE&#8221; DEL CONSIGLIO DI STATO<\/strong><\/p>\n<p style=\"text-align: justify;\">Come anticipato in premessa, la Quinta sezione del Consiglio di Stato, dopo oltre un anno di attesa, si \u00e8 pronunciata il 21 giugno, ribaltando la sentenza dei giudici amministrativi. <strong>A parere dei magistrati romani, l&#8217;impresa Del Fiume non avrebbe potuto essere ammessa alla gara<\/strong> poich\u00e9 non rispettava quanto disposto dal disciplinare di gara, che prevedeva che tutte le aziende partecipanti avessero le necessarie certificazioni (certificato UNI EN ISO 14001 per i sistemi di gestione ambientale), rilasciate da un organismo accreditato e conformi alle norme europee.<\/p>\n<p style=\"text-align: justify;\">L&#8217;impresa Del Fiume &#8220;\u00e8 risultata in possesso di certificazione ISO 14001:2004 &#8211; si legge in un passaggio della sentenza &#8211; allo scopo di progettare, installare e mantenere impianti e reti elettriche di media e bassa tensione aeree e interrate, reti di distribuzione del gas, reti idriche e fognanti, impianti di produzione di energia elettrica da fonti rinnovabili, in<a title=\"cassazione\" href=\"https:\/\/www.flickr.com\/photos\/91470992@N02\/43697178491\" data-flickr-embed=\"true\"><img loading=\"lazy\" decoding=\"async\" style=\"margin: 4px; float: right;\" src=\"https:\/\/farm1.staticflickr.com\/928\/43697178491_c275d1db2d_o.jpg\" alt=\"cassazione\" width=\"400\" height=\"172\" \/><\/a>stallare e mantenere cabine di trasformazione, costruire canalizzazioni per cavi e reti di energia e telefonici&#8221;. Dunque, <strong>fanno notare i giudi<\/strong><strong>ci<\/strong>,<strong><span style=\"font-weight: normal;\">\u201cnon vi \u00e8 alcuna &#8220;contiguit\u00e0&#8221; tra le attivit\u00e0 per cui \u00e8 abilitata l&#8217;impresa tarantina e quelle oggetto dell&#8217;appalto\u201d.<\/span><\/strong><\/p>\n<p style=\"text-align: justify;\"><strong>In aggiunta<\/strong>, <strong>si \u00e8 riscontrata <\/strong><strong>anche la<\/strong> <strong>mancata iscrizione dell&#8217;impresa Del Fiume alle classi e categorie dell\u2019Albo Nazionale Gestori Ambientali coerenti con<\/strong><strong> il servizio che doveva svolgere<\/strong><strong><span style=\"font-weight: normal;\">:<\/span><\/strong>&#8220;[&#8230;] nel caso della Del Fiume la certificazione di gestione ambientale rimanda a tutt\u2019altra branca, vale a dire il settore E, pertinente in generale al settore delle costruzioni&#8221;.<\/p>\n<p style=\"text-align: justify;\"><strong>Queste due violazioni<\/strong> &#8211; concludono i magistrati della Quinta sezione &#8211; <strong>rendono nulla la formazione del raggruppamento, e la successiva aggiudicazione dell&#8217;appalto<\/strong>, &#8220;per l\u2019evidente assenza dei requisiti di qualificazione professionale di uno dei componenti, laddove richiesti inderogabilmente&#8221;.<\/p>\n<p style=\"text-align: justify;\"><strong>LA CLAUSOLA DI SALVAGUARDIA<\/strong><\/p>\n<p style=\"text-align: justify;\">Ricordiamo che <strong>nel con<\/strong><strong>tratto che il Comune di Gioia del Colle ha sottoscritto il 24 giugno 20<\/strong><a title=\"ecologia-falzarano-1-630x300\" href=\"https:\/\/www.flickr.com\/photos\/91470992@N02\/41888661370\/in\/dateposted-public\/\" data-flickr-embed=\"true\"><img loading=\"lazy\" decoding=\"async\" style=\"margin: 4px; float: left;\" src=\"https:\/\/farm1.staticflickr.com\/933\/41888661370_161c48e797_o.png\" alt=\"ecologia-falzarano-1-630x300\" width=\"400\" height=\"240\" \/><\/a><strong>16<\/strong> con il Raggruppamento guidato dal CNS-Bologna <strong>\u00e8 stata inserita un&#8217;apposita &#8220;clausola di salvaguardia&#8221;<\/strong> che, proprio in considerazione dei ricorsi all&#8217;epoca pendenti, consente il passaggio di consegna della gestione del servizio senza nessuno strascico legale per la nostra amministrazione.<\/p>\n<p style=\"text-align: justify;\">Se \u00e8 vero che si possono fin da ora escludere ripercussioni legali, <strong>non \u00e8 detto che il cambio di gestore sia del tutto indolore anche sotto il profilo economico<\/strong>. Come noto, il costo del servizio di igiene urbana viene interamente coperto dai cittadini mediante il pagamento della TARI (tassa sui rifiuti). <strong>Se<\/strong> <strong>le condizioni offerte dalla Falzarano<\/strong> &#8211; che saranno ora perfezionate dall&#8217;Aro con la sottoscrizione di un nuovo contratto &#8211; <strong>dovessero essere pi\u00f9 dispendiose<\/strong> di quelle attuali, <strong>si render\u00e0 necessario ricorrere ad un aumento della tassazione<\/strong> per compensare gli eventuali maggiori costi.<\/p>\n<p style=\"text-align: justify;\"><strong>Nel frattempo<\/strong>, apprendiamo che <strong>l&#8217;Aro ha convocato una riunione di tutti i sindaci e commissari interessati<\/strong> al fine di valutare le soluzioni da adottare.<\/p>\n<p>&nbsp;<\/p>\n","protected":false},"excerpt":{"rendered":"","protected":false},"author":1,"featured_media":0,"comment_status":"open","ping_status":"closed","sticky":false,"template":"","format":"standard","meta":{"colormag_page_container_layout":"default_layout","colormag_page_sidebar_layout":"default_layout","footnotes":""},"categories":[8],"tags":[],"class_list":["post-59117","post","type-post","status-publish","format-standard","hentry","category-cronaca"],"_links":{"self":[{"href":"https:\/\/archiviogioia.lavocedelpaese.info\/index.php?rest_route=\/wp\/v2\/posts\/59117","targetHints":{"allow":["GET"]}}],"collection":[{"href":"https:\/\/archiviogioia.lavocedelpaese.info\/index.php?rest_route=\/wp\/v2\/posts"}],"about":[{"href":"https:\/\/archiviogioia.lavocedelpaese.info\/index.php?rest_route=\/wp\/v2\/types\/post"}],"author":[{"embeddable":true,"href":"https:\/\/archiviogioia.lavocedelpaese.info\/index.php?rest_route=\/wp\/v2\/users\/1"}],"replies":[{"embeddable":true,"href":"https:\/\/archiviogioia.lavocedelpaese.info\/index.php?rest_route=%2Fwp%2Fv2%2Fcomments&post=59117"}],"version-history":[{"count":0,"href":"https:\/\/archiviogioia.lavocedelpaese.info\/index.php?rest_route=\/wp\/v2\/posts\/59117\/revisions"}],"wp:attachment":[{"href":"https:\/\/archiviogioia.lavocedelpaese.info\/index.php?rest_route=%2Fwp%2Fv2%2Fmedia&parent=59117"}],"wp:term":[{"taxonomy":"category","embeddable":true,"href":"https:\/\/archiviogioia.lavocedelpaese.info\/index.php?rest_route=%2Fwp%2Fv2%2Fcategories&post=59117"},{"taxonomy":"post_tag","embeddable":true,"href":"https:\/\/archiviogioia.lavocedelpaese.info\/index.php?rest_route=%2Fwp%2Fv2%2Ftags&post=59117"}],"curies":[{"name":"wp","href":"https:\/\/api.w.org\/{rel}","templated":true}]}}