{"id":59121,"date":"2018-07-29T08:33:30","date_gmt":"2018-07-29T08:33:30","guid":{"rendered":"https:\/\/archiviogioia.lavocedelpaese.info\/?p=59121"},"modified":"2018-07-29T08:33:30","modified_gmt":"2018-07-29T08:33:30","slug":"porta-a-porta-risultati-obiettivi-cambiamenti-consigli-2","status":"publish","type":"post","link":"https:\/\/archiviogioia.lavocedelpaese.info\/?p=59121","title":{"rendered":"\u201cPorta a porta\u201d. Risultati &#8211; obiettivi &#8211; cambiamenti &#8211; consigli"},"content":{"rendered":"<p><a title=\"risultati porta a porta\" href=\"https:\/\/www.flickr.com\/photos\/91470992@N02\/43674674292\/in\/dateposted-public\/\" data-flickr-embed=\"true\"><img loading=\"lazy\" decoding=\"async\" style=\"display: block; margin-left: auto; margin-right: auto;\" src=\"https:\/\/farm1.staticflickr.com\/940\/43674674292_5075f52c4b_z.jpg\" alt=\"risultati porta a porta\" width=\"320\" height=\"240\" \/><\/a><\/p>\n<p><!--more--><\/p>\n<p style=\"text-align: justify;\"><a title=\"risultati porta a porta\" href=\"https:\/\/www.flickr.com\/photos\/91470992@N02\/42818659095\/in\/dateposted-public\/\" data-flickr-embed=\"true\"><img loading=\"lazy\" decoding=\"async\" style=\"margin: 4px; float: left;\" src=\"https:\/\/farm1.staticflickr.com\/853\/42818659095_7f28c54224_z.jpg\" alt=\"risultati porta a porta\" width=\"400\" height=\"194\" \/><\/a> Mercoled\u00ec 25 luglio 2018 si \u00e8 svolta presso la sala Javarone la conferenza stampa della Navita per illustrare le novit\u00e0 per la raccolta differenziata in vigore dal 1 agosto 2018.<\/p>\n<p style=\"text-align: justify;\">Erano presenti <strong>Giuseppe Santoiemma<\/strong>, direttore dell&#8217;ARO BA5, il commissario prefettizio <strong>Umberto Postiglione<\/strong>, <strong>Francesco Roca<\/strong>, amministratore unico di Navita e l&#8217;ing. <strong>Vincenzo Gadaleta<\/strong>, responsabile del servizio di raccolta differenziata nel nostro paese. Un incontro cordiale, senza inutili polemiche, che ha chiarito la maggior parte dei dubbi. Forse \u00e8 stato organizzato con ritardo, visto che si sapeva gi\u00e0 che per contratto ci sarebbero state delle variazioni a partire dal 1 agosto; sarebbe stato pi\u00f9 opportuno anticipare sia la conferenza stampa, sia la consegna delle lettere con le variazioni del calendario per permettere agli utenti di venirne a conoscenza in tempo utile.<\/p>\n<p style=\"text-align: justify;\">Il nuovo calendario riprende la grafica del precedente con l&#8217;uso dei pallini colorati, ma a mio parere spicca l&#8217;assenza di una legenda o comunque di un breve testo che permetta di capire il colore associato a ogni tipo di materiale, cosa fatta solo per il calendario dettagliato dedicato alle case sparse.<a title=\"risultati porta a porta\" href=\"https:\/\/www.flickr.com\/photos\/91470992@N02\/41913654960\/in\/dateposted-public\/\" data-flickr-embed=\"true\"><img loading=\"lazy\" decoding=\"async\" style=\"margin: 4px; float: right;\" src=\"https:\/\/farm1.staticflickr.com\/934\/41913654960_d76d267ee3_z.jpg\" alt=\"risultati porta a porta\" width=\"400\" height=\"194\" \/><\/a><\/p>\n<p style=\"text-align: justify;\">Capisco l&#8217;intenzione di semplificare la campagna informativa ricorrendo ai colori, ma non credo sarebbe stato particolarmente oneroso fare un passo in pi\u00f9 verso una maggiore chiarezza.<\/p>\n<p style=\"text-align: justify;\"><strong>Un bilancio della differenziata a Gioia<\/strong><\/p>\n<p style=\"text-align: justify;\">La raccolta differenziata \u00e8 stata introdotta anche a Gioia, il 1 novembre 2017, dopo una lunga serie di polemiche sulla mancata consegna dei mastelli a domicilio e su una campagna informativa ritenuta un po&#8217; affrettata. Nonostante le previsioni negative di molti, i gioiesi hanno saputo adattarsi al nuovo metodo abbastanza rapidamente.<\/p>\n<p style=\"text-align: justify;\">Sono stati distribuiti in totale 12.607 kit per differenziata, di cui 11.200 per le sole utenze domestiche; registrate inoltre 829 nuove utenze e distribuite 1.126 compostiere.<\/p>\n<p style=\"text-align: justify;\">I dati sulla raccolta nel primo semestre 2018 si attestano su una percentuale media del 74,39 di differenziata, con una sensibile riduzione dei rifiuti per le utenze domestich<a title=\"risultati porta a porta\" href=\"https:\/\/www.flickr.com\/photos\/91470992@N02\/41913654160\/in\/dateposted-public\/\" data-flickr-embed=\"true\"><img loading=\"lazy\" decoding=\"async\" style=\"margin: 4px; float: left;\" src=\"https:\/\/farm1.staticflickr.com\/851\/41913654160_775b2e873b_z.jpg\" alt=\"risultati porta a porta\" width=\"400\" height=\"300\" \/><\/a>e.<\/p>\n<p style=\"text-align: justify;\">A giugno 2018 le percentuali per le utenze domestiche sono 37,6% organico, 1,7% imballaggi di cartone, 8,7% carta e cartoncino, 6% imballaggi di vetro, 19,1% imballaggi di plastica e metallo e 26,9% di indifferenziato.<\/p>\n<p style=\"text-align: justify;\">Per le utenze non domestiche 39,8% imballaggi di cartone, 2,8% carta, 16,1% organico, 13,6% imballaggi di plastica e metallo, 5,9% imballaggi di vetro e 21,8% di indifferenziato.<\/p>\n<p style=\"text-align: justify;\">Nel corso di questi mesi sono state riscontrate 8504 anomalie di conferimento per le utenze domestiche e 1365 per le utenze non domestiche. Diminuite le segnalazioni di errori nel conferimento; dalle 350 difformit\u00e0 gravi individuate a gennaio 2018 si \u00e8 scesi a poco pi\u00f9 di 50 a giugno 2018.<\/p>\n<p style=\"text-align: justify;\">In generale, secondo i dati della Regione Puglia, la percentuale media di raccolta differenziata \u00e8 passata dal 26,34% al 74,39%, con una riduzione della produzione media pro-capite del 24,50%.<\/p>\n<p style=\"text-align: justify;\"><strong>MASTELLI INTELLIGENTI<\/strong><\/p>\n<p style=\"text-align: justify;\">Il sistema di raccolta della Navita si basa sull&#8217;uso dei cosiddetti mastelli intelligenti, dotati di un codice RFID che consente all&#8217;operatore di leggere i dati di raccolta in tempo reale durante lo svuotamento, tramite un braccialetto.<\/p>\n<p style=\"text-align: justify;\">Nel corso dell&#8217;incontro \u00e8 stato mostrato un esempio di report giornaliero per singola utenza, un sistema che consente di evidenziare ora del ritiro, codice mastello ed eventuali anomalie nel conferimento. Il sistema annota anche i rifiuti consegnati presso il CCR (Centro Comunale di Raccolta).<a title=\"risultati porta a porta\" href=\"https:\/\/www.flickr.com\/photos\/91470992@N02\/43674674812\/in\/dateposted-public\/\" data-flickr-embed=\"true\"><img loading=\"lazy\" decoding=\"async\" style=\"margin: 4px; float: right;\" src=\"https:\/\/farm1.staticflickr.com\/929\/43674674812_57da7dfe72_z.jpg\" alt=\"risultati porta a porta\" width=\"400\" height=\"225\" \/><\/a><\/p>\n<p style=\"text-align: justify;\">Questo metodo in futuro dovrebbe permettere di far pagare la TARI non pi\u00f9 in base ai soli metri quadri, ma in percentuale alla quantit\u00e0 di rifiuti effettivamente prodotti, in base al principio \u00abchi pi\u00f9 inquina, pi\u00f9 paga\u00bb.<\/p>\n<p style=\"text-align: justify;\">I criteri e le modalit\u00e0 da applicare dovranno comunque essere comunque stabiliti in sede politica dalla prossima amministrazione.<\/p>\n<p style=\"text-align: justify;\"><strong>GLI ERRORI PI\u00d9 COMUNI<\/strong><\/p>\n<p style=\"text-align: justify;\">L&#8217;ing. Gadaleta ha voluto anche riepilogare rapidamente i principali errori riscontrati finora.<\/p>\n<p style=\"text-align: justify;\">1) Presenza di sacchetti abbandonati per strada o posti al di fuori del mastello intelligente, di cui non \u00e8 possibile stabilire la provenienza e la \u00abpaternit\u00e0\u00bb.<\/p>\n<p style=\"text-align: justify;\">2) Sacchetti esposti al mattino al di fuori della fascia oraria 21.00-24.00 con conseguenti lamentele successive per il mancato ritiro.<\/p>\n<p style=\"text-align: justify;\">Se esporre i mastelli un po&#8217; prima non crea grosse difficolt\u00e0, l&#8217;esposizione tardiva interferisce con l&#8217;organizzazione del lavoro, costringendo a volte a fare un doppio giro i<a title=\"risultati porta a porta\" href=\"https:\/\/www.flickr.com\/photos\/91470992@N02\/41913652700\/in\/dateposted-public\/\" data-flickr-embed=\"true\"><img loading=\"lazy\" decoding=\"async\" style=\"margin: 4px; float: left;\" src=\"https:\/\/farm1.staticflickr.com\/938\/41913652700_1d78a00882_z.jpg\" alt=\"risultati porta a porta\" width=\"300\" height=\"533\" \/><\/a>n zone gi\u00e0 raggiunte.<\/p>\n<p style=\"text-align: justify;\">3) Presenza di mastelli semivuoti, soprattutto di organico.<\/p>\n<p style=\"text-align: justify;\">In questo caso il sistema segnala un&#8217;anomalia, ma non vengono imposte sanzioni, vista la difficolt\u00e0, soprattutto d&#8217;estate di poter tener in casa per vari giorni sacchetti maleodoranti e spesso gocciolanti.<\/p>\n<p style=\"text-align: justify;\">4) Sacchi della plastica semivuoti o riempiti solo parzialmente o bottiglie\/contenitori non schiacciati adeguatamente per ridurne il volume, tenendo anche conto che si tratta di un materiale che di norma non produce cattivi odori.<\/p>\n<p style=\"text-align: justify;\">5) Non utilizzo degli appositi sacchetti compostabili per l&#8217;umido, inconveniente che causa la presenza di impurit\u00e0 nel prodotto e, se superiori al 3% anche un aumento dei costi per lo smaltimento.<\/p>\n<p style=\"text-align: justify;\">Segnalo a questo proposito anche il problema dei sacchetti della frutta venduta nei supermercati, che una recente legge ha imposto dover essere compostabili, ma che spesso vengono \u00abarricchiti\u00bb dallo scontrino della bilancia, rendendoli inutilizzabili per il compostaggio.<\/p>\n<p style=\"text-align: justify;\">6) Lasciare i rifiuti ingombranti a bordo strada senza prima aver preso appuntamento con la Navita per il ritiro a domicilio. L&#8217;occupazione del suolo \u00e8 consentita solo per il tempo necessario per il ritiro da parte della ditta, altrimenti si potrebbe incorrere nel reato di abbandono abusivo di rifiuti.<\/p>\n<p style=\"text-align: justify;\">Ricordiamo che per le utenze non domestiche i rifiuti devono sempre essere tenuti all&#8217;interno del proprio spazio, evitando di lasciare i mastelli all&#8217;esterno del negozio\/attivit\u00e0 se non al momento del ritiro.<\/p>\n<p style=\"text-align: justify;\">Altri problemi rilevati sono uno scarso uso delle compostiere da parte di chi ne ha fatto richiesta e la cattiva abitudine di lasciare i propri rifiuti davanti ai cancelli del CCR quando questo viene trovato chiuso, probabilmente per non dover aspettare o per evitare che i rifiuti vengano associati alla propria utenza.<\/p>\n<p style=\"text-align: justify;\"><strong>COSA CAMBIA<\/strong><\/p>\n<p style=\"text-align: justify;\">Dal 1 agosto 2018 il contratto con la Navita prevede alcuni cambiamenti nel servizio, in particolare l&#8217;indifferenziato verr\u00e0 raccolto solo una volta a settimana.<\/p>\n<p style=\"text-align: justify;\"><strong>Vediamo i nuovi calendari zona per zona:<\/strong><\/p>\n<div style=\"text-align: justify;\"><strong>Zona 1<\/strong><\/div>\n<div style=\"text-align: justify;\"><strong>Organico<\/strong>: luned\u00ec, mercoled\u00ec e venerd\u00ec &#8211; <strong>Indifferenziato<\/strong>: marted\u00ec &#8211; <strong>Plastica<\/strong>: gioved\u00ec &#8211; <strong>Vetro<\/strong>: gioved\u00ec &#8211; <strong>Carta<\/strong>: sabato;<\/div>\n<div style=\"text-align: justify;\"><strong>Zona 2<\/strong><\/div>\n<div style=\"text-align: justify;\"><strong>Organico<\/strong>: luned\u00ec, mercoled\u00ec e venerd\u00ec &#8211; <strong>Indifferenziato<\/strong>: marted\u00ec &#8211; <strong>Plastica<\/strong>: gioved\u00ec &#8211; <strong>Vetro<\/strong>: venerd\u00ec &#8211;<\/div>\n<div style=\"text-align: justify;\"><strong>Carta<\/strong>: sabato;<\/div>\n<div style=\"text-align: justify;\"><strong>Zona 3<\/strong><\/div>\n<div style=\"text-align: justify;\"><strong>Organico<\/strong>: luned\u00ec, mercoled\u00ec e venerd\u00ec &#8211; <strong>Indifferenziato<\/strong>: marted\u00ec &#8211; Plastica: gioved\u00ec &#8211; Vetro: sabato &#8211; Carta: sabato.<\/div>\n<p style=\"text-align: justify;\"><span>Nessuna variazione per chi usufruisce della raccolta extra di pannolini\/pannoloni il gioved\u00ec e sabato mattina.<\/span><\/p>\n<p style=\"text-align: justify;\"><span>Per le case sparse la raccolta sar\u00e0 quindicinale, secondo i calendari distribuiti agli utenti. In queste zone sono stati distribuiti contenitori pi\u00f9 ampi.<\/span><\/p>\n<div style=\"text-align: justify;\"><strong>Case Sparse &#8211; Zona 1<\/strong><\/div>\n<div style=\"text-align: justify;\">Luned\u00ec: indifferenziato &#8211; Mercoled\u00ec: plastica e metalli &#8211; Venerd\u00ec: carta &#8211; Sabato: vetro;<\/div>\n<div style=\"text-align: justify;\"><strong>Case Sparse &#8211; Zona 2<\/strong><\/div>\n<div style=\"text-align: justify;\">Marted\u00ec: indifferenziato &#8211; Gioved\u00ec: plastica e metalli &#8211; Venerd\u00ec: carta &#8211; Sabato: vetro;<\/div>\n<div style=\"text-align: justify;\"><strong>Case Sparse &#8211; Zona 3a<\/strong><\/div>\n<div style=\"text-align: justify;\">Luned\u00ec: indifferenziato &#8211; Mercoled\u00ec: plastica e metalli &#8211; Venerd\u00ec: carta &#8211; Sabato: vetro;<\/div>\n<div style=\"text-align: justify;\"><strong>Case Sparse &#8211; Zona 3b<\/strong><\/div>\n<div style=\"text-align: justify;\">Marted\u00ec: indifferenziato &#8211; Gioved\u00ec: plastica e metalli &#8211; Venerd\u00ec: carta &#8211; Sabato: vetro.<\/div>\n<p style=\"text-align: justify;\"><strong>UTENZE NON DOMESTICHE<\/strong><\/p>\n<div style=\"text-align: justify;\"><strong>Organico<\/strong>: dalle 21.00 alle 24.00 dalla domenica al venerd\u00ec<\/div>\n<div style=\"text-align: justify;\"><strong>Cartone<\/strong>: dalle 21.00 alle 24.00 dalla domenica al venerd\u00ec<\/div>\n<div style=\"text-align: justify;\"><strong>Indifferenziato<\/strong>: dalle 21.00 alle 24.00 di ogni luned\u00ec<\/div>\n<div style=\"text-align: justify;\"><strong>Carta<\/strong>: dalle 21.00 alle 24.00 di ogni marted\u00ec<\/div>\n<div style=\"text-align: justify;\"><strong>Plastica e metalli<\/strong>: dalle 21.00 alle 24.00 di ogni mercoled\u00ec (*)<\/div>\n<div style=\"text-align: justify;\"><strong>Vetro<\/strong>: dalle 21.00 alle 24.00 di ogni luned\u00ec e gioved\u00ec<\/div>\n<p style=\"text-align: justify;\"><span>(*) Per un numero limitato di utenze non domestiche (massimo 120) \u00e8 previsto un ritiro aggiuntivo il luned\u00ec mattina. I contenitori vanno esposti dalle 21.00 alle 24.00 della domenica (ammesso il conferimento entro le 8.00 del luned\u00ec per le attivit\u00e0 chiuse la domenica).<\/span><\/p>\n<p style=\"text-align: justify;\"><strong>I MIGLIORAMENTI POSSIBILI<\/strong><\/p>\n<p style=\"text-align: justify;\">Nel complesso un bilancio positivo, hanno evidenziato gli amministratori di Navita, anche se ci sono ancora alcune difficolt\u00e0 da superare, su cui si sta lavorando. Sono segnalate lamentele sui rumori provocati dalla raccolta del vetro. per cui si studieranno eventuali variazioni degli orari di raccolta. Ci sono anche forti perplessit\u00e0 riguardo ai cattivi odori provocati dalla raccolta settimanale dell&#8217;indifferenziato nel centro abitato.<\/p>\n<p style=\"text-align: justify;\">Il dott. Postiglione, attuale commissario del comune di Gioia, ha lodato la presenza dei mastelli intelligenti, in grado di leggere i comportamenti dei cittadini e di permettere di verificare attraverso la banca dati comportamenti anomali per eventuali richiami.<\/p>\n<p style=\"text-align: justify;\">Oltre ai mastelli intelligenti saranno probabilmente necessarie delle telecamere poste in punti critici per individuare chi ha l&#8217;abitudine di abbandonare i rifiuti in campagna e l&#8217;aiuto dei cittadini per segnalare eventuali abbandoni di rifiuti, anche pericolosi, lungo le strade fino a creare delle vere e proprie discariche abusive.<\/p>\n<p style=\"text-align: justify;\">Postiglione ha ricordato di aver promosso la raccolta differenziata gi\u00e0 nei primi anni duemila nei comuni da lui amministrati, senza per\u00f2 l&#8217;uso delle attuali tecnologie.<\/p>\n<p style=\"text-align: justify;\">Il cambio del calendario era gi\u00e0 previsto dal contratto a un anno dalla stipula per consentire un maggior risparmio, ottimizzando le risorse disponibili. Sarebbe stato opportuno avvisare la cittadinanza con un maggiore anticipo, visto che molti ancora fanno fatica a memorizzare gli attuali orari di raccolta.<\/p>\n<p style=\"text-align: justify;\">Segnalato da un cittadino anche il problema delle lettiere per i gatti e la necessit\u00e0 di un luogo dove poter conferire anche questi rifiuti. Per legge nel CCR non pu\u00f2 essere raccolto anche l&#8217;indifferenziato, per cui \u00e8 stato consigliato l&#8217;uso di lettiere vegetali, smaltibili con l&#8217;umido.<\/p>\n<p style=\"text-align: justify;\">Concludo con alcuni interrogativi\/proposte relativi ad alcuni tipi di rifiuti, forse meno importanti, di cui non si \u00e8 fatto cenno nel corso dell&#8217;incontro e su cui sarebbe bene avere chiarimenti:<\/p>\n<p style=\"text-align: justify;\">&#8211; la raccolta degli abiti usati, svolta (pare) da una societ\u00e0 esterna che spesso non avrebbe rispettato le date indicate per la raccolta, lasciando i sacchi abbandonati per strada.<\/p>\n<p style=\"text-align: justify;\">A questo punto credo sarebbe bene rivedere il servizio, eventualmente rimettendo i contenitori gialli utilizzati precedentemente.<\/p>\n<p style=\"text-align: justify;\">&#8211; analogo discorso per la raccolta dell&#8217;olio domestico; nonostante la consegna a tutti dell&#8217;apposita lattina credo che pochi abbiano avuto la pazienza di portarla al CCR, per cui gran parte dell&#8217;olio temo finisca ancora nelle fognature. Anche in questo caso forse sarebbe opportuno tornare ai precedenti contenitori e magari avviare una campagna informativa sull&#8217;importanza di questa raccolta.<\/p>\n<p style=\"text-align: justify;\">&#8211; la raccolta dei RAEE (lampadine a led e risparmio energetico, piccoli apparecchi elettrici ed elettronici), avviene attualmente solo all&#8217;interno del CCR.<\/p>\n<p style=\"text-align: justify;\">Esiste una normativa che obbliga i venditori di tali apparecchi a ritirare i rifiuti, anche in assenza di un acquisto, ma mi sembra che sia ancora inapplicata, disincentivando di fatto i cittadini dallo smaltimento corretto di questi rifiuti altamente inquinanti. Forse sarebbe possibile posizionare dei contenitori analoghi a quelli usati per la raccolta dei medicinali o delle pile per non recarsi al CCR solo per una lampadina o un telefonino.<\/p>\n<p style=\"text-align: justify;\"><strong>Apertura<\/strong> e relativi orari del <strong>CCR<\/strong> e dell\u2019<strong>Infopoint<\/strong><\/p>\n<p style=\"text-align: justify;\"><strong><span>CCR<\/span><\/strong><\/p>\n<div style=\"text-align: justify;\"><span>luned\u00ec dalle 7.00 alle 13.00<\/span><\/div>\n<div style=\"text-align: justify;\"><span>marted\u00ec dalle 9.00 \/ 12.00 alle&nbsp;15.00 \/ 19.00<\/span><\/div>\n<div style=\"text-align: justify;\"><span>mercoled\u00ec dalle 7.00 alle 13.00<\/span><\/div>\n<div style=\"text-align: justify;\"><span>gioved\u00ec dalle 9.00 \/ 12.00 alle 15.00 \/ 19.00<\/span><\/div>\n<div style=\"text-align: justify;\"><span>venerd\u00ec dalle 7.00 alle 13.00<\/span><\/div>\n<div style=\"text-align: justify;\"><span>sabato dalle 7.00 alle 13.00<\/span><\/div>\n<p style=\"text-align: justify;\"><strong><span>INFOPOINT: <\/span><\/strong><span>dal luned\u00ec al sabato dalle 8.00 alle 11.00<\/span><\/p>\n<p style=\"text-align: justify;\" align=\"left\"><span>Entrambi sono chiusi la domenica e durante tutte le festivit\u00e0 infrasettimanali\u201d.<\/span><\/p>\n<p style=\"text-align: justify;\" align=\"left\">Per maggiori informazioni visitare il sito <a href=\"http:\/\/www.aroba5.it\"><span style=\"color: blue;\">http:\/\/www.aroba5.it.<\/span><\/a><\/p>\n<p>&nbsp;<\/p>\n","protected":false},"excerpt":{"rendered":"","protected":false},"author":1,"featured_media":0,"comment_status":"open","ping_status":"closed","sticky":false,"template":"","format":"standard","meta":{"colormag_page_container_layout":"default_layout","colormag_page_sidebar_layout":"default_layout","footnotes":""},"categories":[8],"tags":[],"class_list":["post-59121","post","type-post","status-publish","format-standard","hentry","category-cronaca"],"_links":{"self":[{"href":"https:\/\/archiviogioia.lavocedelpaese.info\/index.php?rest_route=\/wp\/v2\/posts\/59121","targetHints":{"allow":["GET"]}}],"collection":[{"href":"https:\/\/archiviogioia.lavocedelpaese.info\/index.php?rest_route=\/wp\/v2\/posts"}],"about":[{"href":"https:\/\/archiviogioia.lavocedelpaese.info\/index.php?rest_route=\/wp\/v2\/types\/post"}],"author":[{"embeddable":true,"href":"https:\/\/archiviogioia.lavocedelpaese.info\/index.php?rest_route=\/wp\/v2\/users\/1"}],"replies":[{"embeddable":true,"href":"https:\/\/archiviogioia.lavocedelpaese.info\/index.php?rest_route=%2Fwp%2Fv2%2Fcomments&post=59121"}],"version-history":[{"count":0,"href":"https:\/\/archiviogioia.lavocedelpaese.info\/index.php?rest_route=\/wp\/v2\/posts\/59121\/revisions"}],"wp:attachment":[{"href":"https:\/\/archiviogioia.lavocedelpaese.info\/index.php?rest_route=%2Fwp%2Fv2%2Fmedia&parent=59121"}],"wp:term":[{"taxonomy":"category","embeddable":true,"href":"https:\/\/archiviogioia.lavocedelpaese.info\/index.php?rest_route=%2Fwp%2Fv2%2Fcategories&post=59121"},{"taxonomy":"post_tag","embeddable":true,"href":"https:\/\/archiviogioia.lavocedelpaese.info\/index.php?rest_route=%2Fwp%2Fv2%2Ftags&post=59121"}],"curies":[{"name":"wp","href":"https:\/\/api.w.org\/{rel}","templated":true}]}}