{"id":59164,"date":"2018-08-03T07:04:20","date_gmt":"2018-08-03T07:04:20","guid":{"rendered":"https:\/\/archiviogioia.lavocedelpaese.info\/?p=59164"},"modified":"2018-08-03T07:04:20","modified_gmt":"2018-08-03T07:04:20","slug":"meteo-grossa-anomalia-termica-nei-mari-italiani-effetti-immediati-3","status":"publish","type":"post","link":"https:\/\/archiviogioia.lavocedelpaese.info\/?p=59164","title":{"rendered":"Meteo: grossa anomalia termica nei mari italiani. Effetti immediati"},"content":{"rendered":"<p><a title=\"C8492B9C-ABB4-4A1A-B4FD-2B4571BF6A8D\" href=\"https:\/\/www.flickr.com\/photos\/91470992@N02\/42917970005\/in\/dateposted-public\/\" data-flickr-embed=\"true\"><img loading=\"lazy\" decoding=\"async\" style=\"display: block; margin-left: auto; margin-right: auto;\" src=\"https:\/\/farm1.staticflickr.com\/855\/42917970005_880f169c0f_z.jpg\" alt=\"C8492B9C-ABB4-4A1A-B4FD-2B4571BF6A8D\" width=\"320\" height=\"240\" \/><\/a><\/p>\n<p><!--more--><\/p>\n<p style=\"text-align: justify;\"><a title=\"italy1\" href=\"https:\/\/www.flickr.com\/photos\/91470992@N02\/43773353622\/in\/dateposted-public\/\" data-flickr-embed=\"true\"><img loading=\"lazy\" decoding=\"async\" style=\"margin: 4px; float: left;\" src=\"https:\/\/farm1.staticflickr.com\/854\/43773353622_420bf46e09.jpg\" alt=\"italy1\" width=\"350\" height=\"378\" \/><\/a>\u201c<strong>L&#8217;aumento della <span>temperatura superficiale<\/span> del <span>Mar Mediterraneo<\/span><\/strong> \u00e8 ormai una realt\u00e0 consolidata, come accertato <span>recentemente da accurate<\/span> <span>rilevazioni satellitari<\/span>, e gli<span> <strong>effetti potenzialmente esplosivi<\/strong> <\/span>che potr\u00e0 avere sull&#8217;Italia potranno<span> verificarsi gi\u00e0 nel breve termine<\/span>: l&#8217;acqua sempre pi\u00f9 calda evapora maggiormente, fornendo un<span> grosso quantitativo<\/span> di energia che si riversa sotto forma di nubifragi e forti grandinate sulla terraferma.<\/p>\n<p style=\"text-align: justify;\"><strong>Questo \u00e8 gi\u00e0 accaduto nel corso della mattinata di ieri, g<span>ioved\u00ec 2 <\/span>sull&#8217;alto Adriatico<\/strong>, quando un <span>ampio sistema temporalesco<\/span> ha imperversato tra<span> Veneto, Lombardia ed Emilia-Romagna<\/span>, traendo grande forza da un <span>mare<\/span> ormai <span>a 29\u00b0C; <\/span><strong>anche le <span>prossime ore<\/span> si preannunciano davvero esplosive<\/strong> in tutte quelle zone a rischio fenomeni temporaleschi, fino a Roma.<\/p>\n<p style=\"text-align: justify;\">Ma c&#8217;\u00e8 di pi\u00f9, perch\u00e9 <strong>i temporali previsti<\/strong> nel corso dei prossimi giorni e poi nel weekend, <strong>potranno ottenere ancor pi\u00f9 vigore dai<span> mari caldi<\/span><\/strong>, diventando particolarmente <span>cattivi e insidiosi<\/span> una volta raggiunte le coste e le zone interne\u201d.<\/p>\n<p style=\"text-align: right;\">[<strong>ilmeteo.it<\/strong>]<\/p>\n<p>&nbsp;<\/p>\n","protected":false},"excerpt":{"rendered":"","protected":false},"author":1,"featured_media":0,"comment_status":"open","ping_status":"closed","sticky":false,"template":"","format":"standard","meta":{"colormag_page_container_layout":"default_layout","colormag_page_sidebar_layout":"default_layout","footnotes":""},"categories":[8],"tags":[],"class_list":["post-59164","post","type-post","status-publish","format-standard","hentry","category-cronaca"],"_links":{"self":[{"href":"https:\/\/archiviogioia.lavocedelpaese.info\/index.php?rest_route=\/wp\/v2\/posts\/59164","targetHints":{"allow":["GET"]}}],"collection":[{"href":"https:\/\/archiviogioia.lavocedelpaese.info\/index.php?rest_route=\/wp\/v2\/posts"}],"about":[{"href":"https:\/\/archiviogioia.lavocedelpaese.info\/index.php?rest_route=\/wp\/v2\/types\/post"}],"author":[{"embeddable":true,"href":"https:\/\/archiviogioia.lavocedelpaese.info\/index.php?rest_route=\/wp\/v2\/users\/1"}],"replies":[{"embeddable":true,"href":"https:\/\/archiviogioia.lavocedelpaese.info\/index.php?rest_route=%2Fwp%2Fv2%2Fcomments&post=59164"}],"version-history":[{"count":0,"href":"https:\/\/archiviogioia.lavocedelpaese.info\/index.php?rest_route=\/wp\/v2\/posts\/59164\/revisions"}],"wp:attachment":[{"href":"https:\/\/archiviogioia.lavocedelpaese.info\/index.php?rest_route=%2Fwp%2Fv2%2Fmedia&parent=59164"}],"wp:term":[{"taxonomy":"category","embeddable":true,"href":"https:\/\/archiviogioia.lavocedelpaese.info\/index.php?rest_route=%2Fwp%2Fv2%2Fcategories&post=59164"},{"taxonomy":"post_tag","embeddable":true,"href":"https:\/\/archiviogioia.lavocedelpaese.info\/index.php?rest_route=%2Fwp%2Fv2%2Ftags&post=59164"}],"curies":[{"name":"wp","href":"https:\/\/api.w.org\/{rel}","templated":true}]}}