{"id":59181,"date":"2018-08-08T11:05:55","date_gmt":"2018-08-08T11:05:55","guid":{"rendered":"https:\/\/archiviogioia.lavocedelpaese.info\/?p=59181"},"modified":"2018-08-08T11:05:55","modified_gmt":"2018-08-08T11:05:55","slug":"serate-allinsegna-del-divertimento-con-restate-in-quartiere","status":"publish","type":"post","link":"https:\/\/archiviogioia.lavocedelpaese.info\/?p=59181","title":{"rendered":"Serate all\u2019insegna del divertimento con \u201c(R)Estate in quartiere\u201d"},"content":{"rendered":"<p><a title=\"r-estate in quartiere\" href=\"https:\/\/www.flickr.com\/photos\/91470992@N02\/43885621592\" data-flickr-embed=\"true\"><img loading=\"lazy\" decoding=\"async\" style=\"display: block; margin-left: auto; margin-right: auto;\" src=\"https:\/\/farm1.staticflickr.com\/930\/43885621592_a128d3778b_z.jpg\" alt=\"r-estate in quartiere\" width=\"320\" height=\"240\" \/><\/a><\/p>\n<p><!--more--><\/p>\n<p style=\"text-align: justify;\"><a title=\"r-estate in quartiere\" href=\"https:\/\/www.flickr.com\/photos\/91470992@N02\/30064707538\/in\/photostream\/\" data-flickr-embed=\"true\"><img loading=\"lazy\" decoding=\"async\" style=\"margin: 4px; float: left;\" src=\"https:\/\/farm1.staticflickr.com\/939\/30064707538_b9ab3c46f3_z.jpg\" alt=\"r-estate in quartiere\" width=\"400\" height=\"178\" \/><\/a><strong>Continuano, nel Quartiere \u201cRinascita\u201d, le serate all\u2019insegna del liscio, dei balli di gruppo e della pizzica salentina<\/strong>. Ad organizzare la prima rassegna estiva \u201c<strong>(R)Estate in Quartiere<\/strong>\u201d, presso il quartiere \u201cRinascita\u201d, \u00e8 il Comitato di Quartiere, con il patrocinio del Comune di Gioia del Colle ed in collaborazione con il Progetto \u201cFamiglie in Centro\u201d, \u201cCmR Casa di Pegaso\u201d, l\u2019associazione \u201cObiettivo Gioia\u201d, il \u201cPresidio Libera Gioia\u201d, e gli sponsor che hanno deciso di supportare il Comitato di Quartiere: la Farmacia San Pio, Idem Group, i bar \u201cMakk\u00e8Bar\u201d, e \u201cIl Bello delle donne\u201d.<\/p>\n<p style=\"text-align: justify;\">La prima serata che si \u00e8 svolta venerd\u00ec 27 luglio ha visto una buona partecipazione di pubblico, per la prossima data prevista per <strong>venerd\u00ec 10 agosto<\/strong> \u00e8 previsto un pubblico ancora pi\u00f9 numeroso. Partenza <strong>dalle ore 20.00 sino alle ore 24.00<\/strong>. A seguire, il cartellone proporr\u00e0 nuovi appuntamenti <strong>per tutta l\u2019estate con altre serate danzanti, cinema sotto le stelle, spettacoli per bambini, incontri tematici e serate Karaoke<\/strong>.<\/p>\n<p><a title=\"r-estate in quartiere\" href=\"https:\/\/www.flickr.com\/photos\/91470992@N02\/43933689791\/in\/photostream\/\" data-flickr-embed=\"true\"><img loading=\"lazy\" decoding=\"async\" src=\"https:\/\/farm1.staticflickr.com\/850\/43933689791_24623470d6_c.jpg\" alt=\"r-estate in quartiere\" width=\"670\" height=\"893\" \/><\/a><\/p>\n","protected":false},"excerpt":{"rendered":"","protected":false},"author":1,"featured_media":0,"comment_status":"open","ping_status":"closed","sticky":false,"template":"","format":"standard","meta":{"colormag_page_container_layout":"default_layout","colormag_page_sidebar_layout":"default_layout","footnotes":""},"categories":[7],"tags":[],"class_list":["post-59181","post","type-post","status-publish","format-standard","hentry","category-attualita"],"_links":{"self":[{"href":"https:\/\/archiviogioia.lavocedelpaese.info\/index.php?rest_route=\/wp\/v2\/posts\/59181","targetHints":{"allow":["GET"]}}],"collection":[{"href":"https:\/\/archiviogioia.lavocedelpaese.info\/index.php?rest_route=\/wp\/v2\/posts"}],"about":[{"href":"https:\/\/archiviogioia.lavocedelpaese.info\/index.php?rest_route=\/wp\/v2\/types\/post"}],"author":[{"embeddable":true,"href":"https:\/\/archiviogioia.lavocedelpaese.info\/index.php?rest_route=\/wp\/v2\/users\/1"}],"replies":[{"embeddable":true,"href":"https:\/\/archiviogioia.lavocedelpaese.info\/index.php?rest_route=%2Fwp%2Fv2%2Fcomments&post=59181"}],"version-history":[{"count":0,"href":"https:\/\/archiviogioia.lavocedelpaese.info\/index.php?rest_route=\/wp\/v2\/posts\/59181\/revisions"}],"wp:attachment":[{"href":"https:\/\/archiviogioia.lavocedelpaese.info\/index.php?rest_route=%2Fwp%2Fv2%2Fmedia&parent=59181"}],"wp:term":[{"taxonomy":"category","embeddable":true,"href":"https:\/\/archiviogioia.lavocedelpaese.info\/index.php?rest_route=%2Fwp%2Fv2%2Fcategories&post=59181"},{"taxonomy":"post_tag","embeddable":true,"href":"https:\/\/archiviogioia.lavocedelpaese.info\/index.php?rest_route=%2Fwp%2Fv2%2Ftags&post=59181"}],"curies":[{"name":"wp","href":"https:\/\/api.w.org\/{rel}","templated":true}]}}