{"id":59488,"date":"2018-09-24T09:09:08","date_gmt":"2018-09-24T09:09:08","guid":{"rendered":"https:\/\/archiviogioia.lavocedelpaese.info\/?p=59488"},"modified":"2018-09-24T09:09:08","modified_gmt":"2018-09-24T09:09:08","slug":"gioia-del-colle-atti-intimidatori-verso-il-centro-di-ascolto-2","status":"publish","type":"post","link":"https:\/\/archiviogioia.lavocedelpaese.info\/?p=59488","title":{"rendered":"Gioia del Colle. Atti intimidatori verso il Centro di Ascolto"},"content":{"rendered":"<p style=\"text-align: justify;\"><a title=\"centro di ascolto\" href=\"https:\/\/www.flickr.com\/photos\/91470992@N02\/31017491898\" data-flickr-embed=\"true\"><img loading=\"lazy\" decoding=\"async\" style=\"display: block; margin-left: auto; margin-right: auto;\" src=\"https:\/\/farm2.staticflickr.com\/1956\/31017491898_c3acfe867d_o.jpg\" alt=\"centro di ascolto\" width=\"320\" height=\"240\" \/><\/a><\/p>\n<p><!--more--><\/p>\n<p style=\"margin-bottom: 0.0001pt; line-height: normal; text-align: justify;\"><a title=\"centro di ascolto\" href=\"https:\/\/www.flickr.com\/photos\/91470992@N02\/43978771755\" data-flickr-embed=\"true\"><img loading=\"lazy\" decoding=\"async\" style=\"margin: 4px; float: left;\" src=\"https:\/\/farm2.staticflickr.com\/1941\/43978771755_9d600c18d5.jpg\" alt=\"centro di ascolto\" width=\"400\" height=\"301\" \/><\/a> <strong><span>Un autunno davvero \u201cnero\u201d per il Centro di Ascolto<\/span><\/strong><span> \u201cDal silenzio alla parola\u201d, da dieci anni operativo sul territorio con sportelli disseminati per la citt\u00e0.<\/span><\/p>\n<p style=\"margin-bottom: 0.0001pt; line-height: normal; text-align: justify;\"><strong><span>Nella notte del 20 settembre ignoti hanno appiccato il fuoco all\u2019ingresso<\/span><\/strong><span> di via Jacopo Sannazzaro. Le fiamme fortunatamente non hanno arrecato gravi danni n\u00e9 toccato gli arredi interni. Ed \u00e8 il secondo atto intimidatorio ai danni del Centro che tempo fa fu vandalizzato a seguito di un furto.<\/span><\/p>\n<p style=\"margin-bottom: 0.0001pt; line-height: normal; text-align: justify;\"><strong><span>Nei giorni scorsi \u00e8 anche giunta la richiesta di liberare la struttura di Via Eva<\/span><\/strong><span> che ospita lo sportello \u201c<strong>Vestire la dignit\u00e0<\/strong>\u201d, in quanto indispensabile per le attivit\u00e0 dell\u2019istituto, <strong>uno \u201csfratto\u201d che<\/strong> inevitabilmente <strong>porter\u00e0 alla soppressione di un servizio utile ed apprezzato<\/strong> dalla comunit\u00e0, se non sar\u00e0 individuata una diversa sede. N\u00e9 pu\u00f2 essere spostato presso lo Sportello Alzheimer sede in via del tutto eccezionale il 13 e 14 settembre del mercatino vintage.<\/span><\/p>\n<p style=\"margin-bottom: 0.0001pt; line-height: normal; text-align: justify;\"><strong><span>Sono infine giunti due esposti<\/span><\/strong><span>. Il primo <strong>per denunciare \u201cluci accese\u201d<\/strong> notte e giorno presso la mensa ospitata nella foresteria della Carano. Il servizio mensa proprio<\/span><a title=\"centro di ascolto\" href=\"https:\/\/www.flickr.com\/photos\/91470992@N02\/31017464238\/in\/photostream\/\" data-flickr-embed=\"true\"><img loading=\"lazy\" decoding=\"async\" style=\"margin: 4px; float: right;\" src=\"https:\/\/farm2.staticflickr.com\/1969\/31017464238_9b21a6e456.jpg\" alt=\"centro di ascolto\" width=\"400\" height=\"225\" \/><\/a><span> in questi giorni \u00e8 pi\u00f9 che mai attivo, infatti grazie agli amici <\/span><span>del compianto Carlo Marazia, volontario del Centro, due volte la settimana vengono preparati e consegnati a domicilio 25 pasti.<\/span><\/p>\n<p style=\"margin-bottom: 0.0001pt; line-height: normal; text-align: justify;\"><span>\u201cGli amici di Carlo in suo ricordo hanno deciso di autotassarsi e continuare la sua opera. Fanno la spesa, cucinano i pasti e li consegnano a domicilio a quelle famiglie con bambini piccoli o anziani per diversi motivi impossibilitati a venire a consumare il pasto a mensa. Un ge<\/span><span>sto molto bello e significativo. <strong>Le<\/strong> <strong>luci vengono accese solo nel momento in cui sono presenti i volontari<\/strong> per effettuare le pulizie o preparare i pasti. La denuncia \u00e8 stata immotivata, inopportuna e tende<\/span><span>nziosa, con il solo scopo di screditare il nostro operato ed intimorirci. E non \u00e8 il primo esposto ricevuto, purtroppo! &#8211; <strong>dichiara Rosanna D\u2019Aprile<\/strong>, responsabile del Centro -. Parrebbe che atti di carit\u00e0, quali offrire un tetto ad un padre che ha perso tutto e a suo figlio, che vive con ansia e fragilit\u00e0 questo momento<\/span><a title=\"centro di ascolto\" href=\"https:\/\/www.flickr.com\/photos\/91470992@N02\/31017463428\/in\/photostream\/\" data-flickr-embed=\"true\"><img loading=\"lazy\" decoding=\"async\" style=\"margin: 4px; float: left;\" src=\"https:\/\/farm2.staticflickr.com\/1978\/31017463428_dbedb7b966.jpg\" alt=\"centro di ascolto\" width=\"400\" height=\"225\" \/><\/a><span> di difficolt\u00e0, evitando che dormano per strada e possano compiere gesti estremi, sia <\/span><span>un delitto. Sono atti di solidariet\u00e0 di cui dovremmo essere orgogliosi, da condividere, non da denunciare. Tutto ci\u00f2 ci getta nello sconforto, non \u00e8 facile accettare che ci sia chi voglia screditarci usando quel che di buono facciamo, ma non per questo ci arrendiamo perch\u00e9 operiamo secondo coscienza, animati dalla fede e dalla carit\u00e0. <strong>Non provo rancore verso chi ci avversa<\/strong>, ma una profonda piet\u00e0. Immagino quanta aridit\u00e0 ci sia nei loro cuori se sentono il bisogno di distruggere quello che \u00e8 stato creato in questi anni con ta<\/span><span>nto amore e sacrifici. Nel momento in cui il Centro dovesse sospendere le sue attivit\u00e0 e chiudere gli sportelli, <strong>chi ne trarr\u00e0 svantaggio sono i pi\u00f9 poveri<\/strong> <strong>ed indifesi<\/strong>, coloro che la societ\u00e0 e le istituzioni hanno gi\u00e0 abbandonato al loro destino. <strong>E\u2019 questo l\u2019obiettivo che si vuol perseguire?<\/strong>\u201d<\/span><\/p>\n<p>&nbsp;<\/p>\n<p>&nbsp;<\/p>\n","protected":false},"excerpt":{"rendered":"","protected":false},"author":1,"featured_media":0,"comment_status":"open","ping_status":"closed","sticky":false,"template":"","format":"standard","meta":{"colormag_page_container_layout":"default_layout","colormag_page_sidebar_layout":"default_layout","footnotes":""},"categories":[8],"tags":[],"class_list":["post-59488","post","type-post","status-publish","format-standard","hentry","category-cronaca"],"_links":{"self":[{"href":"https:\/\/archiviogioia.lavocedelpaese.info\/index.php?rest_route=\/wp\/v2\/posts\/59488","targetHints":{"allow":["GET"]}}],"collection":[{"href":"https:\/\/archiviogioia.lavocedelpaese.info\/index.php?rest_route=\/wp\/v2\/posts"}],"about":[{"href":"https:\/\/archiviogioia.lavocedelpaese.info\/index.php?rest_route=\/wp\/v2\/types\/post"}],"author":[{"embeddable":true,"href":"https:\/\/archiviogioia.lavocedelpaese.info\/index.php?rest_route=\/wp\/v2\/users\/1"}],"replies":[{"embeddable":true,"href":"https:\/\/archiviogioia.lavocedelpaese.info\/index.php?rest_route=%2Fwp%2Fv2%2Fcomments&post=59488"}],"version-history":[{"count":0,"href":"https:\/\/archiviogioia.lavocedelpaese.info\/index.php?rest_route=\/wp\/v2\/posts\/59488\/revisions"}],"wp:attachment":[{"href":"https:\/\/archiviogioia.lavocedelpaese.info\/index.php?rest_route=%2Fwp%2Fv2%2Fmedia&parent=59488"}],"wp:term":[{"taxonomy":"category","embeddable":true,"href":"https:\/\/archiviogioia.lavocedelpaese.info\/index.php?rest_route=%2Fwp%2Fv2%2Fcategories&post=59488"},{"taxonomy":"post_tag","embeddable":true,"href":"https:\/\/archiviogioia.lavocedelpaese.info\/index.php?rest_route=%2Fwp%2Fv2%2Ftags&post=59488"}],"curies":[{"name":"wp","href":"https:\/\/api.w.org\/{rel}","templated":true}]}}