{"id":59537,"date":"2018-10-04T06:28:50","date_gmt":"2018-10-04T06:28:50","guid":{"rendered":"https:\/\/archiviogioia.lavocedelpaese.info\/?p=59537"},"modified":"2018-10-04T06:28:50","modified_gmt":"2018-10-04T06:28:50","slug":"prodigio-ha-deciso-e-donato-colacicco-il-suo-candidato-sindaco-2","status":"publish","type":"post","link":"https:\/\/archiviogioia.lavocedelpaese.info\/?p=59537","title":{"rendered":"Pro.di.Gio. ha deciso. \u00c8 Donato Colacicco il suo candidato sindaco"},"content":{"rendered":"<p><a title=\"Donato Colacicco - Candidato Sindaco Pro.di.Gio.\" href=\"https:\/\/www.flickr.com\/photos\/91470992@N02\/43278808630\" data-flickr-embed=\"true\"><img loading=\"lazy\" decoding=\"async\" style=\"display: block; margin-left: auto; margin-right: auto;\" src=\"https:\/\/farm2.staticflickr.com\/1927\/43278808630_a158421fb1_z.jpg\" alt=\"Donato Colacicco - Candidato Sindaco Pro.di.Gio.\" width=\"320\" height=\"240\" \/><\/a><\/p>\n<p><!--more--><\/p>\n<p style=\"text-align: justify;\"><a title=\"2018_10_03 Comunicato Elezione Candidato Sindaco-1\" href=\"https:\/\/www.flickr.com\/photos\/91470992@N02\/45043864002\/in\/photostream\/\" data-flickr-embed=\"true\"><img loading=\"lazy\" decoding=\"async\" style=\"margin: 4px; float: left;\" src=\"https:\/\/farm2.staticflickr.com\/1909\/45043864002_dfb59835a2_z.jpg\" alt=\"2018_10_03 Comunicato Elezione Candidato Sindaco-1\" width=\"400\" height=\"181\" \/><\/a> \u201cLe foto sono testimoni pi\u00f9 delle parole e la traccia conservata nel cuore e nella mente del calore con il quale piazza Plebiscito ha abbracciato la proposta di cambiamento incarnata da <strong>Donato Lucilla, Enzo Cuscito <\/strong>e la squadra della coalizione che vedeva in Pro.di.Gio. il movimento nel quale pi\u00f9 di ogni altro <strong>i cittadini gioiesi hanno riposto la loro fiducia<\/strong>, \u00e8 inossidabile.<\/p>\n<p style=\"text-align: justify;\">Giovani, carichi di entusiasmo, uomini e donne decisi a non smettere di sperare nel miglioramento della qualit\u00e0 della vita e del futuro dei lori figli si raccolsero attorno alla neoeletta Amministrazione e durante il mandato questo affetto e rispetto non sono mai venuti meno, anche durante le difficolt\u00e0, le nuove sfide, pur nella insufficiente capacit\u00e0 e determinazione nel comunicare l\u2019importante lavoro che si stava realizzando con Gioia, per Gioia.<\/p>\n<p style=\"text-align: justify;\"><strong>In 22 mesi non ci si \u00e8 voluti mai nascondere dietro alcun dito<\/strong>, ma con rigore ed orgoglio abbiamo voluto rilanciare l\u2019immagine del nostro paese, per troppo tempo offuscata dagli scandali, con la stessa coerenza e con lo stesso spirito di servizio offerto in campagna elettorale e ribadito al momento delle <strong>dimissioni, atto dovuto per<\/strong> <strong>l\u2019impossibilit\u00e0 registratasi di proseguire con una maggioranza che garantisse a Gioia del Colle la stabilit\u00e0 politica<\/strong> che merita e della quale necessita.<\/p>\n<p style=\"text-align: justify;\">Quante volte accade che un giocatore, perdendo la testa, senta di non aver pi\u00f9 bisogno della squadra e decida di diventare solista, chiudersi nei propri interessi, lasciandosi fagocitare dal potere e dal delirio di onnipotenza?<\/p>\n<p style=\"text-align: justify;\"><strong>Questo \u00e8 il nostro punto di partenza, non l\u2019anno zero<\/strong>, ma la linea dalla quale ricevere nuovamente il testimone e completare la staffetta. Pro.di.Gio. non ha inteso scendere a compromessi sui valori che ci contraddistinguono, Pro.di.Gio. non ha inteso barattare qualche poltrona c<a title=\"Pro.di.Gio.\" href=\"https:\/\/www.flickr.com\/photos\/91470992@N02\/44181238585\/in\/photostream\/\" data-flickr-embed=\"true\"><img loading=\"lazy\" decoding=\"async\" style=\"float: right;\" src=\"https:\/\/farm2.staticflickr.com\/1910\/44181238585_d9366d9f3b_m.jpg\" alt=\"Pro.di.Gio.\" width=\"229\" height=\"216\" \/><\/a>on la nostra integrit\u00e0 e coerenza, Pro.di.Gio. non ha giocato con la fiducia accordata ma l\u2019ha custodita e nuovamente riposta nelle mani della citt\u00e0. \u00c8 per questo che il progetto non pu\u00f2 che proseguire, rafforzato dall\u2019esperienza acquisita e dalla motivazione, ancora pi\u00f9 salda, che una ed unica sia la strada perseguibile: non torcere indietro il collo ma guardare avanti, dritto!<\/p>\n<p style=\"text-align: justify;\"><strong>L\u2019Assemblea dei Soci di Pro.di.Gio. ha indicato il proprio candidato Sindaco<\/strong>, colui che al meglio possa testimoniare con la propria vita i valori etici e morali fondanti il Movimento, esprimendo la visione ed il nostro progetto sulla citt\u00e0. Quale sar\u00e0 il nostro obiettivo? Riconfermare la fiducia generosamente accordataci nell\u2019estate 2016, non vincendo ma convincendo sulla base non di promesse o favori ma di progetti seri e percorribili. A noi \u00e8 chiaro quanto la strada sar\u00e0 in salita e piena di insidie ed \u00e8 per questo che a guidarci, verso il traguardo, <strong>sar\u00e0 Donato Colacicco<\/strong>.<\/p>\n<p style=\"text-align: justify;\">Sono indicati dal candidato Sindaco, dopo aver consultato l\u2019Assemblea, <strong>Anna Maria Longo<\/strong>, <strong>Domenico Nettis<\/strong> e <strong>Giovanni Fraccalvieri<\/strong> quali <strong>Responsabili delle relazioni politiche<\/strong>.<\/p>\n<p style=\"text-align: justify;\"><strong>Anche la notte pi\u00f9 buia \u00e8 solo il preludio ad una nuova alba<\/strong>\u201d.<\/p>\n<p style=\"text-align: right;\" align=\"right\"><strong>Movimento Pro.di.Gio.<\/strong><\/p>\n<p>&nbsp;<\/p>\n","protected":false},"excerpt":{"rendered":"","protected":false},"author":1,"featured_media":0,"comment_status":"open","ping_status":"closed","sticky":false,"template":"","format":"standard","meta":{"colormag_page_container_layout":"default_layout","colormag_page_sidebar_layout":"default_layout","footnotes":""},"categories":[4],"tags":[],"class_list":["post-59537","post","type-post","status-publish","format-standard","hentry","category-politica"],"_links":{"self":[{"href":"https:\/\/archiviogioia.lavocedelpaese.info\/index.php?rest_route=\/wp\/v2\/posts\/59537","targetHints":{"allow":["GET"]}}],"collection":[{"href":"https:\/\/archiviogioia.lavocedelpaese.info\/index.php?rest_route=\/wp\/v2\/posts"}],"about":[{"href":"https:\/\/archiviogioia.lavocedelpaese.info\/index.php?rest_route=\/wp\/v2\/types\/post"}],"author":[{"embeddable":true,"href":"https:\/\/archiviogioia.lavocedelpaese.info\/index.php?rest_route=\/wp\/v2\/users\/1"}],"replies":[{"embeddable":true,"href":"https:\/\/archiviogioia.lavocedelpaese.info\/index.php?rest_route=%2Fwp%2Fv2%2Fcomments&post=59537"}],"version-history":[{"count":0,"href":"https:\/\/archiviogioia.lavocedelpaese.info\/index.php?rest_route=\/wp\/v2\/posts\/59537\/revisions"}],"wp:attachment":[{"href":"https:\/\/archiviogioia.lavocedelpaese.info\/index.php?rest_route=%2Fwp%2Fv2%2Fmedia&parent=59537"}],"wp:term":[{"taxonomy":"category","embeddable":true,"href":"https:\/\/archiviogioia.lavocedelpaese.info\/index.php?rest_route=%2Fwp%2Fv2%2Fcategories&post=59537"},{"taxonomy":"post_tag","embeddable":true,"href":"https:\/\/archiviogioia.lavocedelpaese.info\/index.php?rest_route=%2Fwp%2Fv2%2Ftags&post=59537"}],"curies":[{"name":"wp","href":"https:\/\/api.w.org\/{rel}","templated":true}]}}