{"id":59642,"date":"2018-10-21T09:21:37","date_gmt":"2018-10-21T09:21:37","guid":{"rendered":"https:\/\/archiviogioia.lavocedelpaese.info\/?p=59642"},"modified":"2018-10-21T09:21:37","modified_gmt":"2018-10-21T09:21:37","slug":"mani-rosse-di-michele-fasano-alla-festa-del-cinema-di-roma-2","status":"publish","type":"post","link":"https:\/\/archiviogioia.lavocedelpaese.info\/?p=59642","title":{"rendered":"\u201cMani Rosse\u201d, di Michele Fasano alla Festa del Cinema di Roma"},"content":{"rendered":"<p><a title=\"mani rosse cortometraggio\" href=\"https:\/\/www.flickr.com\/photos\/91470992@N02\/45424392782\/in\/dateposted-public\/\" data-flickr-embed=\"true\"><img loading=\"lazy\" decoding=\"async\" style=\"display: block; margin-left: auto; margin-right: auto;\" src=\"https:\/\/farm2.staticflickr.com\/1968\/45424392782_086008cdd8_z.jpg\" alt=\"mani rosse cortometraggio\" width=\"320\" height=\"240\" \/><\/a><\/p>\n<p><!--more--><\/p>\n<p style=\"margin-bottom: 0.0001pt; line-height: normal; text-align: justify;\"><a title=\"mani-rosse\" href=\"https:\/\/www.flickr.com\/photos\/91470992@N02\/45476370981\/in\/dateposted-public\/\" data-flickr-embed=\"true\"><img loading=\"lazy\" decoding=\"async\" style=\"margin: 4px; float: left;\" src=\"https:\/\/farm2.staticflickr.com\/1914\/45476370981_562c48b9b9_z.jpg\" alt=\"mani-rosse\" width=\"400\" height=\"225\" \/><\/a> <span><strong>\u00c8 stato proiettato<\/strong> il&nbsp;20 ottobre alla Sala Timvision del Villaggio della Musica\/Festa del Cinema <strong>in anteprima mondiale<\/strong> il film d\u2019animazione <strong>\u201cMani rosse\u201d<\/strong> ideato dallo Studio Mistral di <strong>Francesco Filippi<\/strong>, regista e produttore associato del film e dalla casa di produzione Sattva Films srl del regista gioiese <strong>Michele Fasano<\/strong>. <\/span><\/p>\n<p style=\"margin-bottom: 0.0001pt; line-height: normal; text-align: justify;\"><span>Il medio-metraggio in stop-motion e animazione 2D sul tema della violenza sui minori, vanta importanti partner istituzionali quali RAI Ragazzi, MiBAC e Apulia Film Commission, Emilia Romagna Film Commission, insieme a Creative Europe, Paul Thiltges Distribution, Strasbourg Film Fund, Amopix ed Exprivia|Italtel, gruppo internazionale specializzato in Information and Communication Technology, che ha promosso la sperimentazione di tecniche innovative tra cui la pittura digitale, che rendono il medio-metraggio un prodotto culturale di animazione unico nel suo genere.<\/span><\/p>\n<p style=\"margin-bottom: 0.0001pt; line-height: normal; text-align: justify;\"><span>La presentaz<\/span><span>ione alla stampa di \u201cMani Rosse\u201d&nbsp;si \u00e8 tenuta nell\u2019ambito del MIA | Animation il 19 ottobre alle 14.45 presso l\u2019Hotel Bernini Bristol di Roma &#8211; Giada H<\/span><span>ole, Piazza Barberini, 23.<\/span><\/p>\n<p style=\"margin-bottom: 0.0001pt; line-height: normal; text-align: justify;\"><span>La proiezione al pubblico si \u00e8 svolta, invece, in occasione della Festa del Cinema di Roma, Sez<\/span><a title=\"mani rosse cortometraggio\" href=\"https:\/\/www.flickr.com\/photos\/91470992@N02\/43658469670\/in\/dateposted-public\/\" data-flickr-embed=\"true\"><img loading=\"lazy\" decoding=\"async\" style=\"margin: 4px; float: right;\" src=\"https:\/\/farm2.staticflickr.com\/1904\/43658469670_ee21df5926_z.jpg\" alt=\"mani rosse cortometraggio\" width=\"400\" height=\"400\" \/><\/a><span>ione \u2018Alice nella Citt\u00e0\u2019, il giorno dopo, sabato 20 ottobre alle 14.30, nella Sala Timvision del Villaggio della Musica\/Festa del Cinema.<\/span><\/p>\n<p style=\"margin-bottom: 0.0001pt; line-height: normal; text-align: justify;\"><span>\u00abMani Rosse\u00bb affronta con tatto e sensibilit\u00e0 il tema della violenza sui minori, tramite una storia d\u2019amore tra adolescenti &#8211; Ernesto e Luna, misteriosa ragazza con il potere di produrre dalle mani un liquido di colore rosso che nasconde una dolorosa realt\u00e0, &#8211; che aiuter\u00e0 i giovani spettatori a riscoprire l\u2019immaginazione come via per diventare adulti, piuttosto che come luogo in cui restare bambini. Allo stesso tempo, i loro genitori&nbsp;saranno stimolati a percepire e intercettare le emozioni dei giovani, che spesso essi stentano a riconoscere, per comprendere che l\u2019adolescenza non \u00e8 una condizione del singolo, ma il risultato di una relazione di cui prendersi cura. <\/span><\/p>\n<p style=\"margin-bottom: 0.0001pt; line-height: normal; text-align: justify;\"><span>Ricordiamo che il film \u00e8 una vera e propria start up: innovativa per targe<\/span><span>t (young\/adult), drammaturgia, estetica e tecniche miste. Come vuole la migliore mitologia della start up, essa nasce nel laboratorio di un creativo &#8211; lo Studio Mistral di Francesco Filippi, regista e produttore associato del film -, e diviene una vera e propria produzione industriale grazie all\u2019intervento di Michele Fasano (Sattva Films srl), il cui apporto permette di guadagnare il sostegno degli importanti partner istituzionali precedentemente nominati. <\/span><\/p>\n<p style=\"margin-bottom: 0.0001pt; line-height: normal; text-align: justify;\"><span>Ricerca e innovazione tecnologica stanno all\u2019origine<\/span><span> di tutte le altre innovazioni che ne sono state conseguenza. Qualche anno fa, John Craney (oggi responsabile puppets alla Laika Studios &#8211; Portland) guida un gruppo di operatori per la creazione di pupazzi cos\u00ec flessibili da consentire alla tecnica stop motion (affidata a un sapiente animatore) di esprimere non solo un&#8217;adegu<\/span><span>ata azione senso-motoria, ma&nbsp;anche le&nbsp;emozioni dei personaggi. Da qui nasce un\u2019avventura che promette di continuare nel film lungometraggio che si sta gi\u00e0 preparando. <\/span><\/p>\n<p style=\"margin-bottom: 0.0001pt; line-height: normal; text-align: justify;\"><span>La produzione si avvale del patrocinio del Telefono Azzurro, di CINEDUMEDIA &#8211; Universit\u00e0 di Torino e del Dipartimento di Scienze per la Qualit\u00e0 della Vita dell\u2019Universit\u00e0 di Bologna.<\/span><\/p>\n<p style=\"margin-bottom: 0.0001pt; line-height: normal; text-align: justify;\"><strong><span>MICHELE <\/span><\/strong><a title=\"Michele Fasano\" href=\"https:\/\/www.flickr.com\/photos\/91470992@N02\/45424393312\/in\/dateposted-public\/\" data-flickr-embed=\"true\"><img loading=\"lazy\" decoding=\"async\" style=\"margin: 4px; float: left;\" src=\"https:\/\/farm2.staticflickr.com\/1951\/45424393312_13ceff7586_z.jpg\" alt=\"Michele Fasano\" width=\"400\" height=\"324\" \/><\/a><strong><span>FASANO<\/span><\/strong><\/p>\n<p style=\"margin-bottom: 0.0001pt; line-height: normal; text-align: justify;\"><span>Michele Fasano, regista e produttore indipendente, classe 1965, dopo<\/span><span> la maturit\u00e0 classica conseguita preso il \u201cVirgilio\u201d&nbsp;si laurea presso l&#8217;Universit\u00e0 di Bologna in&nbsp;Discipline dell\u2019Arte, della Musica e dello Spettacolo&nbsp;(DAMS) con una tesi in Estetica:&nbsp;La poetica di Andrej Tarkovskij,&nbsp;ricerca basata sulle lezioni di regia del maestro russo stenografate presso il VGIK di Mosca, inedite e custodite presso l&#8217; &#8220;Istituto Internazionale Andrej&nbsp;Tarkovskij&#8221; a Firenze. Per pi\u00f9 di un anno, tra il 1990 e il 1991, \u00e8 allievo di Tonino Guerra, che lo segue nella scrittura del suo primo cortometraggio:&nbsp;La Regola del Sonno (1992).<\/span><\/p>\n<p style=\"margin-bottom: 0.0001pt; line-height: normal; text-align: justify;\"><span>Successivamente frequenta i workshop di sceneggiatura di Suso Cecchi D\u2019Amico a Bari, di Fernando Solanas a Bologna, di Abbas Kiarostami a Palermo.<\/span><\/p>\n<p style=\"margin-bottom: 0.0001pt; line-height: normal; text-align: justify;\"><span>Nel 1993 realizza&nbsp;&#8220;Re Tarlo (per non morire)&#8221;, video\/teatrale dello spettacolo di Marco Manchisi dedicato ad Antonio Neiwiller.<\/span><\/p>\n<p style=\"margin-bottom: 0.0001pt; line-height: normal; text-align: justify;\"><span>Tra il 1995 e il 1997 produce e dirige il film lungometraggio &#8220;KAPPA&#8221;,&nbsp;liberamente tratto dalla&nbsp;pi\u00e9ce&nbsp;teatrale di Mario Giorgi &#8220;KOPPIA&#8221;.&nbsp;Marco Sgrosso ed Elena Bucci sono&nbsp;interpreti sia della&nbsp;pi\u00e9ce&nbsp;che&nbsp;del film.<\/span><\/p>\n<p style=\"margin-bottom: 0.0001pt; line-height: normal; text-align: justify;\"><span>Dal 1998 promuove il&nbsp;Seminario d\u2019Ideazione e Realizzazione di un Film, nell\u2019ambito del quale ha prodotto vari film corti e medio metraggi, su temi interculturali e sull\u2019immigrazione, scritti dai suoi allievi, pubblicati in un cofanetto:&nbsp;\u201cStorie fuori Porta\u201d.<\/span><a title=\"mani rosse cortometraggio\" href=\"https:\/\/www.flickr.com\/photos\/91470992@N02\/30535841447\/in\/dateposted-public\/\" data-flickr-embed=\"true\"><img loading=\"lazy\" decoding=\"async\" style=\"margin: 4px; float: right;\" src=\"https:\/\/farm2.staticflickr.com\/1921\/30535841447_8e2ffba44a_z.jpg\" alt=\"mani rosse cortometraggio\" width=\"400\" height=\"225\" \/><\/a><\/p>\n<p style=\"margin-bottom: 0.0001pt; line-height: normal; text-align: justify;\"><span>Nel 2000 realizza per Reggio Children srl il suo primo documentario &#8220;Non in un posto<\/span><span> qualsiasi\/Not just anyplace&#8221;,&nbsp;storia delle scuole per l&#8217;infanzia di Reggio Emilia.<\/span><\/p>\n<p style=\"margin-bottom: 0.0001pt; line-height: normal; text-align: justify;\"><span>Del 2004 \u00e8 il documentario di creazione&nbsp;&#8220;Filo di Luce, Appunti per un film sul senso del luogo&#8221;&nbsp;racconto poetico sull&#8217;immigrazione di indiani punjabi sikh in Pianura Padana.&nbsp;<\/span><\/p>\n<p style=\"margin-bottom: 0.0001pt; line-height: normal;\"><span>Nel 2005 fonda la SATTVA FILMS&nbsp;pr<\/span><span>oduction and school&nbsp;srl e durante lo stesso anno frequenta il MAIAWORKSHOP, programma di formazione &nbsp;per giovani produttori europei, promosso e sostenuto dal programma MEDIA dell&#8217;Unione Europea.<\/span><\/p>\n<p style=\"margin-bottom: 0.0001pt; line-height: normal; text-align: justify;\"><span>Nel 2006 &nbsp;pubblica&nbsp;come editore&nbsp;il dvd del film&nbsp;&#8220;Filo di Luce&#8221;&nbsp;in abbinamento ad un libro che raccoglie due saggi di poetica (gi\u00e0 apparsi sulla rivista&nbsp;Hortus Musicus)&nbsp;&#8220;Il Canto delle Cose. Note per un cinema dell&#8217;esperienza&#8221;&nbsp;e&nbsp;&#8220;Cinema di poesia come etica della convivialit\u00e0&#8221;&nbsp;pi\u00f9 un terzo saggio&nbsp;&#8220;Realt\u00e0,<\/span><span> rappresentazione, poesia nel film di Luigi Ghisleri &#8216;La campagna cremonese 1971&#8242;&#8221;,&nbsp;film in 8mm r<\/span><a title=\"mani rosse cortometraggio\" href=\"https:\/\/www.flickr.com\/photos\/91470992@N02\/43658486710\/in\/dateposted-public\/\" data-flickr-embed=\"true\"><img loading=\"lazy\" decoding=\"async\" style=\"margin: 4px; float: left;\" src=\"https:\/\/farm2.staticflickr.com\/1958\/43658486710_3be847a22f_z.jpg\" alt=\"mani rosse cortometraggio\" width=\"450\" height=\"637\" \/><\/a><span>estaurato, presentato nel dvd come contributo speciale.<\/span><\/p>\n<p style=\"margin-bottom: 0.0001pt; line-height: normal; text-align: justify;\"><span>Tra 2005 e 2009 realizza lo sviluppo del <\/span><span>progetto filmico e la produzione del documentario di creazione&nbsp;&#8220;Il viaggio di Seth a Otranto&#8221;. Il progetto usufruisce del supporto MEDIA Development 2008.&nbsp;Il film&nbsp;descrive i&nbsp;contenuti sapienziali, universalistici e pluralisti, del grande mosaico pavimentale della Cattedrale di Otranto, attualizzati alla luce di un viaggio nei nostri giorni attraverso l&#8217;orizzonte mediterraneo orientale a cui Otranto apparteneva quando il mosaico fu steso.<\/span><\/p>\n<p style=\"margin-bottom: 0.0001pt; line-height: normal; text-align: justify;\"><span>Il film \u00e8 distribuito in dvd, allegato al volume&nbsp;&#8220;Otranto, il Mosaico, il viaggio di Seth&#8221;&nbsp;(di Michele Fasano, Laura Pasquini, Giovanni Barba) edito da Sattva Films. Nel volume, accanto a saggi sull&#8217;iconografia del mosaico sono presenti due articoli di poetica cinematografica:&nbsp;&#8220;La forma del film&#8221;&nbsp;e&nbsp;&#8220;Dall&#8217;esperienza alla forma del film&#8221;.<\/span><\/p>\n<p style=\"margin-bottom: 0.0001pt; line-height: normal; text-align: justify;\"><span>Nel 2009&nbsp;produce il film cortometraggio di Lucia e<\/span><span> Davide Pepe &#8220;Giardini di Luce&#8221;.<\/span><\/p>\n<p style=\"margin-bottom: 0.0001pt; line-height: normal; text-align: justify;\"><span>Nello stesso anno&nbsp;partecipa al MAIAWORKSHOP come tutor di un gruppo di studenti turchi, aspiranti producer europei.<\/span><\/p>\n<p style=\"margin-bottom: 0.0001pt; line-height: normal; text-align: justify;\"><span>Del 2011 \u00e8 il documentario lungometraggio&nbsp;\u00abIn me non c&#8217;\u00e8 che futuro&#8230;\u00bb Ritratto di Adriano Olivetti. &nbsp; &nbsp; &nbsp; &nbsp; &nbsp; &nbsp; Prima parte: &#8220;Alle origini di un modello&#8221;; seconda parte &#8220;Il modello comunitario concreto&#8221;. Ne curer\u00e0 ben quattro Focus: Adriano Olivetti: Persona, Innovazione, Comunit\u00e0 (2013); Adriano Olivetti nostro contemporaneo, ovvero \u00ab&#8230; secondo le leggi dello spirito\u00bb (2014); \u201cComunit\u00e0 concreta \/ comunit\u00e0 di destino \/ comunit\u00e0 cognitiva\u201d (2016) e \u201cUmanesimo concreto. Ovvero&#8230; della gestione attiva della complessit\u00e0\u201d (2017).<\/span><\/p>\n<p style=\"margin-bottom: 0.0001pt; line-height: normal; text-align: justify;\"><span>Tra i vari progetti in itinere oltre a \u201cMani rosse\u201d selezionato per il finanziamento MEDIA Development 2014, \u201cIl seme del declino \/ The seed of decline\u201d, 105 min., digitale and 2D animation, colore, creative documentary, selezionato per il finanziamento MEDIA Development 2013 e per il finanziamento&nbsp;MIBACT per lo sviluppo di progetti di lungometraggio di interesse culturale tratti da scen<\/span><span>eggiature originali 2013.<\/span><\/p>\n<p style=\"margin-bottom: 0.0001pt; line-height: normal; text-align: justify;\"><span>Ed ancora \u201cL\u2019insperato sentiero degli Angeli \/ The unhoped-for path of Angels, 80 min., digitale, colore, creative documentary and transmedial project.&nbsp;Nell\u2019aprile Fasano 2016 presenta a Baku (Azerbaijan) durante il VII Global Forum dell\u2019UNAoC (United Nations Alliance of Civilizations) il progetto trans-mediale&nbsp;\u00abmetamorphosis\u00bb,&nbsp;costruito attorno al film \u00abL\u2019insperato sentiero degli Angeli\u00bb, che coinvolge nove paesi del Mediterraneo e una ventina di partner. <br \/><\/span><\/p>\n<p><iframe loading=\"lazy\" src=\"https:\/\/video.repubblica.it\/embed\/dossier\/festa-del-cinema-di-roma-2018\/mani-rosse-un-corto-di-animazione-contro-la-violenza-sui-ragazzi\/317458\/318088?width=640&amp;height=360\" scrolling=\"no\" width=\"640\" height=\"360\" allowfullscreen=\"allowfullscreen\" class=\"rep-video-embed\"><\/iframe><\/p>\n","protected":false},"excerpt":{"rendered":"","protected":false},"author":1,"featured_media":0,"comment_status":"open","ping_status":"closed","sticky":false,"template":"","format":"standard","meta":{"colormag_page_container_layout":"default_layout","colormag_page_sidebar_layout":"default_layout","footnotes":""},"categories":[7],"tags":[],"class_list":["post-59642","post","type-post","status-publish","format-standard","hentry","category-attualita"],"_links":{"self":[{"href":"https:\/\/archiviogioia.lavocedelpaese.info\/index.php?rest_route=\/wp\/v2\/posts\/59642","targetHints":{"allow":["GET"]}}],"collection":[{"href":"https:\/\/archiviogioia.lavocedelpaese.info\/index.php?rest_route=\/wp\/v2\/posts"}],"about":[{"href":"https:\/\/archiviogioia.lavocedelpaese.info\/index.php?rest_route=\/wp\/v2\/types\/post"}],"author":[{"embeddable":true,"href":"https:\/\/archiviogioia.lavocedelpaese.info\/index.php?rest_route=\/wp\/v2\/users\/1"}],"replies":[{"embeddable":true,"href":"https:\/\/archiviogioia.lavocedelpaese.info\/index.php?rest_route=%2Fwp%2Fv2%2Fcomments&post=59642"}],"version-history":[{"count":0,"href":"https:\/\/archiviogioia.lavocedelpaese.info\/index.php?rest_route=\/wp\/v2\/posts\/59642\/revisions"}],"wp:attachment":[{"href":"https:\/\/archiviogioia.lavocedelpaese.info\/index.php?rest_route=%2Fwp%2Fv2%2Fmedia&parent=59642"}],"wp:term":[{"taxonomy":"category","embeddable":true,"href":"https:\/\/archiviogioia.lavocedelpaese.info\/index.php?rest_route=%2Fwp%2Fv2%2Fcategories&post=59642"},{"taxonomy":"post_tag","embeddable":true,"href":"https:\/\/archiviogioia.lavocedelpaese.info\/index.php?rest_route=%2Fwp%2Fv2%2Ftags&post=59642"}],"curies":[{"name":"wp","href":"https:\/\/api.w.org\/{rel}","templated":true}]}}