{"id":59780,"date":"2018-11-29T09:50:36","date_gmt":"2018-11-29T09:50:36","guid":{"rendered":"https:\/\/archiviogioia.lavocedelpaese.info\/?p=59780"},"modified":"2018-11-29T09:50:36","modified_gmt":"2018-11-29T09:50:36","slug":"lucio-quanto-ci-manchi-tributo-a-battisti-2","status":"publish","type":"post","link":"https:\/\/archiviogioia.lavocedelpaese.info\/?p=59780","title":{"rendered":"\u201cLUCIO, QUANTO CI MANCHI. TRIBUTO A BATTISTI\u201d &#8211; SOLD OUT"},"content":{"rendered":"<p><a title=\"lucio-battisti-morte-800x600\" href=\"https:\/\/www.flickr.com\/photos\/91470992@N02\/44985590015\/in\/dateposted-public\/\" data-flickr-embed=\"true\"><img loading=\"lazy\" decoding=\"async\" style=\"display: block; margin-left: auto; margin-right: auto;\" src=\"https:\/\/farm5.staticflickr.com\/4803\/44985590015_9477cd172c_z.jpg\" alt=\"lucio-battisti-morte-800x600\" width=\"320\" height=\"240\" \/><\/a><\/p>\n<p><!--more--><\/p>\n<p style=\"margin-bottom: 0.0001pt; line-height: normal; text-align: justify;\"><a title=\"lucio-battisti\" href=\"https:\/\/www.flickr.com\/photos\/91470992@N02\/30959644987\/in\/dateposted-public\/\" data-flickr-embed=\"true\"><img loading=\"lazy\" decoding=\"async\" style=\"margin: 4px; float: left;\" src=\"https:\/\/farm5.staticflickr.com\/4831\/30959644987_ed80f95500.jpg\" alt=\"lucio-battisti\" width=\"400\" height=\"300\" \/><\/a> <span>A distanza di due settimane dalla <strong>due giorni dedicata il 1 e 2 dicembre a Lucio Battisti<\/strong> che dalle ore 20:00 vedr\u00e0 esibirsi <strong>dal vivo nella prima serata vari artisti e nella seconda Tony Cicco e la sua Formula 3<\/strong> a Gioia con il live tour \u201c<strong>Siamo tutti figli di Battisti<\/strong>\u201d, evento ospitato nel teatro dell\u2019Immacolata, abbiamo intervistato <strong>Elio Gisotti<\/strong>, in questo frangente nelle vesti di direttore artistico, nel quotidiano fervente ammiratore del cantante scomparso alla cui memoria ha fortemente voluto dedicare un tributo collettivo.<\/span><\/p>\n<p style=\"margin-bottom: 0.0001pt; line-height: normal; text-align: justify;\"><strong><span>Perch\u00e9 dedicare questa iniziativa a Battisti?<\/span><\/strong><\/p>\n<p style=\"margin-bottom: 0.0001pt; line-height: normal; text-align: justify;\"><span>\u201cPer amore di un grande genio, per celebrare il mito del cantautore italiano pi\u00f9 amato di sempre, il genio inquieto della musica italiana, il creatore di emozioni senza tempo, del quale abbiamo tutti nel cuore e nella memoria le note e le parole dei suoi pezzi musicali pi\u00f9 famosi, per ricordarlo a venti anni dalla sua morte. Era d<\/span><span>overoso! Lucio Battisti \u00e8 stato il pi\u00f9 importante innovatore della musica popolare italiana, la sua storia musicale parla da sola, perch\u00e9 Lucio faceva parlare solo le sue canzoni, ecco perch\u00e9<\/span><a title=\"download-4\" href=\"https:\/\/www.flickr.com\/photos\/91470992@N02\/45849019072\" data-flickr-embed=\"true\"><img loading=\"lazy\" decoding=\"async\" style=\"margin: 4px; float: right;\" src=\"https:\/\/farm5.staticflickr.com\/4876\/45849019072_f083a5694f.jpg\" alt=\"download-4\" width=\"400\" height=\"277\" \/><\/a><span> \u00e8 nato questo concerto ed ecco perch\u00e9 oggi Lucio Battisti ci manca seriamente.\u201d <\/span><\/p>\n<p style=\"margin-bottom: 0.0001pt; line-height: normal; text-align: justify;\"><strong><span>Come \u00e8 organizzato l\u2019evento?<\/span><\/strong><\/p>\n<p style=\"margin-bottom: 0.0001pt; line-height: normal; text-align: justify;\"><span>\u201cPer celebrare Lucio Battisti ci vorrebbe un concerto di un mese, ma noi lo ricorderemo in due serate, un suo ricordo in musica, ricco di emozioni, uno spettacolo in teatro, dedicato al periodo pi\u00f9 luminoso della carriera del genio di Poggio Bustone che, in coppia con Mogol, ha rivoluzionato la musica italiana. Uno spettacolo che vedr\u00e0 in scena tanti artisti che daranno voce alla sua anima blues con straordinari arrangiamenti e intense interpretazioni e che accompagneranno gli spettatori in uno straordinario viaggio tra le canzoni pi\u00f9 celebri dell\u2019indimenticato Lucio, quelle scritte in coppia con Mogol e altre interpretate in un non lontano passato da grandi protagonisti del <\/span><a title=\"RAI_Teatro_10_Lucio_Battisti_Mina_1972\" href=\"https:\/\/www.flickr.com\/photos\/91470992@N02\/32027545078\/in\/photostream\/\" data-flickr-embed=\"true\"><img loading=\"lazy\" decoding=\"async\" style=\"margin: 4px; float: left;\" src=\"https:\/\/farm5.staticflickr.com\/4858\/32027545078_def5c073b5.jpg\" alt=\"RAI_Teatro_10_Lucio_Battisti_Mina_1972\" width=\"400\" height=\"263\" \/><\/a><span>panorama nazionale. <\/span><\/p>\n<p style=\"margin-bottom: 0.0001pt; line-height: normal; text-align: justify;\"><span>Nella seconda serata avremo l&#8217;onore di avere Tony Cicco leader e voce della Formula 3, unica band ad accompagnare Lucio Battisti nelle sue rare uscite in pubblico. Per loro, Lucio Battisti scrisse numerosi brani, demandando loro come esecutori della sua pi\u00f9 profonda vena rock.\u201d <\/span><\/p>\n<p style=\"margin-bottom: 0.0001pt; line-height: normal; text-align: justify;\"><strong><span>Cosa ha rappresentato per l<\/span><\/strong><strong><span>a tua generazione?<\/span><\/strong><\/p>\n<p style=\"margin-bottom: 0.0001pt; line-height: normal; text-align: justify;\"><span>\u201cLucio Battisti ha segnato un&#8217;epoca musicale in cui erano in corso drastici mutamenti sociali e storici ed \u00e8 riuscito ad entrare assiduamente nelle orecchie di tutti, anche di generazioni pi\u00f9 giovani. E&#8217; stata una delle pochissime voci che ha accompagnato la nostra generazione, riuscendo a fare una cosa molto difficile, scrivere canzoni con testi importanti e farle sembrare facili. Pochi in Italia hanno fatto di meglio. Le sue canzoni sono delle bellissime poesie. Il segreto di Batt<\/span><span>ist<\/span><a title=\"BattistiLucio\" href=\"https:\/\/www.flickr.com\/photos\/91470992@N02\/32027545558\/in\/photostream\/\" data-flickr-embed=\"true\"><img loading=\"lazy\" decoding=\"async\" style=\"margin: 4px; float: right;\" src=\"https:\/\/farm5.staticflickr.com\/4890\/32027545558_767c81ee24_o.jpg\" alt=\"BattistiLucio\" width=\"250\" height=\"386\" \/><\/a><span>i stava proprio nella freschezza di una musica che era sempre nuova, diversa, capace di arrivare diritta ai sentimenti di noi tutti.\u201d <\/span><\/p>\n<p style=\"margin-bottom: 0.0001pt; line-height: normal; text-align: justify;\"><strong><span>Il suo messaggio \u00e8 ancora valido oggi?<\/span><\/strong><\/p>\n<p style=\"margin-bottom: 0.0001pt; line-height: normal; text-align: justify;\"><span>\u201cCon 25 milioni di dischi venduti, Battisti ha segnato la storia della musica leggera, ha impresso una svolta decisiva alla musica pop-rock italiana. Da un punto di vista strettamente musicale, ha personalizzato e innovato, in ogni senso, la forma della canzone tradizion<\/span><span>ale e melodica. Grazie ai testi scritti da Mogol, ha rilanciato temi ritenuti esauriti o difficilmente rinnovabili, quali i piccoli avvenimenti di vita quotidiana. <\/span><\/p>\n<p><span>Un genio, un mito, una icona, un punto di riferimento per tutti quelli che sono venuti dopo e che verranno. Un artista che non verr\u00e0 mai dimenticato, scolpito per sempre nella memoria di noi tutti. lunga vita alla memoria del grande Lucio Battisti!\u201d<\/span><\/p>\n<p style=\"margin-bottom: 0.0001pt; line-height: normal; text-align: justify;\"><span>A dar manforte ad Elio, oltre agli amici musicisti e cantanti che presenteremo a breve ed a un presentatore altrettanto appassionato del cantante, il nostro redattore <strong>Donato Stoppini<\/strong>, tutti presenti come Elio a titolo gratuito per la gioia di ricordare ed onorare la memoria di Battisti, Alessio Milano che ha fortemente voluto l\u2019evento. <\/span><\/p>\n<p style=\"margin-bottom: 0.0001pt; line-height: normal; text-align: justify;\"><strong><span>Il ricavato delle due serate sar\u00e0 totalmente devoluto<\/span><\/strong><span> in favore di iniziative da realizzare all&#8217;interno del territorio. <strong>Per informazioni e prevendita<\/strong> sui posti ancora disponibili chiamare il 3337915162 o il 328963451. <\/span><\/p>\n<p><a title=\"45822201_2214799715205928_230956905655173120_n\" href=\"https:\/\/www.flickr.com\/photos\/91470992@N02\/32027546048\/in\/photostream\/\" data-flickr-embed=\"true\"><img loading=\"lazy\" decoding=\"async\" src=\"https:\/\/farm5.staticflickr.com\/4828\/32027546048_cc992b3544_b.jpg\" alt=\"45822201_2214799715205928_230956905655173120_n\" width=\"660\" height=\"933\" \/><\/a><\/p>\n","protected":false},"excerpt":{"rendered":"","protected":false},"author":1,"featured_media":0,"comment_status":"open","ping_status":"closed","sticky":false,"template":"","format":"standard","meta":{"colormag_page_container_layout":"default_layout","colormag_page_sidebar_layout":"default_layout","footnotes":""},"categories":[7],"tags":[],"class_list":["post-59780","post","type-post","status-publish","format-standard","hentry","category-attualita"],"_links":{"self":[{"href":"https:\/\/archiviogioia.lavocedelpaese.info\/index.php?rest_route=\/wp\/v2\/posts\/59780","targetHints":{"allow":["GET"]}}],"collection":[{"href":"https:\/\/archiviogioia.lavocedelpaese.info\/index.php?rest_route=\/wp\/v2\/posts"}],"about":[{"href":"https:\/\/archiviogioia.lavocedelpaese.info\/index.php?rest_route=\/wp\/v2\/types\/post"}],"author":[{"embeddable":true,"href":"https:\/\/archiviogioia.lavocedelpaese.info\/index.php?rest_route=\/wp\/v2\/users\/1"}],"replies":[{"embeddable":true,"href":"https:\/\/archiviogioia.lavocedelpaese.info\/index.php?rest_route=%2Fwp%2Fv2%2Fcomments&post=59780"}],"version-history":[{"count":0,"href":"https:\/\/archiviogioia.lavocedelpaese.info\/index.php?rest_route=\/wp\/v2\/posts\/59780\/revisions"}],"wp:attachment":[{"href":"https:\/\/archiviogioia.lavocedelpaese.info\/index.php?rest_route=%2Fwp%2Fv2%2Fmedia&parent=59780"}],"wp:term":[{"taxonomy":"category","embeddable":true,"href":"https:\/\/archiviogioia.lavocedelpaese.info\/index.php?rest_route=%2Fwp%2Fv2%2Fcategories&post=59780"},{"taxonomy":"post_tag","embeddable":true,"href":"https:\/\/archiviogioia.lavocedelpaese.info\/index.php?rest_route=%2Fwp%2Fv2%2Ftags&post=59780"}],"curies":[{"name":"wp","href":"https:\/\/api.w.org\/{rel}","templated":true}]}}