{"id":59831,"date":"2018-11-28T07:14:29","date_gmt":"2018-11-28T07:14:29","guid":{"rendered":"https:\/\/archiviogioia.lavocedelpaese.info\/?p=59831"},"modified":"2018-11-28T07:14:29","modified_gmt":"2018-11-28T07:14:29","slug":"per-natale-apertura-straordinaria-mercatino-gioiantiquariarte","status":"publish","type":"post","link":"https:\/\/archiviogioia.lavocedelpaese.info\/?p=59831","title":{"rendered":"Per Natale apertura straordinaria mercatino GioiAntiquariArte"},"content":{"rendered":"<p><a title=\"mercatino antiquariato\" href=\"https:\/\/www.flickr.com\/photos\/91470992@N02\/38833299051\/in\/dateposted-public\/\" data-flickr-embed=\"true\"><img loading=\"lazy\" decoding=\"async\" style=\"display: block; margin-left: auto; margin-right: auto;\" src=\"https:\/\/farm5.staticflickr.com\/4517\/38833299051_00c40c3793_z.jpg\" alt=\"mercatino antiquariato\" width=\"320\" height=\"240\" \/><\/a><\/p>\n<p><!--more--><\/p>\n<p style=\"text-align: justify;\"><a title=\"mercatino antiquariato\" href=\"https:\/\/www.flickr.com\/photos\/91470992@N02\/24960763668\/in\/dateposted-public\/\" data-flickr-embed=\"true\"><img loading=\"lazy\" decoding=\"async\" style=\"margin: 4px; float: left;\" src=\"https:\/\/farm5.staticflickr.com\/4520\/24960763668_124cda5443_z.jpg\" alt=\"mercatino antiquariato\" width=\"400\" height=\"300\" \/><\/a>\u201cAnche quest&#8217;anno <strong>apertura straordinaria per il Mercatino dell\u2019Artigianato<\/strong>, <strong>Antiquariato e Vintage GioiAntiquariArte<\/strong> che apre i <strong>festeggiamenti Natalizi<\/strong>.<\/p>\n<p style=\"text-align: justify;\">Doppia apertura: <strong>sabato 8 e domenica 9 dicembre<\/strong>. I visitatori potranno iniziare lo shopping natalizio. Vaste le scelte, bigiotteria artistica artigianale, cucito creativo, oggettistica, antiquariato, vinili, oggetti vintage. Un vero cocktail di idee per chi non si accontenta del solito regalo e tante piacevoli sorprese.<\/p>\n<p style=\"text-align: justify;\">A distanza di due anni \u00e8 molto positivo il risultato raggiunto dagli organizzatori che con assidua tenacia, spirito di iniziativa e nonostante tante difficolt\u00e0 incontrate hanno rivalutato lo storico \u201c<strong>Mercatino delle Pulci<\/strong>\u201d di Gioia del Colle, in un rinnovato Mercatino Mensile che ne \u00e8 diventato un punto di incontro di tanti visitatori provenienti da tutta la Puglia&nbsp;alla ricerca di oggetti sempre pi\u00f9 originali.<\/p>\n<p style=\"text-align: justify;\">Positiva \u00e8 stata la risposta degli espositori che ormai giungono da tutta la Puglia. Il Mercatino <strong>apre i battenti alle ore 9,00 e chiude alle ore 21.00<\/strong>. Gli organizzatori l&#8217;Associazione Culturale Multi&amp;venti di Bari sono gi\u00e0 al lavoro per il 2019 per rendere il mercatino sempre pi\u00f9 interessante e per collocarlo tra i pi\u00f9 bei mercatini mensili della Puglia. <strong>Non vi resta che andarlo a visitare\u201d<\/strong>.<\/p>\n<p>&nbsp;<\/p>\n","protected":false},"excerpt":{"rendered":"","protected":false},"author":1,"featured_media":0,"comment_status":"open","ping_status":"closed","sticky":false,"template":"","format":"standard","meta":{"colormag_page_container_layout":"default_layout","colormag_page_sidebar_layout":"default_layout","footnotes":""},"categories":[7],"tags":[],"class_list":["post-59831","post","type-post","status-publish","format-standard","hentry","category-attualita"],"_links":{"self":[{"href":"https:\/\/archiviogioia.lavocedelpaese.info\/index.php?rest_route=\/wp\/v2\/posts\/59831","targetHints":{"allow":["GET"]}}],"collection":[{"href":"https:\/\/archiviogioia.lavocedelpaese.info\/index.php?rest_route=\/wp\/v2\/posts"}],"about":[{"href":"https:\/\/archiviogioia.lavocedelpaese.info\/index.php?rest_route=\/wp\/v2\/types\/post"}],"author":[{"embeddable":true,"href":"https:\/\/archiviogioia.lavocedelpaese.info\/index.php?rest_route=\/wp\/v2\/users\/1"}],"replies":[{"embeddable":true,"href":"https:\/\/archiviogioia.lavocedelpaese.info\/index.php?rest_route=%2Fwp%2Fv2%2Fcomments&post=59831"}],"version-history":[{"count":0,"href":"https:\/\/archiviogioia.lavocedelpaese.info\/index.php?rest_route=\/wp\/v2\/posts\/59831\/revisions"}],"wp:attachment":[{"href":"https:\/\/archiviogioia.lavocedelpaese.info\/index.php?rest_route=%2Fwp%2Fv2%2Fmedia&parent=59831"}],"wp:term":[{"taxonomy":"category","embeddable":true,"href":"https:\/\/archiviogioia.lavocedelpaese.info\/index.php?rest_route=%2Fwp%2Fv2%2Fcategories&post=59831"},{"taxonomy":"post_tag","embeddable":true,"href":"https:\/\/archiviogioia.lavocedelpaese.info\/index.php?rest_route=%2Fwp%2Fv2%2Ftags&post=59831"}],"curies":[{"name":"wp","href":"https:\/\/api.w.org\/{rel}","templated":true}]}}