{"id":59903,"date":"2018-12-07T08:09:04","date_gmt":"2018-12-07T08:09:04","guid":{"rendered":"https:\/\/archiviogioia.lavocedelpaese.info\/?p=59903"},"modified":"2018-12-07T08:09:04","modified_gmt":"2018-12-07T08:09:04","slug":"il-cordoglio-di-enzo-lavarra-per-la-scomparsa-di-franco-ferrara-2","status":"publish","type":"post","link":"https:\/\/archiviogioia.lavocedelpaese.info\/?p=59903","title":{"rendered":"Il cordoglio di Enzo Lavarra per la scomparsa di Franco Ferrara"},"content":{"rendered":"<p><a title=\"franco ferrara\" href=\"https:\/\/www.flickr.com\/photos\/91470992@N02\/46218901511\" data-flickr-embed=\"true\"><img loading=\"lazy\" decoding=\"async\" style=\"display: block; margin-left: auto; margin-right: auto;\" src=\"https:\/\/farm5.staticflickr.com\/4804\/46218901511_9d6d9e5c3c_z.jpg\" alt=\"franco ferrara\" width=\"320\" height=\"240\" \/><\/a><\/p>\n<p><!--more--><\/p>\n<p style=\"margin-bottom: 0.0001pt; line-height: normal; text-align: justify;\"><a title=\"Franco Ferrara\" href=\"https:\/\/www.flickr.com\/photos\/91470992@N02\/45495035214\/in\/dateposted-public\/\" data-flickr-embed=\"true\"><img loading=\"lazy\" decoding=\"async\" style=\"margin: 4px; float: left;\" src=\"https:\/\/farm5.staticflickr.com\/4872\/45495035214_c39e842eb5_z.jpg\" alt=\"Franco Ferrara\" width=\"400\" height=\"314\" \/><\/a><strong><span>\u201cFranco Ferrara<\/span><\/strong><span> <strong>lascia in noi il segno del suo vissuto<\/strong>. Ovvero della matrice del cattolicesimo sociale con il volto verso gli ultimi, e dal loro volto ispirato nella sua missione al servizio della comunit\u00e0, fra credenti e non credenti.<\/span><\/p>\n<p style=\"margin-bottom: 0.0001pt; line-height: normal; text-align: justify;\"><span>Con questa sua cifra personale si immerse nei tempi dei grandi mutamenti che proruppero sulla scena negli anni \u201870. All\u2019interno della esperienza del sindacato dei lavoratori, non solo della CISL, port\u00f2 il seme del dialogo, del senso critico.<\/span><\/p>\n<p style=\"margin-bottom: 0.0001pt; line-height: normal; text-align: justify;\"><span>E originalmente della ricerca teorica e dell\u2019esempio pratico a riguardo delle forme inedite della cittadinanza attiva; fin li estranee alla \u201cdemocrazia che si organizza che erano i partiti \u201c, ma non in contrapposizione a questi. Proponeva una interpretazione del volontariato come gratuit\u00e0 dell\u2019impegno che, sfuggendo ai parametri del mercato, diviene lievito dell\u2019avanzamento sociale e civile. Si \u00e8 dedicato alla formazione come tenace esercizio per fornire chiavi di soggettivit\u00e0, riscatto, autoaffermazione nella dinamica ineguale della societ\u00e0.<\/span><\/p>\n<p style=\"margin-bottom: 0.0001pt; line-height: normal; text-align: justify;\"><span>Ci raccogliamo in un pensiero grato e nella vicinanza ai suoi affetti pi\u00f9 cari\u201d.<\/span><\/p>\n<p style=\"margin-bottom: 0.0001pt; text-align: right; line-height: normal;\" align=\"right\"><strong><span>Enzo Lavarra<\/span><\/strong><\/p>\n<p>&nbsp;<\/p>\n","protected":false},"excerpt":{"rendered":"","protected":false},"author":1,"featured_media":0,"comment_status":"open","ping_status":"closed","sticky":false,"template":"","format":"standard","meta":{"colormag_page_container_layout":"default_layout","colormag_page_sidebar_layout":"default_layout","footnotes":""},"categories":[8],"tags":[],"class_list":["post-59903","post","type-post","status-publish","format-standard","hentry","category-cronaca"],"_links":{"self":[{"href":"https:\/\/archiviogioia.lavocedelpaese.info\/index.php?rest_route=\/wp\/v2\/posts\/59903","targetHints":{"allow":["GET"]}}],"collection":[{"href":"https:\/\/archiviogioia.lavocedelpaese.info\/index.php?rest_route=\/wp\/v2\/posts"}],"about":[{"href":"https:\/\/archiviogioia.lavocedelpaese.info\/index.php?rest_route=\/wp\/v2\/types\/post"}],"author":[{"embeddable":true,"href":"https:\/\/archiviogioia.lavocedelpaese.info\/index.php?rest_route=\/wp\/v2\/users\/1"}],"replies":[{"embeddable":true,"href":"https:\/\/archiviogioia.lavocedelpaese.info\/index.php?rest_route=%2Fwp%2Fv2%2Fcomments&post=59903"}],"version-history":[{"count":0,"href":"https:\/\/archiviogioia.lavocedelpaese.info\/index.php?rest_route=\/wp\/v2\/posts\/59903\/revisions"}],"wp:attachment":[{"href":"https:\/\/archiviogioia.lavocedelpaese.info\/index.php?rest_route=%2Fwp%2Fv2%2Fmedia&parent=59903"}],"wp:term":[{"taxonomy":"category","embeddable":true,"href":"https:\/\/archiviogioia.lavocedelpaese.info\/index.php?rest_route=%2Fwp%2Fv2%2Fcategories&post=59903"},{"taxonomy":"post_tag","embeddable":true,"href":"https:\/\/archiviogioia.lavocedelpaese.info\/index.php?rest_route=%2Fwp%2Fv2%2Ftags&post=59903"}],"curies":[{"name":"wp","href":"https:\/\/api.w.org\/{rel}","templated":true}]}}