{"id":59937,"date":"2018-12-13T07:05:13","date_gmt":"2018-12-13T07:05:13","guid":{"rendered":"https:\/\/archiviogioia.lavocedelpaese.info\/?p=59937"},"modified":"2018-12-13T07:05:13","modified_gmt":"2018-12-13T07:05:13","slug":"gioiesi-a-oberursel-gemellaggio-sempre-piu-vicino-2","status":"publish","type":"post","link":"https:\/\/archiviogioia.lavocedelpaese.info\/?p=59937","title":{"rendered":"GIOIESI A OBERURSEL. GEMELLAGGIO SEMPRE PI\u00d9 VICINO"},"content":{"rendered":"<p><a title=\"gemellaggio Gioia-Oberursel\" href=\"https:\/\/www.flickr.com\/photos\/91470992@N02\/45386175655\/in\/dateposted-public\/\" data-flickr-embed=\"true\"><img loading=\"lazy\" decoding=\"async\" style=\"display: block; margin-left: auto; margin-right: auto;\" src=\"https:\/\/farm5.staticflickr.com\/4836\/45386175655_a7e3e55728_z.jpg\" alt=\"gemellaggio Gioia-Oberursel\" width=\"320\" height=\"240\" \/><\/a><\/p>\n<p><!--more--><\/p>\n<p style=\"margin-bottom: 0.0001pt; line-height: normal; text-align: justify;\"><a title=\"gemellaggio Gioia-Oberursel\" href=\"https:\/\/www.flickr.com\/photos\/91470992@N02\/45386176065\/in\/dateposted-public\/\" data-flickr-embed=\"true\"><img loading=\"lazy\" decoding=\"async\" style=\"margin: 4px; float: left;\" src=\"https:\/\/farm5.staticflickr.com\/4887\/45386176065_b2560b30dc_z.jpg\" alt=\"gemellaggio Gioia-Oberursel\" width=\"400\" height=\"301\" \/><\/a> <span>Il <strong>gemellaggio<\/strong> annunciato in estate <strong>tra Gioia e Oberursel<\/strong>, cittadina alle porte di Francoforte, parrebbe <strong>sempre pi\u00f9 vicino<\/strong>. Infatti, la scorsa settimana una delegazione di <strong>imprenditori gioiesi ed il Commissario Umberto Postiglione si sono recati nella citt\u00e0 tedesca<\/strong>, accettando l\u2019invito a visitarla formulato <strong>ad inizio settembre<\/strong>, nei giorni in cui dodici tedeschi &#8211; tra cui numerosi amministratori ed <strong>il<\/strong> <strong>sindaco di Oberursel, Hans Georg Brum<\/strong> &#8211; <strong>visitarono Gioia<\/strong>, accompagnati <strong>da Mimmo Cafarchia e Pino Moretti<\/strong>.<\/span><\/p>\n<p style=\"margin-bottom: 0.0001pt; line-height: normal; text-align: justify;\"><span>In questa occasione la proposta di un gemellaggio tra le due citt\u00e0 prese corpo, anche in virt\u00f9 del fascino esercitato dalle bellezze pugliesi e dalle opportunit\u00e0 di scambi commerciali tra le due realt\u00e0.<\/span><\/p>\n<p style=\"margin-bottom: 0.0001pt; line-height: normal; text-align: justify;\"><strong><span>L\u2019accoglienza ricevuta, lo sottolinea con entusiasmo Franco Cantore, \u00e8 stata davvero eccezionale<\/span><\/strong><span>.<\/span><\/p>\n<p style=\"margin-bottom: 0.0001pt; line-height: normal; text-align: justify;\"><span>\u201cSiamo stati accolti all\u2019aeroporto da due pulmini e da quel momento non siamo stati pi\u00f9 soli. L\u2019amicizia, il calore, l\u2019umanit\u00e0 con cui siamo stati accuditi non ha eguali\u2026 Ci \u00e8 stato offerto tutto, non abbiamo pagato neanche i biglietti della metropolitana. Abbiamo gustato le tipicit\u00e0 del luogo e visitato il territorio, i mercatini\u2026 \u00e8 stato persino organizzato un concerto in una chiesa frequentata da cittadini di origine italiana in nostro onore. Hanno suonato <\/span><a title=\"gemellaggio Gioia-Oberursel\" href=\"https:\/\/www.flickr.com\/photos\/91470992@N02\/44481809040\" data-flickr-embed=\"true\"><img loading=\"lazy\" decoding=\"async\" style=\"margin: 4px; float: right;\" src=\"https:\/\/farm5.staticflickr.com\/4885\/44481809040_d2c9fcf4d2_z.jpg\" alt=\"gemellaggio Gioia-Oberursel\" width=\"400\" height=\"301\" \/><\/a><span>per noi i ragazzi del Conservatorio diretti dal loro Maestro. Abbiamo visitato le aziende, strutture produttive grandi e piccole ed anche avvi<\/span><span>ato degli accordi commerciali. <strong>Andrea Brandonisio<\/strong>, imprenditore gioiese, ha preso contatto con un grande distributore della zona e le nostre mozzarelle arriveranno anche qui. Nei mercatini che circondavano il municipio vi erano anche stand che vendevano vino it<\/span><span>aliano, ma era di scarsa qualit\u00e0. Invier\u00f2 del nostro vino affinch\u00e9 possano cogliere le differenze. Ci hanno accompagnato nelle visite due dipendenti comunali che parlavano perfettamente inglese e italiano, infatti con noi c\u2019erano anche due inglesi. Ho ricevuto persino in dono un cappello di Natale! Sono stati tre giorni intensi e al contempo distensivi, la perfetta organizzazione, la squisita ospitalit\u00e0 hanno fatto la differenza\u2026 mancava solo che all\u2019aeroporto ci accogliessero con la banda, mi sono sentito come se fossi davvero importante.\u201d<\/span><\/p>\n<p style=\"margin-bottom: 0.0001pt; line-height: normal; text-align: justify;\"><strong><span>Anche il Commissario Postiglione<\/span><\/strong><span>, che per altro ha viaggiato a proprie spese, <strong>ha apprezzato il travolgente e sorprendente affetto <\/strong>con cui tutti sono stati accolti e la gentilezza degli imprenditori che hanno aperto le porte delle loro aziende, consentendo visite accurate e svelando il segreto del loro successo: una conduzione intelligente ed innovativa della societ\u00e0, pur se rispettosa delle tradizioni.&nbsp;<\/span><\/p>\n<p style=\"margin-bottom: 0.0001pt; line-height: normal; text-align: justify;\"><span>\u201cAbbiamo visitato tre aziende grandi e moderne che commercializzano i loro manufatti meccanici con tutto il mondo e laboratori artigianali che producono sidro di mele o <\/span><a title=\"gemellaggio Gioia-Oberursel\" href=\"https:\/\/www.flickr.com\/photos\/91470992@N02\/46298845941\/in\/photostream\/\" data-flickr-embed=\"true\"><img loading=\"lazy\" decoding=\"async\" style=\"margin: 4px; float: left;\" src=\"https:\/\/farm5.staticflickr.com\/4903\/46298845941_c83c42588f_z.jpg\" alt=\"gemellaggio Gioia-Oberursel\" width=\"400\" height=\"300\" \/><\/a><span>praline di cioccolata. Quel che pi\u00f9 ha colpito \u00e8 quanto q<\/span><span>uesti imprenditori ed i loro dipendenti amino profondamente il loro lavoro, e forse \u00e8 proprio questo uno dei segreti del successo delle imprese tedesche. La stessa passione l\u2019abbiamo trovata nel sindaco, il Borgomastro Hans George Brum, che con orgoglio ci ha mostrato quel che l\u2019amministrazione in 15 anni aveva creato in termini di strutture pubbliche e servizi al territorio. Era <\/span><span>evidente che tenevano alla qualit\u00e0 della vita dei loro cittadini, ai servizi, al futuro. Tutto questo \u00e8 emerso con forza la sera del concerto. Questo sindaco ha lavorato perch\u00e9 i giovani avessero un futuro migliore.\u201d<\/span><\/p>\n<p style=\"margin-bottom: 0.0001pt; line-height: normal; text-align: justify;\"><span>Ed a questo obiettivo che dovremmo tutti tendere. Motivo per cui <strong>gemellarsi con Oberursel \u2013 citt\u00e0 di 45.000 anime bella e civile &#8211; non potr\u00e0 che aiutarci a crescere<\/strong>. <\/span><\/p>\n<p style=\"margin-bottom: 0.0001pt; line-height: normal; text-align: justify;\"><span>Ricordiamo tutto ci\u00f2 \u00e8 stato possibile grazie a Domenico Cafarchia, esperto di marketing e internazionalizzazione, che promuove non solo per professione ma per passione Gioia, citt\u00e0 in cui vive e Pino Moretti ristoratore che sa valorizzare i sapori pugliesi e gioiesi. <\/span><\/p>\n<p style=\"margin-bottom: 0.0001pt; line-height: normal; text-align: justify;\"><span>\u201cIl nostro obiettivo &#8211; precisa Dom<\/span><span>enico Cafarchia &#8211; \u00e8 <strong>allargare gli orizzonti e promuovere la cittadinanza attiva in Europa<\/strong>. Il supporto delle istituzioni \u00e8 fondamentale, va anche coinvolto il tessuto sociale &#8211; scuole, associazioni, imprese &#8211; in programmi eventi e progetti condivisi.\u201d<\/span><\/p>\n<p>&nbsp;<\/p>\n","protected":false},"excerpt":{"rendered":"","protected":false},"author":1,"featured_media":0,"comment_status":"open","ping_status":"closed","sticky":false,"template":"","format":"standard","meta":{"colormag_page_container_layout":"default_layout","colormag_page_sidebar_layout":"default_layout","footnotes":""},"categories":[7],"tags":[],"class_list":["post-59937","post","type-post","status-publish","format-standard","hentry","category-attualita"],"_links":{"self":[{"href":"https:\/\/archiviogioia.lavocedelpaese.info\/index.php?rest_route=\/wp\/v2\/posts\/59937","targetHints":{"allow":["GET"]}}],"collection":[{"href":"https:\/\/archiviogioia.lavocedelpaese.info\/index.php?rest_route=\/wp\/v2\/posts"}],"about":[{"href":"https:\/\/archiviogioia.lavocedelpaese.info\/index.php?rest_route=\/wp\/v2\/types\/post"}],"author":[{"embeddable":true,"href":"https:\/\/archiviogioia.lavocedelpaese.info\/index.php?rest_route=\/wp\/v2\/users\/1"}],"replies":[{"embeddable":true,"href":"https:\/\/archiviogioia.lavocedelpaese.info\/index.php?rest_route=%2Fwp%2Fv2%2Fcomments&post=59937"}],"version-history":[{"count":0,"href":"https:\/\/archiviogioia.lavocedelpaese.info\/index.php?rest_route=\/wp\/v2\/posts\/59937\/revisions"}],"wp:attachment":[{"href":"https:\/\/archiviogioia.lavocedelpaese.info\/index.php?rest_route=%2Fwp%2Fv2%2Fmedia&parent=59937"}],"wp:term":[{"taxonomy":"category","embeddable":true,"href":"https:\/\/archiviogioia.lavocedelpaese.info\/index.php?rest_route=%2Fwp%2Fv2%2Fcategories&post=59937"},{"taxonomy":"post_tag","embeddable":true,"href":"https:\/\/archiviogioia.lavocedelpaese.info\/index.php?rest_route=%2Fwp%2Fv2%2Ftags&post=59937"}],"curies":[{"name":"wp","href":"https:\/\/api.w.org\/{rel}","templated":true}]}}