{"id":60082,"date":"2019-01-02T07:12:15","date_gmt":"2019-01-02T07:12:15","guid":{"rendered":"https:\/\/archiviogioia.lavocedelpaese.info\/?p=60082"},"modified":"2019-01-02T07:12:15","modified_gmt":"2019-01-02T07:12:15","slug":"meteo-sara-una-settimana-artica-da-vero-clima-polare-video-2","status":"publish","type":"post","link":"https:\/\/archiviogioia.lavocedelpaese.info\/?p=60082","title":{"rendered":"Meteo: \u201cSar\u00e0 una settimana artica da vero clima polare\u201d-video"},"content":{"rendered":"<p><a title=\"settimana-artica-gelo-neve-2119\" href=\"https:\/\/www.flickr.com\/photos\/91470992@N02\/45846923514\" data-flickr-embed=\"true\"><img loading=\"lazy\" decoding=\"async\" style=\"display: block; margin-left: auto; margin-right: auto;\" src=\"https:\/\/farm8.staticflickr.com\/7807\/45846923514_86e4774e1f_z.jpg\" alt=\"settimana-artica-gelo-neve-2119\" width=\"320\" height=\"240\" \/><\/a><\/p>\n<p><!--more--><\/p>\n<p style=\"text-align: justify;\"><a title=\"nuovo-anno-181218\" href=\"https:\/\/www.flickr.com\/photos\/91470992@N02\/46570752491\/in\/photostream\/\" data-flickr-embed=\"true\"><img loading=\"lazy\" decoding=\"async\" style=\"margin: 4px; float: left;\" src=\"https:\/\/farm5.staticflickr.com\/4841\/46570752491_686ce9b13f.jpg\" alt=\"nuovo-anno-181218\" width=\"400\" height=\"302\" \/><\/a> \u201cGli ultimi aggiornamenti dei modelli meteo (ECMWF) a nostra disposizione confermano<strong> l\u2019ondata di gelo e neve in arrivo sull&#8217;Italia<\/strong>, per quella che sar\u00e0 a tutti gli effetti una <strong>SETTIMANA ARTICA<\/strong>.<\/p>\n<p style=\"text-align: justify;\">Gi\u00e0 a partire da Mercoled\u00ec 2 Gennaio, l&#8217;alta pressione delle Azzorre si sposter\u00e0 verso l&#8217;Europa occidentale, ponendo i suoi massimi sul Regno Unito e allungandosi poi fin verso la Scandinavia e il Circolo Polare Artico. Questo movimento metter\u00e0 in moto <strong>imponenti masse d&#8217;aria artico-continentali che raggiungeranno presto anche il nostro Paese e provocheranno un fortissimo calo termico di 10\u00b0C specie sulle regioni del Centro-Sud<\/strong>. Ma il <strong>clima sar\u00e0 POLARE<\/strong> pure al Nord, di giorno, nonostante il sole, ma soprattutto la notte, quando il <strong>GHIACCIO <\/strong>la far\u00e0 da padrone.<\/p>\n<p style=\"text-align: justify;\">Gi\u00e0 da oggi faranno il loro ingresso le correnti gelide specie sui settori adriatici portando <strong>la neve dal pomeriggio fin sui litorali tra Marche e Abruzzo<\/strong>. <strong>Rovesci di pioggia invece in Puglia<\/strong>, Sicilia e Calabria. Le temperature sono previs<a title=\"italybig_p\" href=\"https:\/\/www.flickr.com\/photos\/91470992@N02\/32697210878\/in\/photostream\/\" data-flickr-embed=\"true\"><img loading=\"lazy\" decoding=\"async\" style=\"margin: 4px; float: right;\" src=\"https:\/\/farm8.staticflickr.com\/7813\/32697210878_a594c3dbbc.jpg\" alt=\"italybig_p\" width=\"400\" height=\"433\" \/><\/a>te in sensibile calo ovunque.<\/p>\n<p style=\"text-align: justify;\"><strong>Gioved\u00ec 3, <\/strong>giornata di <strong>maltempo al Centro-Sud con bufere di neve, mareggiate e vento forte sul medio e basso Adriatico e Sicilia settentrionale<\/strong>. <strong>Fiocchi <\/strong>attesi al piano e <strong>sulle aree costiere dall&#8217;Abruzzo alla Puglia<\/strong> con <strong>accumuli fino a 5 cm in citt\u00e0 come Bari, Pescara e Foggia<\/strong>. Il resto dell\u2019Italia invece godr\u00e0 ancora di tempo pi\u00f9 stabile e soleggiato.<br \/> Anche per la giornata di <strong>Venerd\u00ec 4 <\/strong>le gelide correnti artiche faranno sentire i lori effetti con <strong>fenomeni nevosi diffusi sul medio e basso Adriatico tra Marche, Abruzzo, Molise, rilievi interni della Campania, Basilicata e Puglia<\/strong>. In particolare prestare attenzione in <strong>Abruzzo<\/strong>, sicuramente la <strong>regione pi\u00f9 colpita<\/strong>, con accumuli fino a 10\/15 cm sulle coste. Ma non \u00e8 finita qui, infatti nel corso della giornata la <strong>neve raggiunger\u00e0 anche la Calabria (reggino) e la Sicilia<\/strong> con <strong>possibili fiocchi sulle coste tirreniche<\/strong>.<\/p>\n<p style=\"text-align: justify;\">Da<strong> Sabato 5<\/strong> \u00e8 atteso un primo miglioramento al Centro-Sud con <strong>ultimi fenomeni nevosi in pianura e sulle coste di Puglia e Molise<\/strong>, piovaschi tra Sicilia e Calabria. La falla di Bassa Pressione sull&#8217;Europa Orientale continuer\u00e0 a pilotare gelidi venti dal Polo Nord anche per Domenica 6, ragion per cui le condizioni meteo rimarranno prettamente invernali e instabili con la possibilit\u00e0 di precipitazioni e nuove nevicate fino a bassa quota tra Puglia, Abruzzo e Basilicata\u201d.<\/p>\n<p style=\"text-align: right;\" align=\"right\">[<strong>ilmeteo.it<\/strong>]<\/p>\n<p><iframe loading=\"lazy\" src=\"https:\/\/www.ilmeteo.it\/videom\/embed_oggi_autoplay\" width=\"640\" height=\"400\" allowfullscreen=\"allowfullscreen\" mozallowfullscreen=\"true\" webkitallowfullscreen=\"true\"><\/iframe><\/p>\n<p><iframe loading=\"lazy\" src=\"https:\/\/www.ilmeteo.it\/videom\/embed_domani_autoplay\" width=\"640\" height=\"400\" allowfullscreen=\"allowfullscreen\" mozallowfullscreen=\"true\" webkitallowfullscreen=\"true\"><\/iframe><\/p>\n","protected":false},"excerpt":{"rendered":"","protected":false},"author":1,"featured_media":0,"comment_status":"open","ping_status":"closed","sticky":false,"template":"","format":"standard","meta":{"colormag_page_container_layout":"default_layout","colormag_page_sidebar_layout":"default_layout","footnotes":""},"categories":[8],"tags":[],"class_list":["post-60082","post","type-post","status-publish","format-standard","hentry","category-cronaca"],"_links":{"self":[{"href":"https:\/\/archiviogioia.lavocedelpaese.info\/index.php?rest_route=\/wp\/v2\/posts\/60082","targetHints":{"allow":["GET"]}}],"collection":[{"href":"https:\/\/archiviogioia.lavocedelpaese.info\/index.php?rest_route=\/wp\/v2\/posts"}],"about":[{"href":"https:\/\/archiviogioia.lavocedelpaese.info\/index.php?rest_route=\/wp\/v2\/types\/post"}],"author":[{"embeddable":true,"href":"https:\/\/archiviogioia.lavocedelpaese.info\/index.php?rest_route=\/wp\/v2\/users\/1"}],"replies":[{"embeddable":true,"href":"https:\/\/archiviogioia.lavocedelpaese.info\/index.php?rest_route=%2Fwp%2Fv2%2Fcomments&post=60082"}],"version-history":[{"count":0,"href":"https:\/\/archiviogioia.lavocedelpaese.info\/index.php?rest_route=\/wp\/v2\/posts\/60082\/revisions"}],"wp:attachment":[{"href":"https:\/\/archiviogioia.lavocedelpaese.info\/index.php?rest_route=%2Fwp%2Fv2%2Fmedia&parent=60082"}],"wp:term":[{"taxonomy":"category","embeddable":true,"href":"https:\/\/archiviogioia.lavocedelpaese.info\/index.php?rest_route=%2Fwp%2Fv2%2Fcategories&post=60082"},{"taxonomy":"post_tag","embeddable":true,"href":"https:\/\/archiviogioia.lavocedelpaese.info\/index.php?rest_route=%2Fwp%2Fv2%2Ftags&post=60082"}],"curies":[{"name":"wp","href":"https:\/\/api.w.org\/{rel}","templated":true}]}}