{"id":60197,"date":"2019-01-24T07:50:49","date_gmt":"2019-01-24T07:50:49","guid":{"rendered":"https:\/\/archiviogioia.lavocedelpaese.info\/?p=60197"},"modified":"2019-01-24T07:50:49","modified_gmt":"2019-01-24T07:50:49","slug":"anche-a-gioia-la-marcia-della-pace-con-lazione-cattolica-diocesana","status":"publish","type":"post","link":"https:\/\/archiviogioia.lavocedelpaese.info\/?p=60197","title":{"rendered":"Anche a Gioia la \u201cMarcia della Pace\u201d con l\u2019Azione Cattolica diocesana"},"content":{"rendered":"<p><a title=\"9afaea_marcia_sarda_della_pace_770x430_HomeIm_808x400\" href=\"https:\/\/www.flickr.com\/photos\/91470992@N02\/32984575208\/in\/dateposted-public\/\" data-flickr-embed=\"true\"><img loading=\"lazy\" decoding=\"async\" style=\"display: block; margin-left: auto; margin-right: auto;\" src=\"https:\/\/farm5.staticflickr.com\/4847\/32984575208_d05c15df9c_o.jpg\" alt=\"9afaea_marcia_sarda_della_pace_770x430_HomeIm_808x400\" width=\"320\" height=\"240\" \/><\/a><\/p>\n<p><!--more--><\/p>\n<p style=\"text-align: justify;\"><a title=\"marcia-della-pace\" href=\"https:\/\/www.flickr.com\/photos\/91470992@N02\/46135058704\/in\/dateposted-public\/\" data-flickr-embed=\"true\"><img loading=\"lazy\" decoding=\"async\" style=\"margin: 4px; float: left;\" src=\"https:\/\/farm8.staticflickr.com\/7881\/46135058704_2e876aee91_o.jpg\" alt=\"marcia-della-pace\" width=\"400\" height=\"189\" \/><\/a>\u201cLa pace \u00e8 servita\u201d \u00e8 il tema della marcia della pace che Domenica 27 Gennaio sfiler\u00e0 per le strade della Diocesi. A promuovere l\u2019iniziativa \u00e8 l\u2019Azione Cattolica diocesana, nello specifico l\u2019articolazione Acr. Il <strong>ritrovo \u00e8 per le ore 08.15 al PalaCapurso di Gioia del Colle. <\/strong>La marcia inizier\u00e0 con la celebrazione della Santa Messa presieduta dal nostro arcivescovo, <strong>Mons. Francesco Cacucci<\/strong>. A seguire ci sar\u00e0 la marcia che attraverser\u00e0 le strade della citt\u00e0 per terminare in Piazza Plebiscito.<\/p>\n<p style=\"text-align: justify;\"><strong>Il percorso si snoder\u00e0 lungo via<\/strong> Terracini, via De Nicola, via Monte Sannace, via Manin, via Cavour con arrivo, come detto, in Piazza Andrano e Piazza Plebiscito. Nelle due piazze avranno luogo i giochi. In Piazza Plebiscito ci sar\u00e0 il momento conclusivo di preghiera, dove tutta <strong>la cittadinanza \u00e8 invitata<\/strong>.<\/p>\n<p style=\"text-align: justify;\">Come ogni anno l\u2019Azione Cattolica, attraverso le voci ed i colori dei bambini e dei ragazzi, \u00e8 pronta ad urlare il desiderio di pace, facendo suo il discorso di Papa Francesco pronunciato in occasione della giornata mondiale della pace, il Primo Gennaio. Durante la marcia, con l&#8217;acquisto del gadget della pace, possiamo contribuire e sostenere la Campagna \u201cAbbiamo riso per una cosa seria\u201d e l\u2019impegno di FOCSIV nella difesa della libert\u00e0, dell&#8217;autonomia e della possibilit\u00e0 di consentire a tutti di vivere una vita piena e buona\u201d.<\/p>\n<p style=\"text-align: right;\" align=\"right\"><strong>Azione Cattolica Diocesana<\/strong><\/p>\n<p>&nbsp;<\/p>\n","protected":false},"excerpt":{"rendered":"","protected":false},"author":1,"featured_media":0,"comment_status":"open","ping_status":"closed","sticky":false,"template":"","format":"standard","meta":{"colormag_page_container_layout":"default_layout","colormag_page_sidebar_layout":"default_layout","footnotes":""},"categories":[7],"tags":[],"class_list":["post-60197","post","type-post","status-publish","format-standard","hentry","category-attualita"],"_links":{"self":[{"href":"https:\/\/archiviogioia.lavocedelpaese.info\/index.php?rest_route=\/wp\/v2\/posts\/60197","targetHints":{"allow":["GET"]}}],"collection":[{"href":"https:\/\/archiviogioia.lavocedelpaese.info\/index.php?rest_route=\/wp\/v2\/posts"}],"about":[{"href":"https:\/\/archiviogioia.lavocedelpaese.info\/index.php?rest_route=\/wp\/v2\/types\/post"}],"author":[{"embeddable":true,"href":"https:\/\/archiviogioia.lavocedelpaese.info\/index.php?rest_route=\/wp\/v2\/users\/1"}],"replies":[{"embeddable":true,"href":"https:\/\/archiviogioia.lavocedelpaese.info\/index.php?rest_route=%2Fwp%2Fv2%2Fcomments&post=60197"}],"version-history":[{"count":0,"href":"https:\/\/archiviogioia.lavocedelpaese.info\/index.php?rest_route=\/wp\/v2\/posts\/60197\/revisions"}],"wp:attachment":[{"href":"https:\/\/archiviogioia.lavocedelpaese.info\/index.php?rest_route=%2Fwp%2Fv2%2Fmedia&parent=60197"}],"wp:term":[{"taxonomy":"category","embeddable":true,"href":"https:\/\/archiviogioia.lavocedelpaese.info\/index.php?rest_route=%2Fwp%2Fv2%2Fcategories&post=60197"},{"taxonomy":"post_tag","embeddable":true,"href":"https:\/\/archiviogioia.lavocedelpaese.info\/index.php?rest_route=%2Fwp%2Fv2%2Ftags&post=60197"}],"curies":[{"name":"wp","href":"https:\/\/api.w.org\/{rel}","templated":true}]}}