{"id":60402,"date":"2019-02-20T08:02:41","date_gmt":"2019-02-20T08:02:41","guid":{"rendered":"https:\/\/archiviogioia.lavocedelpaese.info\/?p=60402"},"modified":"2019-02-20T08:02:41","modified_gmt":"2019-02-20T08:02:41","slug":"genitori-calciatori-gioiesi-ringraziano-asd-dive-group-santeramo-2","status":"publish","type":"post","link":"https:\/\/archiviogioia.lavocedelpaese.info\/?p=60402","title":{"rendered":"Genitori calciatori gioiesi ringraziano ASD Dive Group Santeramo"},"content":{"rendered":"<p><a title=\"ASD Dive Group Santeramo\" href=\"https:\/\/www.flickr.com\/photos\/91470992@N02\/47105903492\" data-flickr-embed=\"true\"><img loading=\"lazy\" decoding=\"async\" style=\"display: block; margin-left: auto; margin-right: auto;\" src=\"https:\/\/farm8.staticflickr.com\/7897\/47105903492_2e14e5a47a_z.jpg\" alt=\"ASD Dive Group Santeramo\" width=\"320\" height=\"240\" \/><\/a><\/p>\n<p><!--more--><\/p>\n<p style=\"text-align: justify;\"><a title=\"ASD Dive Group Santeramo\" href=\"https:\/\/www.flickr.com\/photos\/91470992@N02\/32215996537\/in\/dateposted-public\/\" data-flickr-embed=\"true\"><img loading=\"lazy\" decoding=\"async\" style=\"margin: 4px; float: left;\" src=\"https:\/\/farm8.staticflickr.com\/7921\/32215996537_c064460754.jpg\" alt=\"ASD Dive Group Santeramo\" width=\"400\" height=\"250\" \/><\/a> <strong>\u201cUna pattuglia di giocatori gioiesi<\/strong><span>, composta per ora da otto ragazzi uniti dalla passione per il calcio, <strong>\u00e8 approdata in questa stagione alla corte della societ\u00e0 calcio ASD Dive&nbsp; Group Santeramo<\/strong>&nbsp; del presidente <strong>Vincenzo Divella<\/strong>.<\/span><\/p>\n<p style=\"text-align: justify;\"><strong>Lusingati dal progetto<\/strong><span> <strong>proposto dallo staff<\/strong> della societ\u00e0, nella persona di<strong> Antonio Divella<\/strong>, coadiuvato da <strong>Nicola Divella<\/strong> ed <strong>Antony Valenzano<\/strong>, con la collaborazione di <strong>Nicola Iacobellis<\/strong>,&nbsp;e dalla new entry come allenatore categoria allievi, <strong>Lorenzo Battaglia<\/strong> (ex calciatore serie A), <strong>la pattuglia ha sin da subito interpretato magnificamente la mission della nuova societ\u00e0<\/strong>. Quella cio\u00e8 di raggiungere in breve tempo la supremazia territoriale a Santeramo, dove le societ\u00e0 sono ben 5, e conquistare il livello, non solo sportivo, che pi\u00f9 le compete.<\/span><\/p>\n<p style=\"text-align: justify;\"><strong>La nuova metodologia degli allenamenti<\/strong><span> apportata dal Mister Battaglia <strong>ha subito<\/strong><\/span><a title=\"ASD Dive Group Santeramo\" href=\"https:\/\/www.flickr.com\/photos\/91470992@N02\/32215997467\/in\/dateposted-public\/\" data-flickr-embed=\"true\"><img loading=\"lazy\" decoding=\"async\" style=\"margin: 4px; float: right;\" src=\"https:\/\/farm8.staticflickr.com\/7916\/32215997467_4c66d58c34.jpg\" alt=\"ASD Dive Group Santeramo\" width=\"400\" height=\"292\" \/><\/a><span><strong> prodotto<\/strong> nei ragazzi <strong>un benessere psichico\/fisico e sociale<\/strong>, creando un gruppo solido e coeso, anche fuori dal campo di gioco. Di conseguenza <strong>i<\/strong> <strong>risultati non si sono fatti attendere<\/strong>.<\/span><\/p>\n<p style=\"text-align: justify;\"><strong>Al giro di boa gli allievi Giuseppe Iacobellis, Mattia Lorusso<\/strong><span>, classe 2002, <strong>Luca Dalfino, Loris Antonicelli, Vincenzo Mastromarino, Domenico Nico, Vito Petrera<\/strong> classe 2003, e per ultimo&nbsp; <strong>Andrea Borrelli<\/strong>, classe 2004, impegnato con ottimi risultati in entrambe le categorie, giovanissimi ed allievi, <strong>sono secondi in classifica<\/strong> ma con la voglia di fare ancora meglio.<\/span><\/p>\n<p style=\"text-align: justify;\"><strong>La gioia e la soddisfazione stampata sul volto dei ragazzi \u00e8 contagiosa<\/strong><span> anche per noi genitori, sempre pronti a supportarli con i nostri mezzi, nei giorni di allenamento o durante le partite di campionato. Sull&#8217;onda dei risultati fin qui ottenuti, <strong>la societ\u00e0 sta gi\u00e0 pianificando la prossima stagione agonistica mettendo nel mirino la categoria juniores<\/strong>, fino ad arrivare al debutto nella categoria superiore.<\/span><\/p>\n<p style=\"text-align: justify;\"><span>Una societ\u00e0, la ASD Dive Group Santeramo, a cui va il nostro pi\u00f9 sincero ringraziamento, in modo particolare a tutto lo staff, che consideriamo un esempio di lealt\u00e0 sportiva e umana\u201d.<\/span><\/p>\n<p style=\"text-align: right;\" align=\"right\"><strong>Un genitore &#8211; Iacobellis Nicola&nbsp;<\/strong><\/p>\n<p><a title=\"ASD Dive Group Santeramo\" href=\"https:\/\/www.flickr.com\/photos\/91470992@N02\/32215997147\/in\/photostream\/\" data-flickr-embed=\"true\"><img loading=\"lazy\" decoding=\"async\" src=\"https:\/\/farm8.staticflickr.com\/7847\/32215997147_c422dac315_z.jpg\" alt=\"ASD Dive Group Santeramo\" width=\"660\" height=\"495\" \/><\/a><\/p>\n<p><a title=\"ASD Dive Group Santeramo\" href=\"https:\/\/www.flickr.com\/photos\/91470992@N02\/40193050363\/in\/photostream\/\" data-flickr-embed=\"true\"><img loading=\"lazy\" decoding=\"async\" src=\"https:\/\/farm8.staticflickr.com\/7914\/40193050363_17a802028d_z.jpg\" alt=\"ASD Dive Group Santeramo\" width=\"660\" height=\"495\" \/><\/a><\/p>\n","protected":false},"excerpt":{"rendered":"","protected":false},"author":1,"featured_media":0,"comment_status":"open","ping_status":"closed","sticky":false,"template":"","format":"standard","meta":{"colormag_page_container_layout":"default_layout","colormag_page_sidebar_layout":"default_layout","footnotes":""},"categories":[5],"tags":[],"class_list":["post-60402","post","type-post","status-publish","format-standard","hentry","category-sport"],"_links":{"self":[{"href":"https:\/\/archiviogioia.lavocedelpaese.info\/index.php?rest_route=\/wp\/v2\/posts\/60402","targetHints":{"allow":["GET"]}}],"collection":[{"href":"https:\/\/archiviogioia.lavocedelpaese.info\/index.php?rest_route=\/wp\/v2\/posts"}],"about":[{"href":"https:\/\/archiviogioia.lavocedelpaese.info\/index.php?rest_route=\/wp\/v2\/types\/post"}],"author":[{"embeddable":true,"href":"https:\/\/archiviogioia.lavocedelpaese.info\/index.php?rest_route=\/wp\/v2\/users\/1"}],"replies":[{"embeddable":true,"href":"https:\/\/archiviogioia.lavocedelpaese.info\/index.php?rest_route=%2Fwp%2Fv2%2Fcomments&post=60402"}],"version-history":[{"count":0,"href":"https:\/\/archiviogioia.lavocedelpaese.info\/index.php?rest_route=\/wp\/v2\/posts\/60402\/revisions"}],"wp:attachment":[{"href":"https:\/\/archiviogioia.lavocedelpaese.info\/index.php?rest_route=%2Fwp%2Fv2%2Fmedia&parent=60402"}],"wp:term":[{"taxonomy":"category","embeddable":true,"href":"https:\/\/archiviogioia.lavocedelpaese.info\/index.php?rest_route=%2Fwp%2Fv2%2Fcategories&post=60402"},{"taxonomy":"post_tag","embeddable":true,"href":"https:\/\/archiviogioia.lavocedelpaese.info\/index.php?rest_route=%2Fwp%2Fv2%2Ftags&post=60402"}],"curies":[{"name":"wp","href":"https:\/\/api.w.org\/{rel}","templated":true}]}}