{"id":60440,"date":"2019-02-27T07:15:50","date_gmt":"2019-02-27T07:15:50","guid":{"rendered":"https:\/\/archiviogioia.lavocedelpaese.info\/?p=60440"},"modified":"2019-02-27T07:15:50","modified_gmt":"2019-02-27T07:15:50","slug":"la-finestra-di-mayra-daprile-al-caffe-letterario-il-professore","status":"publish","type":"post","link":"https:\/\/archiviogioia.lavocedelpaese.info\/?p=60440","title":{"rendered":"\u201cLa finestra\u201d di Mayra D\u2019Aprile al caff\u00e8 letterario \u201cIl Professore\u201d"},"content":{"rendered":"<p><a title=\"Mayra-D'Aprile\" href=\"https:\/\/www.flickr.com\/photos\/91470992@N02\/33355295228\/in\/dateposted-public\/\" data-flickr-embed=\"true\"><img loading=\"lazy\" decoding=\"async\" style=\"display: block; margin-left: auto; margin-right: auto;\" src=\"https:\/\/farm8.staticflickr.com\/7921\/33355295228_47058a96d7_o.jpg\" alt=\"Mayra-D'Aprile\" width=\"320\" height=\"240\" \/><\/a><\/p>\n<p><!--more--><\/p>\n<p style=\"text-align: justify;\"><a title=\"la finestra Mayra D'Aprile\" href=\"https:\/\/www.flickr.com\/photos\/91470992@N02\/46316550315\/in\/dateposted-public\/\" data-flickr-embed=\"true\"><img loading=\"lazy\" decoding=\"async\" style=\"margin: 4px; float: left;\" src=\"https:\/\/farm8.staticflickr.com\/7875\/46316550315_731033601d.jpg\" alt=\"la finestra Mayra D'Aprile\" width=\"400\" height=\"300\" \/><\/a>\u201cGioved\u00ec 28 febbraio alle ore 19:00, presso il <strong>caff\u00e8 letterario &#8220;Il Professore&#8221;<\/strong> si svolger\u00e0 la <strong>presentazione del<\/strong> <strong>libro \u201cLa finestra\u201d di Mayra D&#8217;Aprile<\/strong>. Con questo racconto, l&#8217;autrice pugliese si \u00e8 <strong>classificata al 2\u00b0 posto<\/strong> per la sezione inediti del <strong>Premio Letterario Internazionale &#8220;La Penna Perfetta&#8221;<\/strong> &#8211; Ed. 2018.<\/p>\n<p style=\"text-align: justify;\"><span><strong>IL LIBRO:<\/strong> Dopo la morte dei genitori, Martin si \u00e8 rifugiato nella sua camera lasciando al di fuori anche la sua ragazza. Il fratello Jacob \u00e8 il solo che pu\u00f2 stargli accanto. La finestra \u00e8 l\u2019unico tramite con la vita e ritornare alla normalit\u00e0 potrebbe non essere per lui cos\u00ec semplice.<\/span><\/p>\n<p style=\"text-align: justify;\"><span><strong>L&#8217;AUTRICE<\/strong>: Mayra D\u2019Aprile, \u00e8 una trentanovenne con la passione per la scrittura e l\u2019esplorazione dell\u2019animo umano. Scrive il suo primo racconto a 11 anni. Accantonata la sua passione per un lungo periodo, impegnata nella crescita dei suoi due figli, decide di provare a condividere i suoi scritti e partecipa di recente a due concorsi letterari. Si classifica al primo posto assoluto nel premio letterario \u201cIl respiro dei sensi\u201d ed. 2018 con il racconto Mare in tempesta, e al secondo posto assoluto (primo per i racconti) nel premio letterario \u201cLa penna perfetta\u201d ed. 2018 con l\u2019opera La finestra\u201d.<\/span><\/p>\n<p>&nbsp;<\/p>\n","protected":false},"excerpt":{"rendered":"","protected":false},"author":1,"featured_media":0,"comment_status":"open","ping_status":"closed","sticky":false,"template":"","format":"standard","meta":{"colormag_page_container_layout":"default_layout","colormag_page_sidebar_layout":"default_layout","footnotes":""},"categories":[7],"tags":[],"class_list":["post-60440","post","type-post","status-publish","format-standard","hentry","category-attualita"],"_links":{"self":[{"href":"https:\/\/archiviogioia.lavocedelpaese.info\/index.php?rest_route=\/wp\/v2\/posts\/60440","targetHints":{"allow":["GET"]}}],"collection":[{"href":"https:\/\/archiviogioia.lavocedelpaese.info\/index.php?rest_route=\/wp\/v2\/posts"}],"about":[{"href":"https:\/\/archiviogioia.lavocedelpaese.info\/index.php?rest_route=\/wp\/v2\/types\/post"}],"author":[{"embeddable":true,"href":"https:\/\/archiviogioia.lavocedelpaese.info\/index.php?rest_route=\/wp\/v2\/users\/1"}],"replies":[{"embeddable":true,"href":"https:\/\/archiviogioia.lavocedelpaese.info\/index.php?rest_route=%2Fwp%2Fv2%2Fcomments&post=60440"}],"version-history":[{"count":0,"href":"https:\/\/archiviogioia.lavocedelpaese.info\/index.php?rest_route=\/wp\/v2\/posts\/60440\/revisions"}],"wp:attachment":[{"href":"https:\/\/archiviogioia.lavocedelpaese.info\/index.php?rest_route=%2Fwp%2Fv2%2Fmedia&parent=60440"}],"wp:term":[{"taxonomy":"category","embeddable":true,"href":"https:\/\/archiviogioia.lavocedelpaese.info\/index.php?rest_route=%2Fwp%2Fv2%2Fcategories&post=60440"},{"taxonomy":"post_tag","embeddable":true,"href":"https:\/\/archiviogioia.lavocedelpaese.info\/index.php?rest_route=%2Fwp%2Fv2%2Ftags&post=60440"}],"curies":[{"name":"wp","href":"https:\/\/api.w.org\/{rel}","templated":true}]}}