{"id":60510,"date":"2019-03-06T08:22:49","date_gmt":"2019-03-06T08:22:49","guid":{"rendered":"https:\/\/archiviogioia.lavocedelpaese.info\/?p=60510"},"modified":"2019-03-06T08:22:49","modified_gmt":"2019-03-06T08:22:49","slug":"un-don-chisciotte-da-applausi-con-alessio-boni-foto-2","status":"publish","type":"post","link":"https:\/\/archiviogioia.lavocedelpaese.info\/?p=60510","title":{"rendered":"UN DON CHISCIOTTE DA APPLAUSI CON ALESSIO BONI-foto"},"content":{"rendered":"<p><a title=\"don chisciotte con alessio boni\" href=\"https:\/\/www.flickr.com\/photos\/91470992@N02\/46385155625\/in\/dateposted-public\/\" data-flickr-embed=\"true\"><img loading=\"lazy\" decoding=\"async\" style=\"display: block; margin-left: auto; margin-right: auto;\" src=\"https:\/\/farm8.staticflickr.com\/7908\/46385155625_41a8aa04f9_z.jpg\" alt=\"don chisciotte con alessio boni\" width=\"320\" height=\"240\" \/><\/a><\/p>\n<p><!--more--><\/p>\n<p style=\"margin-bottom: 0.0001pt; line-height: normal; text-align: justify;\"><a title=\"don chisciotte con alessio boni\" href=\"https:\/\/www.flickr.com\/photos\/91470992@N02\/46385155225\/in\/dateposted-public\/\" data-flickr-embed=\"true\"><img loading=\"lazy\" decoding=\"async\" style=\"margin: 4px; float: left;\" src=\"https:\/\/farm8.staticflickr.com\/7917\/46385155225_144729afdc_z.jpg\" alt=\"don chisciotte con alessio boni\" width=\"400\" height=\"300\" \/><\/a> Il 22 Febbraio 2019 al Teatro Rossini di Gioia del Cole \u00e8 andato in scena per il Nuovo Teatro diretta da Marco Balsamo\/fondazione Teatro della Toscana con <strong>Alessio Boni<\/strong> e <strong>Serra Yilmaz<\/strong> \u201c<strong>Don Chisciotte<\/strong>\u201d spettacolo liberamente ispirato al romanzo di Miguel de Cervantes Saavedra &#8211; adattamento di <strong>Francesco Niccolini <\/strong>&#8211; drammaturgia di <strong>Roberto Aldorasi<\/strong>, Alessio Boni, <strong>Marcello Prayer<\/strong> e Francesco Niccolini con Marcello Prayer, <strong>Francesco Meoni<\/strong>, <strong>Pietro Faiella<\/strong>, <strong>Liliana Massari<\/strong>, <strong>Elena Nico<\/strong> &#8211; Regia Alessio Boni, Roberto Aldorasi, Marcello Prayer.<\/p>\n<p style=\"margin-bottom: 0.0001pt; line-height: normal; text-align: justify;\"><strong>Rosanna Ventura<\/strong> presidente dell&#8217;Associazione \u201cOmbre\u201d, nella sua presentazione iniziale ha ricordato a tutto il pubblico che per la messa in scena dello spettacolo alcuni accorgimenti tecnici sarebbero stati adeguati al Teatro Rossini, senza compromettere il buon risultato dello spettacolo.<\/p>\n<p style=\"margin-bottom: 0.0001pt; line-height: normal; text-align: justify;\">Il sipario si aperto ed il pubblico attento e concentrato ha potuto subito apprezzare la bravura degli attori e gli espedienti scenici, ammirando e restando increduli quando in scena \u00e8 entrato il cavallo di Don Chisciotte \u201cRonzinante\u201d per<a title=\"don chisciotte con alessio boni\" href=\"https:\/\/www.flickr.com\/photos\/91470992@N02\/46385156195\/in\/dateposted-public\/\" data-flickr-embed=\"true\"><img loading=\"lazy\" decoding=\"async\" style=\"margin: 4px; float: right;\" src=\"https:\/\/farm8.staticflickr.com\/7892\/46385156195_87fccc0edd_z.jpg\" alt=\"don chisciotte con alessio boni\" width=\"400\" height=\"300\" \/><\/a> la verosomiglianza ad uno in carne ed ossa. Don Chisciotte, prima di partire per diventare un cavaliere errante diede questo nome al suo cavallo perch\u00e8 lo considerava&nbsp;&nbsp; importante al pari di Bucefalo, quello di Alessandro Magno, ma era solo un ronzino piccolo e magro. Le vicende di Don Chisciotte sono ben note, il suo vero nome \u00e8 Alonso Quijano nobile spagnolo appassionato di romanzi cavallereschi ma influenzato da queste letture tanto da confondere la realt\u00e0 con la fantasia e convincersi di essere chiamato a diventare un \u201ccavaliere errante\u201d in cerca di avventure per dimostrare il proprio valore. Un cavaliere errante che si rispetti deve dedicare le sue imprese ad una Dama e questa \u00e8 Dulcinea , una contadina sua vicina che lui ha innalzato, con la sua fantasia a Nobildonna; inoltre deve avere uno scudiero e Don Chisciotte nella sua follia trascina con s\u00e8 un contadino del posto Sancho Panza, promettendogli un posto di governatore di un&#8217;isola. Purtroppo per\u00f2, per la Spagna di quel periodo, siamo nel 1600, di avventure ce ne sono ben poche ma Don Chisciotte trasforma con la sua fantasia e pazzia avvenimenti normali in gesta eroiche: semplici mulini a vento saranno scambiati per giganti dalle braccia<a title=\"don chisciotte con alessio boni\" href=\"https:\/\/www.flickr.com\/photos\/91470992@N02\/47299951971\/in\/dateposted-public\/\" data-flickr-embed=\"true\"><img loading=\"lazy\" decoding=\"async\" style=\"margin: 4px; float: left;\" src=\"https:\/\/farm8.staticflickr.com\/7863\/47299951971_9344ea5594_z.jpg\" alt=\"don chisciotte con alessio boni\" width=\"400\" height=\"300\" \/><\/a> rotanti e greggi di pecore per eserciti arabi. Chiaramente lui uscir\u00e0 sempre sconfitto da queste imprese suscitando ilarit\u00e0 nella gente che gli \u00e8 testimone e Sancho Panza, suo fedele scudiero, sar\u00e0 a volte la sua parte razionale e a volte si far\u00e0 coinvolgere dalle ragione del suo padrone. Il Don Chisciotte di Cervantes \u00e8 un romanzo molto complesso che pone tanti interrogativi. Chi \u00e8 pazzo? Chi \u00e8 normale? Don Chisciotte nella sua lucida follia riesce a compiere delle gesta eroiche, \u00e8 convinto che quello che fa sia giusto e che soprattutto corrisponde a quello che sente; il mondo non esiste, lui non viene condizionato da esso ed \u00e8 proprio questo sentire intimo che fa di un uomo un eroe ed un uomo eccezionale, capace anche di cambiare il corso della storia ed essere ricordato. Al termine della commedia, in punto di morte, a Don Chisciotte si chiede di abiurare le proprie idee e lui, facendo propri i suggerimenti del suo servitore Sancho Panza e abbracciando il suo romanzo fra le braccia, non rinnegher\u00e0 quello in cui ha sempre creduto nella sua vita soprattutto i sogni.<\/p>\n<p style=\"margin-bottom: 0.0001pt; line-height: normal; text-align: justify;\"><strong>Lo spettacolo \u00e8 stato interessante nella sua parte scenica e recitativa<\/strong> un po&#8217; meno per quegli aspetti di forzata attualit\u00e0 in cui Serra Yilman, Sancho Panza, conserva il colore blu dei suoi capelli o lo spiccato accento siciliano di sua moglie, entrata in scena per redarguirlo o ancora il romanesco parlato dai pastori.<\/p>\n<p style=\"margin-bottom: 0.0001pt; line-height: normal; text-align: justify;\"><strong>L&#8217;applauso ha suggellato il gradimento del pubblico<\/strong> e la professionalit\u00e0 degli attori. [<strong>Foto Mimmo Castellaneta<\/strong>]<\/p>\n<p><a title=\"don chisciotte con alessio boni\" href=\"https:\/\/www.flickr.com\/photos\/91470992@N02\/40335375453\" data-flickr-embed=\"true\"><img loading=\"lazy\" decoding=\"async\" src=\"https:\/\/farm8.staticflickr.com\/7866\/40335375453_17e4001244_z.jpg\" alt=\"don chisciotte con alessio boni\" width=\"670\" height=\"439\" \/><\/a><\/p>\n<p>\n<object data=\"https:\/\/www.flickr.com\/apps\/slideshow\/show.swf?v=261948265\" type=\"application\/x-shockwave-flash\" width=\"640\" height=\"480\"><param name=\"flashvars\" value=\"offsite=true&amp;lang=it-it&amp;page_show_url=%2Fphotos%2F91470992%40N02%2Fsets%2F72157707383552494%2Fshow%2F&amp;page_show_back_url=%2Fphotos%2F91470992%40N02%2Fsets%2F72157707383552494%2F&amp;set_id=72157707383552494&amp;jump_to=0\" \/><param name=\"movie\" value=\"https:\/\/www.flickr.com\/apps\/slideshow\/show.swf?v=261948265\" \/><param name=\"allowFullScreen\" value=\"true\" \/><\/object><\/p>\n","protected":false},"excerpt":{"rendered":"","protected":false},"author":1,"featured_media":0,"comment_status":"open","ping_status":"closed","sticky":false,"template":"","format":"standard","meta":{"colormag_page_container_layout":"default_layout","colormag_page_sidebar_layout":"default_layout","footnotes":""},"categories":[7],"tags":[],"class_list":["post-60510","post","type-post","status-publish","format-standard","hentry","category-attualita"],"_links":{"self":[{"href":"https:\/\/archiviogioia.lavocedelpaese.info\/index.php?rest_route=\/wp\/v2\/posts\/60510","targetHints":{"allow":["GET"]}}],"collection":[{"href":"https:\/\/archiviogioia.lavocedelpaese.info\/index.php?rest_route=\/wp\/v2\/posts"}],"about":[{"href":"https:\/\/archiviogioia.lavocedelpaese.info\/index.php?rest_route=\/wp\/v2\/types\/post"}],"author":[{"embeddable":true,"href":"https:\/\/archiviogioia.lavocedelpaese.info\/index.php?rest_route=\/wp\/v2\/users\/1"}],"replies":[{"embeddable":true,"href":"https:\/\/archiviogioia.lavocedelpaese.info\/index.php?rest_route=%2Fwp%2Fv2%2Fcomments&post=60510"}],"version-history":[{"count":0,"href":"https:\/\/archiviogioia.lavocedelpaese.info\/index.php?rest_route=\/wp\/v2\/posts\/60510\/revisions"}],"wp:attachment":[{"href":"https:\/\/archiviogioia.lavocedelpaese.info\/index.php?rest_route=%2Fwp%2Fv2%2Fmedia&parent=60510"}],"wp:term":[{"taxonomy":"category","embeddable":true,"href":"https:\/\/archiviogioia.lavocedelpaese.info\/index.php?rest_route=%2Fwp%2Fv2%2Fcategories&post=60510"},{"taxonomy":"post_tag","embeddable":true,"href":"https:\/\/archiviogioia.lavocedelpaese.info\/index.php?rest_route=%2Fwp%2Fv2%2Ftags&post=60510"}],"curies":[{"name":"wp","href":"https:\/\/api.w.org\/{rel}","templated":true}]}}