{"id":60643,"date":"2019-03-25T07:38:17","date_gmt":"2019-03-25T07:38:17","guid":{"rendered":"https:\/\/archiviogioia.lavocedelpaese.info\/?p=60643"},"modified":"2019-03-25T07:38:17","modified_gmt":"2019-03-25T07:38:17","slug":"montursi-ritornano-le-iniziative-promosse-dallasd-ciclistica-gioiese","status":"publish","type":"post","link":"https:\/\/archiviogioia.lavocedelpaese.info\/?p=60643","title":{"rendered":"Montursi. Ritornano le iniziative promosse dall\u2019ASD Ciclistica Gioiese"},"content":{"rendered":"<p><a title=\"ciclistica gioiese\" href=\"https:\/\/www.flickr.com\/photos\/91470992@N02\/32523910997\" data-flickr-embed=\"true\"><img loading=\"lazy\" decoding=\"async\" style=\"display: block; margin-left: auto; margin-right: auto;\" src=\"https:\/\/farm8.staticflickr.com\/7903\/32523910997_96b22be6e0_z.jpg\" alt=\"ciclistica gioiese\" width=\"320\" height=\"240\" \/><\/a><\/p>\n<p><!--more--><\/p>\n<p style=\"text-align: justify;\"><a title=\"ciclistica gioiese\" href=\"https:\/\/www.flickr.com\/photos\/91470992@N02\/46550447205\/in\/dateposted-public\/\" data-flickr-embed=\"true\"><img loading=\"lazy\" decoding=\"async\" style=\"margin: 4px; float: left;\" src=\"https:\/\/farm8.staticflickr.com\/7890\/46550447205_52ba75fceb.jpg\" alt=\"ciclistica gioiese\" width=\"400\" height=\"300\" \/><\/a> \u201cInformiamo la cittadinanza che <strong>l\u2019ASD Ciclistica Gioiese<\/strong>, nelle prossime settimane, <strong>sar\u00e0 promotrice di due eventi<\/strong>, tra loro collegati.<\/p>\n<p style=\"text-align: justify;\"><strong>Sabato 30 marzo<\/strong> con la seconda edizione di &#8220;<strong>Ripuliamo i nostri Boschi<\/strong>&#8221;&nbsp; Una iniziativa promossa ed organizzata dalla ASD Ciclistica Gioiese che mantiene fede cos\u00ec ad uno degli obiettivi principi della propria attivit\u00e0: essere in qualche modo &#8220;sentinelle&#8221; dell\u2019ambiente e verifica costante dello stato di salute del territorio.&nbsp;In questa occasione <strong>come semplici cittadini<\/strong> e come gesto d&#8217;amore verso il nostro territorio <strong>riproponiamo l&#8217;idea<\/strong> di prenderci cura&nbsp; di una parte del nostro territorio e <strong>nella speranza di coinvolgere la NAVITA<\/strong> srl nel progetto <strong>di ripulire la splendida localit\u00e0 di Montursi<\/strong>.<\/p>\n<p style=\"text-align: justify;\"><strong>Il programma<\/strong> della giornata prevede una \u201cpasseggiata civica\u201d, lungo i sentieri delle due pinete di Montursi, durante la quale verranno distribuiti guanti da lavoro e bust<a title=\"ciclistica gioiese\" href=\"https:\/\/www.flickr.com\/photos\/91470992@N02\/33589188418\/in\/photostream\/\" data-flickr-embed=\"true\"><img loading=\"lazy\" decoding=\"async\" style=\"margin: 4px; float: right;\" src=\"https:\/\/farm8.staticflickr.com\/7890\/33589188418_d9e0165991_z.jpg\" alt=\"ciclistica gioiese\" width=\"401\" height=\"610\" \/><\/a>oni da immondizia a ciascuno dei volontari che si presenteranno alle 9:00, davanti alla chiesetta nel bosco, per unirsi agli amici della bici delle due associazioni e per ripulire i sentieri da cartacce ed altri rifiuti.<\/p>\n<p style=\"text-align: justify;\">L&#8217;iniziativa, chiaramente, ha un valore simbolico e <strong>ci auguriamo di coinvolgere tanti volenterosi<\/strong> per dimostrare il nostro rispetto verso l\u2019ambiente. Tutti i partecipanti saranno &#8220;premiati&#8221; con un simbolico pezzo di focaccia con la mortadella offerto dalla nostra ASD Ciclistica Gioiese.<\/p>\n<p style=\"text-align: justify;\"><strong>Per informazioni e adesioni<\/strong>, seguiteci su:&nbsp;<\/p>\n<p><a href=\"https:\/\/www.facebook.com\/groups\/626066487404260\/\">https:\/\/www.facebook.com\/groups\/626066487404260\/<\/a><\/p>\n<p style=\"text-align: justify;\"><strong>Domenica 7 aprile <\/strong>l\u2019ASD Ciclistica Gioiese in collaborazione con Decathlon di Casamassima organizzer\u00e0 il <strong>2\u00b0 raduno di \u201cMountain Bike Citt\u00e0 di Gioia del Colle<\/strong>\u201d.&nbsp;<\/p>\n<p style=\"text-align: justify;\"><strong>In localit\u00e0 Montursi<\/strong> ospiteremo tutti i gruppi o singoli &#8220;bikers&#8221; che vorranno venire a <strong>pedalare su uno dei percorsi pi\u00f9 pedalati <\/strong>dai membri della nostra associazione. Il percorso \u00e8 stato opportunamente definito da un team su un tracciato <strong>di 20 km circa<\/strong>,&nbsp; sar\u00e0 guidato sulle nostre ciclovie e segnalato con apposita segnaletica che posizioneremo sul tracciato, cos\u00ec da poter essere sia agevole e sia fruibile da chiunque e per quanto di meglio si possa fare perch\u00e8 possa essere anche divertente e sicuro.&nbsp;<\/p>\n<p style=\"text-align: justify;\">La manifestazione sar\u00e0 aperta da uno stand Decathlon di accoglienza dei partecipanti per il disbrigo delle iscrizioni e della firma di una liberatoria. <strong>L&#8217;iscrizione si pu\u00f2 fare on-line<\/strong> sul sito di Decathlon:&nbsp;&nbsp; <a href=\"https:\/\/eventi.decathlon.it\/partecipa#events-sportdays\" target=\"_blank\" rel=\"noopener\">https:\/\/eventi.decathlon.it\/partecipa#events-sportdays<\/a>.<\/p>\n<p style=\"text-align: justify;\"><strong>Partenza ed arrivo alla chiesa di San Giuseppe Lavoratore<\/strong> con un&nbsp; rinfresco finale. Per ulteriori informazioni scrivere alla seguente mail: <a href=\"mailto:ciclisticagioiese@gmail.com\" target=\"_blank\" rel=\"noopener\">ciclisticagioiese@gmail.com<\/a>\u201d.<\/p>\n<p>&nbsp;<\/p>\n","protected":false},"excerpt":{"rendered":"","protected":false},"author":1,"featured_media":0,"comment_status":"open","ping_status":"closed","sticky":false,"template":"","format":"standard","meta":{"colormag_page_container_layout":"default_layout","colormag_page_sidebar_layout":"default_layout","footnotes":""},"categories":[7],"tags":[],"class_list":["post-60643","post","type-post","status-publish","format-standard","hentry","category-attualita"],"_links":{"self":[{"href":"https:\/\/archiviogioia.lavocedelpaese.info\/index.php?rest_route=\/wp\/v2\/posts\/60643","targetHints":{"allow":["GET"]}}],"collection":[{"href":"https:\/\/archiviogioia.lavocedelpaese.info\/index.php?rest_route=\/wp\/v2\/posts"}],"about":[{"href":"https:\/\/archiviogioia.lavocedelpaese.info\/index.php?rest_route=\/wp\/v2\/types\/post"}],"author":[{"embeddable":true,"href":"https:\/\/archiviogioia.lavocedelpaese.info\/index.php?rest_route=\/wp\/v2\/users\/1"}],"replies":[{"embeddable":true,"href":"https:\/\/archiviogioia.lavocedelpaese.info\/index.php?rest_route=%2Fwp%2Fv2%2Fcomments&post=60643"}],"version-history":[{"count":0,"href":"https:\/\/archiviogioia.lavocedelpaese.info\/index.php?rest_route=\/wp\/v2\/posts\/60643\/revisions"}],"wp:attachment":[{"href":"https:\/\/archiviogioia.lavocedelpaese.info\/index.php?rest_route=%2Fwp%2Fv2%2Fmedia&parent=60643"}],"wp:term":[{"taxonomy":"category","embeddable":true,"href":"https:\/\/archiviogioia.lavocedelpaese.info\/index.php?rest_route=%2Fwp%2Fv2%2Fcategories&post=60643"},{"taxonomy":"post_tag","embeddable":true,"href":"https:\/\/archiviogioia.lavocedelpaese.info\/index.php?rest_route=%2Fwp%2Fv2%2Ftags&post=60643"}],"curies":[{"name":"wp","href":"https:\/\/api.w.org\/{rel}","templated":true}]}}