{"id":60777,"date":"2019-04-05T09:35:10","date_gmt":"2019-04-05T09:35:10","guid":{"rendered":"https:\/\/archiviogioia.lavocedelpaese.info\/?p=60777"},"modified":"2019-04-05T09:35:10","modified_gmt":"2019-04-05T09:35:10","slug":"il-gioiese-filippo-maria-cazzolla-in-mostra-a-lecce-nellantica-saliera-2","status":"publish","type":"post","link":"https:\/\/archiviogioia.lavocedelpaese.info\/?p=60777","title":{"rendered":"Il gioiese Filippo Maria Cazzolla in mostra a Lecce nell\u2019Antica Saliera"},"content":{"rendered":"<p><a title=\"mostra cazzolla\" href=\"https:\/\/www.flickr.com\/photos\/91470992@N02\/46627534955\/in\/dateposted-public\/\" data-flickr-embed=\"true\"><img loading=\"lazy\" decoding=\"async\" style=\"display: block; margin-left: auto; margin-right: auto;\" src=\"https:\/\/live.staticflickr.com\/7858\/46627534955_66814a6e4d_o.jpg\" alt=\"mostra cazzolla\" width=\"320\" height=\"240\" \/><\/a><\/p>\n<p><!--more--><\/p>\n<p style=\"text-align: justify;\"><a title=\"mostra filippo cazzolla\" href=\"https:\/\/www.flickr.com\/photos\/91470992@N02\/33666314548\/in\/dateposted-public\/\" data-flickr-embed=\"true\"><img loading=\"lazy\" decoding=\"async\" style=\"margin: 4px; float: left;\" src=\"https:\/\/live.staticflickr.com\/7910\/33666314548_b0596183f0_z.jpg\" alt=\"mostra filippo cazzolla\" width=\"400\" height=\"527\" \/><\/a> &#8220;L\u2019<strong>Antica Saliera<\/strong>, con sede in Lecce alla via degli Antoglietta 11\/A, per il ciclo \u201c<strong>Incontro con l\u2019autore<\/strong>\u201d, sabato 6 aprile ore 19.00, <strong>\u00e8 lieta di presentare Michele Cuppone<\/strong> in: \u201cCaravaggio e la sfortuna di un capolavoro: la Nativit\u00e0 di Palermo\u201d.<\/p>\n<p style=\"text-align: justify;\">La recente cronaca, grazie a nuove confessioni di collaboratori di giustizia, ha portato alla ribalta la Nativit\u00e0 di Caravaggio, rubata nel 1969 e mai pi\u00f9 recuperata. Ma la sfortuna del capolavoro palermitano \u00e8 anche critica, e non soltanto per la discussa identificazione di alcuni personaggi raffigurati. A lungo ritenuta dipinta in Sicilia, durante gli anni trascorsi da \u2018latitante privilegiato\u2019 nel Meridione a seguito di un omicidio commesso a Roma, freschi studi hanno potuto ricollocare l\u2019opera all\u2019interno della produzione romana dell\u2019artista, accanto alle storie di san Matteo della cappella Contarelli (1600). Al di l\u00e0 dell\u2019analisi stilistica, a questa conclusione portano la rilettura del contratto di commissione, che sempre ha posto qualche interrogativo, oltre a documenti ora emersi e alle analisi scientifiche eseguite sulla tela. Sul fronte iconografico, alla perdita dell\u2019originale si contrappongono le riscoperte, negli ultimi tempi, dell\u2019esistenza di una copia antica, di una vivace litografia dell\u2019oratorio che custodiva il quadro e delle prime fotografie novecentesche, per giungere a commoventi documentari degli anni \u201960 del secolo scorso.<\/p>\n<p style=\"text-align: justify;\">Del dipinto rubato, sopravvive in qualche modo l\u2019immagine della bella modella che aveva posato per la Vergine, presente in altro celebre dipinto romano \u2026<\/p>\n<p style=\"text-align: justify;\"><strong>Per l&#8217;occasione, sar\u00e0 esposta la copia a dimensione naturale della Nativit\u00e0 realizzata dal M\u00b0 Filippo Maria Cazzolla, artista gioiese,<\/strong>, mentre Franco Leone declamer\u00e0 la sua poesia La Nativit\u00e0 di Palermo tratta dal suo volume Caravaggio Poesia della Luce (Corato, SECOP Edizioni, 2019).<\/p>\n<p style=\"text-align: justify;\">Prevista la proiezione di documenti audiovisivi tra cui l&#8217;unico, commovente filmato a colori della tela, risalente agli anni \u201960. <strong>L\u2019ingresso \u00e8 libero.<\/strong><\/p>\n<p><strong>MICHELE CUPPONE<\/strong><a title=\"Michele Cuppone\" href=\"https:\/\/www.flickr.com\/photos\/91470992@N02\/46627786425\/in\/dateposted-public\/\" data-flickr-embed=\"true\"><img loading=\"lazy\" decoding=\"async\" style=\"margin: 4px; float: right;\" src=\"https:\/\/live.staticflickr.com\/7908\/46627786425_17ca882e71_o.jpg\" alt=\"Michele Cuppone\" width=\"328\" height=\"372\" \/><\/a><\/p>\n<p style=\"text-align: justify;\">Ricercatore, da tempo si dedica alla ricerca scientifica e alla divulgazione su tematiche caravaggesche.<\/p>\n<p style=\"text-align: justify;\">In tale ambito ha pubblicato saggi, articoli, recensioni e contributi vari su: riviste specialistiche internazionali (The Burlington Magazine, ArtItalies. La revue de l\u2019AHAI, Storia dell&#8217;Arte, Valori Tattili, Predella); monografie (Caravaggio. Il vero Matteo, di Sara Magister, prefazione di Antonio Paolucci); opere miscellanee (L\u2019Arte di vivere l\u2019Arte. Studi in onore di Claudio Strinati, a cura di Pietro Di Loreto e \u00abL&#8217;essercitio mio \u00e8 di pittore\u00bb. Caravaggio e l&#8217;ambiente artistico romano, a cura di Francesca Curti, Michele Di Sivo e Orietta Verdi); cataloghi di mostra (Artemisia Gentileschi e il suo tempo, ideazione di Nicola Spinosa); atti di convegno (Caravaggio e i suoi, a cura di Pierluigi Carofano); quotidiani di cultura e notiziari on line (il Sussidiario.net, The Art Newspaper Daily, The Art Newspaper Russia, Artribune, Finestre sull&#8217;Arte, Il Giornale dell&#8217;Arte, ArtsLife, Stile Arte, About Art online, News-Art).<\/p>\n<p style=\"text-align: justify;\">Ha prestato attivit\u00e0 di consulenza scientifica per progetti espositivi ed editoriali. In particolare \u00e8 stato coordinatore scientifico e autore nel catalogo della mostra Caravaggio nel patrimonio del Fondo Edifici di Culto. Il Doppio e la Copia (a cura di Giulia Silvia Ghia e Claudio Strinati), direttore scientifico e autore nel volume Caravaggio Vero (ed. francese Caravage, a cura di Claudio Strinati), e ha curato la sezione critica dell&#8217;installazione permanente sul Seppellimento di santa Lucia presso la Galleria Regionale &#8220;Palazzo Bellomo&#8221; di Siracusa.<\/p>\n<p style=\"text-align: justify;\">Ha tenuto conferenze in sedi come le Gallerie Nazionali di Arte Antica di Roma \u2013 Galleria Corsini e nell\u2019ambito delle Giornate di Studi Caravaggio e i suoi organizzate dalla Libera Accademia di Studi Caravaggeschi \u201cFrancesco Maria cardinal del Monte\u201d. \u00c8 stato ideatore del simposio Il dipinto distrutto &#8220;San Matteo e l&#8217;angelo&#8221; di Caravaggio, presso l&#8217;Institutum Romanum Finlandiae, con interventi di Sybille Ebert-Schifferer, Rossella Vodret, Alessandro Zuccari.<\/p>\n<p style=\"text-align: justify;\">Ha svolto attivit\u00e0 di turismo culturale a tema per istituzioni come l&#8217;Association des Historiens de l&#8217;Art Italien.<\/p>\n<p style=\"text-align: justify;\">In televisione ha partecipato al documentario La Rome claire obscure du Caravage \/ Im helldunkel-Rom von Caravaggio andato in onda sull\u2019emittente ARTE ed \u00e8 stato ospite su TV2000 della puntata di Siamo Noi dedicata all\u2019arte sacra.<\/p>\n<p style=\"text-align: justify;\">\u00c8 inoltre curatore di Caravaggio400.org, primo spazio web di informazione su Michelangelo Merisi. Contatti: <a href=\"mailto:cuppoz@yahoo.it\">cuppoz@yahoo.it&#8221;.<\/a><\/p>\n<p>&nbsp;<\/p>\n","protected":false},"excerpt":{"rendered":"","protected":false},"author":1,"featured_media":0,"comment_status":"open","ping_status":"closed","sticky":false,"template":"","format":"standard","meta":{"colormag_page_container_layout":"default_layout","colormag_page_sidebar_layout":"default_layout","footnotes":""},"categories":[7],"tags":[],"class_list":["post-60777","post","type-post","status-publish","format-standard","hentry","category-attualita"],"_links":{"self":[{"href":"https:\/\/archiviogioia.lavocedelpaese.info\/index.php?rest_route=\/wp\/v2\/posts\/60777","targetHints":{"allow":["GET"]}}],"collection":[{"href":"https:\/\/archiviogioia.lavocedelpaese.info\/index.php?rest_route=\/wp\/v2\/posts"}],"about":[{"href":"https:\/\/archiviogioia.lavocedelpaese.info\/index.php?rest_route=\/wp\/v2\/types\/post"}],"author":[{"embeddable":true,"href":"https:\/\/archiviogioia.lavocedelpaese.info\/index.php?rest_route=\/wp\/v2\/users\/1"}],"replies":[{"embeddable":true,"href":"https:\/\/archiviogioia.lavocedelpaese.info\/index.php?rest_route=%2Fwp%2Fv2%2Fcomments&post=60777"}],"version-history":[{"count":0,"href":"https:\/\/archiviogioia.lavocedelpaese.info\/index.php?rest_route=\/wp\/v2\/posts\/60777\/revisions"}],"wp:attachment":[{"href":"https:\/\/archiviogioia.lavocedelpaese.info\/index.php?rest_route=%2Fwp%2Fv2%2Fmedia&parent=60777"}],"wp:term":[{"taxonomy":"category","embeddable":true,"href":"https:\/\/archiviogioia.lavocedelpaese.info\/index.php?rest_route=%2Fwp%2Fv2%2Fcategories&post=60777"},{"taxonomy":"post_tag","embeddable":true,"href":"https:\/\/archiviogioia.lavocedelpaese.info\/index.php?rest_route=%2Fwp%2Fv2%2Ftags&post=60777"}],"curies":[{"name":"wp","href":"https:\/\/api.w.org\/{rel}","templated":true}]}}