{"id":60826,"date":"2019-04-11T23:23:38","date_gmt":"2019-04-11T23:23:38","guid":{"rendered":"https:\/\/archiviogioia.lavocedelpaese.info\/?p=60826"},"modified":"2019-04-11T23:23:38","modified_gmt":"2019-04-11T23:23:38","slug":"esternalizzazione-servizio-asilo-e-mensa-la-posizione-di-prodigio","status":"publish","type":"post","link":"https:\/\/archiviogioia.lavocedelpaese.info\/?p=60826","title":{"rendered":"Esternalizzazione servizio asilo e mensa. La posizione di Pro.di.Gio."},"content":{"rendered":"<p style=\"text-align: justify;\"><a title=\"asilo-nido-gioia-del-colle\" href=\"https:\/\/www.flickr.com\/photos\/91470992@N02\/10387697233\/in\/photolist-24McyMg-2fj79ML-2f7ZyuW-24A95wR-2f7ZyAs-2f7ZyDo-2eh479z-P2ifgB-29qJHaQ-K5UKZC-vMBujz-nK4Hwt-gPVEua-nHhghx-fJrmfk-fDYiD6-pp8K2E-fDYiFP-fDYiHK\/\" data-flickr-embed=\"true\"><img loading=\"lazy\" decoding=\"async\" style=\"display: block; margin-left: auto; margin-right: auto;\" src=\"https:\/\/live.staticflickr.com\/2829\/10387697233_a2e20269b1_z.jpg\" alt=\"asilo-nido-gioia-del-colle\" width=\"320\" height=\"240\" \/><\/a><\/p>\n<p><!--more--><\/p>\n<p style=\"text-align: justify;\"><a title=\"asilo nido via soria\" href=\"https:\/\/www.flickr.com\/photos\/91470992@N02\/28278900826\/in\/photolist-24McyMg-2fj79ML-2f7ZyuW-24A95wR-2f7ZyAs-2f7ZyDo-2eh479z-P2ifgB-29qJHaQ-K5UKZC-vMBujz-nK4Hwt-gPVEua-nHhghx-fJrmfk-fDYiD6-pp8K2E-fDYiFP-fDYiHK\/\" data-flickr-embed=\"true\"><img loading=\"lazy\" decoding=\"async\" style=\"margin: 4px; float: left;\" src=\"https:\/\/live.staticflickr.com\/8767\/28278900826_8052ebdc87_z.jpg\" alt=\"asilo nido via soria\" width=\"400\" height=\"300\" \/><\/a>\u201c\u00c8 di questi giorni la notizia che il Commissario ha dato mandato di avviare l\u2019esternalizzazione della gestione dell\u2019asilo comunale e del servizio mensa. La scelta \u00e8 stata determinata principalmente dalla fine della disponibilit\u00e0 dei fondi europei PAC (186mila su 474mila euro) oltre che dalla mancanza di personale, non lasciando grossi margini di manovra in un contesto economico-finanziario del nostro comune ancora sofferente.<\/p>\n<p style=\"text-align: justify;\">Ragionevolmente anche per l\u2019anno 2020 non ci saranno grandi miglioramenti vista le necessit\u00e0 di incrementare ulteriormente, di una cifra vicina al milione di euro, il fondo di crediti di dubbia esigibilit\u00e0 (adeguato alle necessit\u00e0 dell\u2019Ente dall\u2019Amministrazione Lucilla) e considerando i nuovi venti di recessione nazionale e che necessariamente influenzano la finanza locale.<\/p>\n<p style=\"text-align: justify;\">Anche nell\u2019ambito del recupero dei crediti vantati dalle casse comunali, attivit\u00e0 anch\u2019essa avviata dall&#8217;Amministrazione Lucilla e proseguita con la gestione Commissariale, non si intravedono risultati eclatanti, seppur la nuova ditta ha sicuramente interesse a espletare ogni utile tentativo in ragione del ricavato che ne otterrebbe. Pur comprendendo il disagio, la frustrazione e lo scoramento della comunit\u00e0, da futuro sindaco di Gioia sento l&#8217;obbligo di chiarire pubblicamente e sinceramente la nostra posizione cos\u00ec come sempre fatto.<\/p>\n<p style=\"text-align: justify;\">Allo stato attuale non vi \u00e8 una soluzione alternativa all&#8217;affidamento esterno ed ogni tentativo di previsione di una rapida re-internalizzazione del servizio, lo considero unicamente velleitario e strumentale al periodo elettorale. Da Sindaco mi adoperer\u00f2 con quanto gi\u00e0 scritto nel nostro programma affinch\u00e9 \u201cPer quel che riguarda l\u2019asilo nido, a prescindere dal tipo di gestione &#8211; che necessariamente sar\u00e0 legato, almeno inizialmente, a quanto adottato del Commissario prefettizio -, l\u2019attenzione sar\u00e0 posta alla salvaguardia del servizio in termini di: potenziamento dell\u2019accoglienza e del prolungamento del servizio sia in termini di orario giornaliero sia in termini di estensione nel mese di luglio; mantenimento <a title=\"mensa\" href=\"https:\/\/www.flickr.com\/photos\/91470992@N02\/45850591962\/in\/photolist-2cREgzC-2cFLPCy-29ZBDdC-PRdmko-2bXkhLp-2bks3JZ-28Eh1NV-28XGnsU-22yPtLh-XUeu2U-XerTL1-NfGUrK-Eku6sL-DArUvH-CX5TRk-AKK2fZ-EPkdYV-FJzBJk-FGhEBm-FGhJZ9-EPk2ci-rFNueZ-rRdwAn-qJBDbR-r2rS4p-R7NmLM-qCFQkQ-PVcC8v-P3xp5Q\" data-flickr-embed=\"true\"><img loading=\"lazy\" decoding=\"async\" style=\"margin: 4px; float: right;\" src=\"https:\/\/live.staticflickr.com\/4861\/45850591962_5e9750191b_z.jpg\" alt=\"mensa\" width=\"400\" height=\"224\" \/><\/a>e vigilanza, anche in caso di esternalizzazione della gestione tramite bando, della qualit\u00e0 del servizio in termini educativi, didattici e di cura del bambino e delle sue esigenze\u201d.<\/p>\n<p style=\"text-align: justify;\">Sulla scorta dell\u2019esperienza che ho maturato in 30 anni di lavoro nella Pubblica Amministrazione, inoltre, vorrei ulteriormente rimarcare che, indipendentemente dalla modulazione esterna o interna di un servizio, \u00e8 la capacit\u00e0 di controllo che determina la qualit\u00e0 della fornitura di beni e servizi. Per questa ragione mi permetterei di suggerire al Commissario, ed in generale agli uffici di competenza, che si rispettino le indicazioni del codice degli appalti prevedendo un capitolato dettagliato nei criteri di valutazione, cosicch\u00e9 l\u2019appalto sia aggiudicato in base all\u2019offerta economicamente pi\u00f9 vantaggiosa; cio permetterebbe di individuare l\u2019ente gestore sulla base del miglior rapporto qualit\u00e0\/prezzo, sulla base di criteri oggettivi, quali gli aspetti qualitativi, ambientali o sociali, connessi all&#8217;oggetto dell&#8217;appalto. Sarebbe auspicabile, inoltre, prevedere anche la possibilit\u00e0 di accedere al servizio attraverso \u201cbuoni di servizio conciliazione\u201d (misura regionale a sostegno delle famiglie) che in parte e a secondo i redditi andrebbero a mitigare i prevedibili aumenti del costo ad utente. Nell\u2019atto di indirizzo del Commissario tali premure non sono presenti, per questo, superando i colori politici, ritengo che gli altri candidati Sindaci debbano fare proprio il mio appello. Lo dobbiamo alla comunit\u00e0, alle nostre famiglie ed ai nostri concittadini di domani\u201d.<\/p>\n<div style=\"text-align: right;\" align=\"right\"><strong>Donato Massimo Colacicco<\/strong><\/div>\n<div style=\"text-align: right;\" align=\"right\"><span>Candidato Sindaco Pro.di.Gio.<\/span><\/div>\n<p>&nbsp;<\/p>\n","protected":false},"excerpt":{"rendered":"","protected":false},"author":1,"featured_media":0,"comment_status":"open","ping_status":"closed","sticky":false,"template":"","format":"standard","meta":{"colormag_page_container_layout":"default_layout","colormag_page_sidebar_layout":"default_layout","footnotes":""},"categories":[4],"tags":[],"class_list":["post-60826","post","type-post","status-publish","format-standard","hentry","category-politica"],"_links":{"self":[{"href":"https:\/\/archiviogioia.lavocedelpaese.info\/index.php?rest_route=\/wp\/v2\/posts\/60826","targetHints":{"allow":["GET"]}}],"collection":[{"href":"https:\/\/archiviogioia.lavocedelpaese.info\/index.php?rest_route=\/wp\/v2\/posts"}],"about":[{"href":"https:\/\/archiviogioia.lavocedelpaese.info\/index.php?rest_route=\/wp\/v2\/types\/post"}],"author":[{"embeddable":true,"href":"https:\/\/archiviogioia.lavocedelpaese.info\/index.php?rest_route=\/wp\/v2\/users\/1"}],"replies":[{"embeddable":true,"href":"https:\/\/archiviogioia.lavocedelpaese.info\/index.php?rest_route=%2Fwp%2Fv2%2Fcomments&post=60826"}],"version-history":[{"count":0,"href":"https:\/\/archiviogioia.lavocedelpaese.info\/index.php?rest_route=\/wp\/v2\/posts\/60826\/revisions"}],"wp:attachment":[{"href":"https:\/\/archiviogioia.lavocedelpaese.info\/index.php?rest_route=%2Fwp%2Fv2%2Fmedia&parent=60826"}],"wp:term":[{"taxonomy":"category","embeddable":true,"href":"https:\/\/archiviogioia.lavocedelpaese.info\/index.php?rest_route=%2Fwp%2Fv2%2Fcategories&post=60826"},{"taxonomy":"post_tag","embeddable":true,"href":"https:\/\/archiviogioia.lavocedelpaese.info\/index.php?rest_route=%2Fwp%2Fv2%2Ftags&post=60826"}],"curies":[{"name":"wp","href":"https:\/\/api.w.org\/{rel}","templated":true}]}}