{"id":6085,"date":"2010-11-27T06:34:29","date_gmt":"2010-11-27T06:34:29","guid":{"rendered":"https:\/\/archiviogioia.lavocedelpaese.info\/?p=6085"},"modified":"2010-11-27T06:34:29","modified_gmt":"2010-11-27T06:34:29","slug":"longo-costretto-ad-annullare-i-bandi-diserta-il-consiglio","status":"publish","type":"post","link":"https:\/\/archiviogioia.lavocedelpaese.info\/?p=6085","title":{"rendered":"LONGO, COSTRETTO, ANNULLA I BANDI E DISERTA IL CONSIGLIO"},"content":{"rendered":"<p><img loading=\"lazy\" decoding=\"async\" class=\" size-full wp-image-5425\" alt=\"consiglio-comunale-pp\" src=\"https:\/\/archiviogioia.lavocedelpaese.info\/wp-content\/uploads\/2010\/10\/consiglio-comunale-pp.jpg\" width=\"320\" height=\"150\" srcset=\"https:\/\/archiviogioia.lavocedelpaese.info\/wp-content\/uploads\/2010\/10\/consiglio-comunale-pp.jpg 640w, https:\/\/archiviogioia.lavocedelpaese.info\/wp-content\/uploads\/2010\/10\/consiglio-comunale-pp-300x141.jpg 300w\" sizes=\"auto, (max-width: 320px) 100vw, 320px\" \/> <\/p>\n<p><!--more--><\/p>\n<p style=\"text-align: justify;\"><strong><img loading=\"lazy\" decoding=\"async\" class=\" alignright size-full wp-image-5787\" style=\"margin: 4px; float: right;\" alt=\"municipio-ingresso\" src=\"https:\/\/archiviogioia.lavocedelpaese.info\/wp-content\/uploads\/2010\/11\/municipio-ingresso.jpg\" width=\"155\" height=\"206\" srcset=\"https:\/\/archiviogioia.lavocedelpaese.info\/wp-content\/uploads\/2010\/11\/municipio-ingresso.jpg 272w, https:\/\/archiviogioia.lavocedelpaese.info\/wp-content\/uploads\/2010\/11\/municipio-ingresso-225x300.jpg 225w\" sizes=\"auto, (max-width: 155px) 100vw, 155px\" \/>Ancora una volta l\u2019Amministrazione Longo cede sotto i colpi dei dissidenti<\/strong>. Nel corso del Consiglio Comunale andato in scena gioved\u00ec scorso, 25 novembre 2010, <strong>\u00e8 accaduto per ben due volte<\/strong> sugli unici due punti posti all\u2019ordine del giorno.<\/p>\n<div style=\"text-align: justify;\"><\/div>\n<p style=\"text-align: justify;\"><strong>Si doveva discutere del \u201cServizio di gestione-manutenzione degli impianti di pubblica illuminazione<\/strong> installati sul territorio comunale e fornitura di energia elettrica; atto di indirizzo e determinazioni\u201d, <strong>ma non \u00e8 stato possibile farlo<\/strong> perch\u00e9 non era pi\u00f9 necessario. Infatti, in sede di dibattimento, \u00e8 stato comunicato che <strong>su richiesta del Sindaco Piero Longo il bando di gara oggetto del contendere era stato ritirato<\/strong>.<\/p>\n<div style=\"text-align: justify;\"><\/div>\n<p style=\"text-align: justify;\"><strong>Lo stesso bando che aveva scatenato<\/strong> anche <strong>la rivolta di alcuni consiglieri di maggioranza<\/strong> <a href=\"%28http:\/\/www.gioianet.it\/politica\/1987-tre-consiglieri-di-maggioranza-si-ribellano-al-sindaco.html\">(http:\/\/www.gioianet.it\/politica\/1987-tre-consiglieri-di-maggioranza-si-ribellano-al-sindaco.html<\/a>), <strong>perch\u00e9 ritenuto<\/strong> dagli stessi <strong>illegittimo<\/strong>.<\/p>\n<div style=\"text-align: justify;\"><\/div>\n<p style=\"text-align: justify;\"><strong><img loading=\"lazy\" decoding=\"async\" class=\" alignleft size-full wp-image-3613\" style=\"margin: 4px; float: left;\" alt=\"sindaco_piero_longo\" src=\"https:\/\/archiviogioia.lavocedelpaese.info\/wp-content\/uploads\/2010\/07\/sindaco_piero_longo.jpg\" width=\"105\" height=\"126\" srcset=\"https:\/\/archiviogioia.lavocedelpaese.info\/wp-content\/uploads\/2010\/07\/sindaco_piero_longo.jpg 295w, https:\/\/archiviogioia.lavocedelpaese.info\/wp-content\/uploads\/2010\/07\/sindaco_piero_longo-249x300.jpg 249w\" sizes=\"auto, (max-width: 105px) 100vw, 105px\" \/><img loading=\"lazy\" decoding=\"async\" class=\" alignright size-full wp-image-4644\" style=\"margin: 4px; float: right;\" alt=\"celiberti\" src=\"https:\/\/archiviogioia.lavocedelpaese.info\/wp-content\/uploads\/2010\/09\/celiberti.jpg\" width=\"110\" height=\"147\" srcset=\"https:\/\/archiviogioia.lavocedelpaese.info\/wp-content\/uploads\/2010\/09\/celiberti.jpg 300w, https:\/\/archiviogioia.lavocedelpaese.info\/wp-content\/uploads\/2010\/09\/celiberti-225x300.jpg 225w\" sizes=\"auto, (max-width: 110px) 100vw, 110px\" \/>Un consiglio comunale<\/strong> che nonostante ci\u00f2 \u00e8 stato alquanto <strong>infervorato anche per le assenze (in)giustificate sia del sindaco che dell\u2019assessore ai lavori pubblici, Sante Celiberti<\/strong>. Iniziato in ritardo, rispetto alle previsioni, e interrotto prematuramente all\u2019ora di pranzo per riprenderlo nel pomeriggio (16.30 circa), e durato fino alle 19.20, <strong>per discutere <\/strong>(si \u00e8 tentato) l\u2019unico punto rimasto che riguardava la \u201cSituazione gestionale e comunicazioni inerenti <strong>il rendiconto 2009 della Spes Gioia SpA<\/strong>\u201d. <strong>Anche in questa circostanza si \u00e8 notata l\u2019assenza <\/strong>sia del primo cittadino, si \u00e8 affacciato per un istante, salvo poi volatilizzarsi nuovamente, che dell\u2019assessore.<\/p>\n<div style=\"text-align: justify;\"><\/div>\n<p style=\"text-align: justify;\"><strong><img loading=\"lazy\" decoding=\"async\" class=\" alignleft size-full wp-image-5500\" style=\"margin: 4px; float: left;\" alt=\"lampioni\" src=\"https:\/\/archiviogioia.lavocedelpaese.info\/wp-content\/uploads\/2010\/10\/lampioni.jpg\" width=\"140\" height=\"187\" \/>E\u2019 stata una discussione molto accesa<\/strong>, non soltanto dalla parte della minoranza (con gli interventi di <strong>Povia e Bradascio<\/strong> in particolare), che ha inanellato <strong>una serie di domande<\/strong> sull\u2019allegra gestione dell\u2019azienda a prevalente capitale pubblico (comunale), <strong>a cui<\/strong> sia i responsabili aziendali presenti (il direttore <strong>Pompeo Colapinto<\/strong> e il presidente <strong>Andrea Benagiano<\/strong>), sia l\u2019assessore al ramo, <strong>Donvito Giacinto<\/strong>, <strong>non hanno saputo rispondere<\/strong> adeguatamente, ma anche da parte di <strong>alcuni consiglieri di maggioranza, Vito Paradiso fra tutti<\/strong>, che <strong>hanno rilevato l\u2019esistenza<\/strong>, anche da parte loro, degli <strong>stessi<\/strong> <strong>dubbi<\/strong> <strong>e<\/strong> delle <strong>stesse<\/strong> <strong>perplessit\u00e0<\/strong> <strong>fatte rilevare dalla minoranza<\/strong>, sulla scarsa chiarezza della gestione aziendale e dei dati inseriti nel bilancio e non solo del 2009 ma anche del 2008.<\/p>\n<div style=\"text-align: justify;\"><\/div>\n<p style=\"text-align: justify;\"><strong><img loading=\"lazy\" decoding=\"async\" class=\" alignright size-full wp-image-4406\" style=\"margin: 4px; float: right;\" alt=\"spes-1\" src=\"https:\/\/archiviogioia.lavocedelpaese.info\/wp-content\/uploads\/2010\/09\/spes-1.jpg\" width=\"200\" height=\"150\" srcset=\"https:\/\/archiviogioia.lavocedelpaese.info\/wp-content\/uploads\/2010\/09\/spes-1.jpg 453w, https:\/\/archiviogioia.lavocedelpaese.info\/wp-content\/uploads\/2010\/09\/spes-1-300x225.jpg 300w\" sizes=\"auto, (max-width: 200px) 100vw, 200px\" \/>Mancate risposte che hanno obbligato i consiglieri presenti a richiedere una sospensione<\/strong> della seduta necessaria per decidere, di comune accordo, su come procedere. <strong>Una sospensione<\/strong>, durata circa 15 minuti, <strong>nel corso della quale \u00e8 stato deciso di rinviare la trattazione dell\u2019argomento<\/strong> in oggetto a condizione che la stesura della nuova proposta, da inserire all\u2019ordine del giorno del nuovo consiglio, fosse formulato dall\u2019intera assise per tramite dei relativi capigruppo consiliari, previa discussione all\u2019interno di ogni singola forza politica. <strong>Una decisione messa ai voti ed approvata all\u2019unanimit\u00e0<\/strong>.<\/p>\n<div style=\"text-align: justify;\"><\/div>\n<p style=\"text-align: justify;\"><strong><img loading=\"lazy\" decoding=\"async\" class=\" alignleft size-full wp-image-5426\" style=\"margin: 4px; float: left;\" alt=\"aula-consiliare-gioia\" src=\"https:\/\/archiviogioia.lavocedelpaese.info\/wp-content\/uploads\/2010\/10\/aula-consiliare-gioia.jpg\" width=\"200\" height=\"133\" srcset=\"https:\/\/archiviogioia.lavocedelpaese.info\/wp-content\/uploads\/2010\/10\/aula-consiliare-gioia.jpg 591w, https:\/\/archiviogioia.lavocedelpaese.info\/wp-content\/uploads\/2010\/10\/aula-consiliare-gioia-300x200.jpg 300w\" sizes=\"auto, (max-width: 200px) 100vw, 200px\" \/>Un consiglio<\/strong>, scioltosi poco dopo le 19, <strong>che pur non approdando ad un risultato tangibile, ha di fatto decretato<\/strong>, in modo chiaro e lapalissiano, <strong>la presenza di una profonda crisi all\u2019interno della maggioranza<\/strong>.<\/p>\n<div style=\"text-align: justify;\"><\/div>\n<p style=\"text-align: justify;\"><strong>Crisi che ha portato il sindaco Longo<\/strong> non solo a disertare la seduta ma soprattutto <strong>a fare, dopo quanto accaduto per il Teatro, ulteriori passi indietro su decisioni gi\u00e0 prese<\/strong>. Si d\u00e0 per certo, infatti, che <strong>al ritiro del bando sulla pubblica illuminazione, a breve, seguir\u00e0 anche la\u00a0 contestatissima gara<\/strong>, portata avanti, come si sostiene, in maniera altrettanto illegittima, <strong>per la realizzazione dell\u2019aerea mercatale<\/strong>.<\/p>\n","protected":false},"excerpt":{"rendered":"","protected":false},"author":1,"featured_media":5425,"comment_status":"open","ping_status":"closed","sticky":false,"template":"","format":"standard","meta":{"colormag_page_container_layout":"default_layout","colormag_page_sidebar_layout":"default_layout","footnotes":""},"categories":[4],"tags":[],"class_list":["post-6085","post","type-post","status-publish","format-standard","has-post-thumbnail","hentry","category-politica"],"_links":{"self":[{"href":"https:\/\/archiviogioia.lavocedelpaese.info\/index.php?rest_route=\/wp\/v2\/posts\/6085","targetHints":{"allow":["GET"]}}],"collection":[{"href":"https:\/\/archiviogioia.lavocedelpaese.info\/index.php?rest_route=\/wp\/v2\/posts"}],"about":[{"href":"https:\/\/archiviogioia.lavocedelpaese.info\/index.php?rest_route=\/wp\/v2\/types\/post"}],"author":[{"embeddable":true,"href":"https:\/\/archiviogioia.lavocedelpaese.info\/index.php?rest_route=\/wp\/v2\/users\/1"}],"replies":[{"embeddable":true,"href":"https:\/\/archiviogioia.lavocedelpaese.info\/index.php?rest_route=%2Fwp%2Fv2%2Fcomments&post=6085"}],"version-history":[{"count":0,"href":"https:\/\/archiviogioia.lavocedelpaese.info\/index.php?rest_route=\/wp\/v2\/posts\/6085\/revisions"}],"wp:featuredmedia":[{"embeddable":true,"href":"https:\/\/archiviogioia.lavocedelpaese.info\/index.php?rest_route=\/wp\/v2\/media\/5425"}],"wp:attachment":[{"href":"https:\/\/archiviogioia.lavocedelpaese.info\/index.php?rest_route=%2Fwp%2Fv2%2Fmedia&parent=6085"}],"wp:term":[{"taxonomy":"category","embeddable":true,"href":"https:\/\/archiviogioia.lavocedelpaese.info\/index.php?rest_route=%2Fwp%2Fv2%2Fcategories&post=6085"},{"taxonomy":"post_tag","embeddable":true,"href":"https:\/\/archiviogioia.lavocedelpaese.info\/index.php?rest_route=%2Fwp%2Fv2%2Ftags&post=6085"}],"curies":[{"name":"wp","href":"https:\/\/api.w.org\/{rel}","templated":true}]}}