{"id":60980,"date":"2019-04-27T07:51:30","date_gmt":"2019-04-27T07:51:30","guid":{"rendered":"https:\/\/archiviogioia.lavocedelpaese.info\/?p=60980"},"modified":"2019-04-27T07:51:30","modified_gmt":"2019-04-27T07:51:30","slug":"per-legature-concerto-pianistico-di-jan-wachowski-al-rossini-2","status":"publish","type":"post","link":"https:\/\/archiviogioia.lavocedelpaese.info\/?p=60980","title":{"rendered":"Per Legature concerto pianistico di Jan Wachowski al Rossini"},"content":{"rendered":"<p><a title=\"Jan Wachowski\" href=\"https:\/\/www.flickr.com\/photos\/91470992@N02\/32770261307\/in\/dateposted-public\/\" data-flickr-embed=\"true\"><img loading=\"lazy\" decoding=\"async\" style=\"display: block; margin-left: auto; margin-right: auto;\" src=\"https:\/\/live.staticflickr.com\/65535\/32770261307_14b797909f_o.jpg\" alt=\"Jan Wachowski\" width=\"320\" height=\"240\" \/><\/a><\/p>\n<p><!--more--><\/p>\n<p style=\"margin-bottom: 0.0001pt; line-height: normal; text-align: justify;\"><a title=\"Jan Wachowski\" href=\"https:\/\/www.flickr.com\/photos\/91470992@N02\/40747168453\/in\/dateposted-public\/\" data-flickr-embed=\"true\"><img loading=\"lazy\" decoding=\"async\" style=\"margin: 4px; float: left;\" src=\"https:\/\/live.staticflickr.com\/65535\/40747168453_e849b03a90_o.jpg\" alt=\"Jan Wachowski\" width=\"300\" height=\"300\" \/><\/a><strong><span>Domenica, 28 aprile alle ore 19 nel teatro Rossini<\/span><\/strong><span> di Gioia del Colle nella rassegna \u201cLegature\u201d organizzata dall\u2019Associazione musicale Lobefaro <strong>si esibir\u00e0<\/strong> in concerto il pianista e compositore polacco ventenne <strong>Jan Wachowski<\/strong>. <\/span><\/p>\n<p style=\"margin-bottom: 0.0001pt; line-height: normal; text-align: justify;\"><span>Il musicista ha iniziato a suonare il pianoforte a 6 anni e comporre musica a 12 anni. Attualmente studia presso l&#8217;Universit\u00e0 della Musica di Fryderyk Chopin a Varsavia nella classe del professor El\u017cbieta Kara\u015b-Krasztel e contemporaneamente composizione sotto la guida del professor Pawe\u0142 \u0141ukaszewski. Si \u00e8 esibito in importanti sale da concerto: City Central Hall a Pechino (Cina), Filarmonica di Mieczys\u0142aw Kar\u0142owicz a Stettino in Polonia, Hochschule f\u00fcr Music und Theater di Amburgo (Germania), Royal Castle in Varsavia (PoloniaWola (Polonia), Centrall Hall della National Symphonic Orchestra della Radio polacca di Katowice (Polonia), Krzysztof Centro europeo di musica Penderecki (ECM) a Lus\u0142awice (Polonia). Nel 2016, Jan ha partecipato al XX International Morningside Music Bridge Program e la sua esecuzione di &#8220;Waldesrauschen&#8221; di Ferenc Liszt \u00e8 stata pubblicata sul CD del giubileo.<\/span><\/p>\n<p>&nbsp;<\/p>\n","protected":false},"excerpt":{"rendered":"","protected":false},"author":1,"featured_media":0,"comment_status":"open","ping_status":"closed","sticky":false,"template":"","format":"standard","meta":{"colormag_page_container_layout":"default_layout","colormag_page_sidebar_layout":"default_layout","footnotes":""},"categories":[7],"tags":[],"class_list":["post-60980","post","type-post","status-publish","format-standard","hentry","category-attualita"],"_links":{"self":[{"href":"https:\/\/archiviogioia.lavocedelpaese.info\/index.php?rest_route=\/wp\/v2\/posts\/60980","targetHints":{"allow":["GET"]}}],"collection":[{"href":"https:\/\/archiviogioia.lavocedelpaese.info\/index.php?rest_route=\/wp\/v2\/posts"}],"about":[{"href":"https:\/\/archiviogioia.lavocedelpaese.info\/index.php?rest_route=\/wp\/v2\/types\/post"}],"author":[{"embeddable":true,"href":"https:\/\/archiviogioia.lavocedelpaese.info\/index.php?rest_route=\/wp\/v2\/users\/1"}],"replies":[{"embeddable":true,"href":"https:\/\/archiviogioia.lavocedelpaese.info\/index.php?rest_route=%2Fwp%2Fv2%2Fcomments&post=60980"}],"version-history":[{"count":0,"href":"https:\/\/archiviogioia.lavocedelpaese.info\/index.php?rest_route=\/wp\/v2\/posts\/60980\/revisions"}],"wp:attachment":[{"href":"https:\/\/archiviogioia.lavocedelpaese.info\/index.php?rest_route=%2Fwp%2Fv2%2Fmedia&parent=60980"}],"wp:term":[{"taxonomy":"category","embeddable":true,"href":"https:\/\/archiviogioia.lavocedelpaese.info\/index.php?rest_route=%2Fwp%2Fv2%2Fcategories&post=60980"},{"taxonomy":"post_tag","embeddable":true,"href":"https:\/\/archiviogioia.lavocedelpaese.info\/index.php?rest_route=%2Fwp%2Fv2%2Ftags&post=60980"}],"curies":[{"name":"wp","href":"https:\/\/api.w.org\/{rel}","templated":true}]}}