{"id":61036,"date":"2019-05-07T06:10:37","date_gmt":"2019-05-07T06:10:37","guid":{"rendered":"https:\/\/archiviogioia.lavocedelpaese.info\/?p=61036"},"modified":"2019-05-07T06:10:37","modified_gmt":"2019-05-07T06:10:37","slug":"salotto-letterario-una-realta-per-capire-noi-stessi-e-la-nostra-storia","status":"publish","type":"post","link":"https:\/\/archiviogioia.lavocedelpaese.info\/?p=61036","title":{"rendered":"Salotto letterario: una realt\u00e0 per capire noi stessi e la nostra Storia"},"content":{"rendered":"<p><a title=\"valerio magrelli\" href=\"https:\/\/www.flickr.com\/photos\/91470992@N02\/47008076214\" data-flickr-embed=\"true\"><img loading=\"lazy\" decoding=\"async\" style=\"display: block; margin-left: auto; margin-right: auto;\" src=\"https:\/\/live.staticflickr.com\/65535\/47008076214_b7e1e625be_o.jpg\" alt=\"valerio magrelli\" width=\"320\" height=\"240\" \/><\/a><\/p>\n<p><!--more--><\/p>\n<p style=\"text-align: justify;\"><a title=\"salotto letterario\" href=\"https:\/\/www.flickr.com\/photos\/91470992@N02\/46881010185\" data-flickr-embed=\"true\"><img loading=\"lazy\" decoding=\"async\" style=\"margin: 4px; float: left;\" src=\"https:\/\/live.staticflickr.com\/65535\/46881010185_3f4a710a79.jpg\" alt=\"salotto letterario\" width=\"400\" height=\"351\" \/><\/a> Il Salotto Letterario ideato e condotto da <strong>Giacomo Leronni<\/strong>, giunto al <strong>67\u00b0 incontro<\/strong>, continua a coinvolgere lettori non solo gioiesi in un percorso sempre pi\u00f9 profondo di conoscenza della grande Storia e soprattutto della storia personale attraverso la letteratura quale specchio del tempo.<\/p>\n<p style=\"text-align: justify;\">\u2018<strong>SpazioUnoTre<\/strong>\u2019 di <strong>Mario Pugliese<\/strong>, la libreria \u2018<strong>La Librellula<\/strong>\u2019 e attualmente la sede dell\u2019Universit\u00e0 della Terza Et\u00e0 di Gioia del Colle sono stati i luoghi che hanno contribuito alla crescita di una realt\u00e0 culturale che unisce il piacere della lettura e della militanza letteraria come antidoto al divenire \u2018uomini vuoti\u2019.<\/p>\n<p style=\"text-align: justify;\">Si prendano ad esempio gli ultimi due incontri del Salotto Letterario su \u201c<strong>Geologia di un padre<\/strong>\u201d di <strong>Valerio Magrelli<\/strong> e su \u201c<strong>Notturno cileno<\/strong>\u201d&nbsp; di <strong>Roberto Bola\u00f1o<\/strong> quali testi necessari&nbsp; per scoprire e condividere l\u2019importanza della ricostruzione della storia e delle storie personali e collettive per fare i conti con noi stessi. \u201cGeologia di un padre\u201d di Valerio Magrelli ha fortemente coinvolto i partecipanti sia per la struttura che per i temi: il rapporto padre figlio, il rapporto con i ricordi, il rapporto con la malattia ed il decadimento, la forma romanzo. &nbsp;&nbsp;Sin dal titolo, il riferimento al \u2018padre\u2019, ovvero ad una figura importante e fondamentale nella vita di ognuno di noi, ha posto l\u2019attenzione su un mondo di affetti e di ricordi, sul nucleo fondante la vita e l\u2019esistenza dell\u2019uomo.<\/p>\n<p style=\"text-align: justify;\">L\u2019incontro su \u201cGeologia di un padre\u201d di Valerio Magrelli ha visto quale co-conduttore il poeta Vittorino Curci, un intellettuale la cui fama \u00e8 riconosciuta a livello nazionale, il quale con grande sensibilit\u00e0 ha condiviso la lettura e le interpretazioni possibili del testo \u201cGeologia di un padre\u201d, uno scritto che viene definito romanzo ma contiene, poesie, disegni, e non segue una vera e propria storia raccontata in ordine cronologico.<a title=\"salotto letterario\" href=\"https:\/\/www.flickr.com\/photos\/91470992@N02\/47008068364\/in\/photostream\/\" data-flickr-embed=\"true\"><img loading=\"lazy\" decoding=\"async\" style=\"margin: 4px; float: right;\" src=\"https:\/\/live.staticflickr.com\/65535\/47008068364_aba38734c5.jpg\" alt=\"salotto letterario\" width=\"400\" height=\"400\" \/><\/a><\/p>\n<p style=\"text-align: justify;\">Afferma Valerio Magrelli &nbsp;che il cammino dell\u2019uomo rappresenta una sorta di viaggio dall\u2019essere figlio e al divenire padre del proprio padre : \u2018Il figlio come un filo che deve entrare nella cruna della propria crescita. Il padre come un filo che va sfilato\u2019.<\/p>\n<p style=\"text-align: justify;\">Dunque il Salotto Letterario come palestra di riflessione sulla propria esperienza come palestra per fare costantemente i conti con se stessi e con le coordinate della propria esistenza.<\/p>\n<p style=\"text-align: justify;\">Se \u201cGeologia di un padre\u201d, il libro oggetto di analisi del mese di marzo ha posto l\u2019attenzione sul nucleo fondante della famiglia attraverso l\u2019analisi del ruolo della memoria e della morte, il romanzo \u201cNotturno cileno\u201d&nbsp; del grande scrittore cileno Roberto Bola\u00f1o, &nbsp;ha continuato la riflessione sulla memoria quale mezzo attraverso il quale si pu\u00f2 scavare nella Storia personale e di una nazione nell\u2019incontro svoltosi il 3 maggio. \u201cNotturno cileno\u201d, l\u2019ultimo romanzo pubblicato da Bola\u00f1o mentre era ancora in vita, presenta il protagonista, padre Sebasti\u00e1n Urrutia Lacroix, prete dell\u2019Opus Dei, mentre sul letto di morte, racconta la sua vita, istigato dal \u201cgiovane invecchiato\u201d che lo pungola dall\u2019ombra.&nbsp;Il punto di morte rappresenta il momento della verit\u00e0, quando l\u2019uomo guarda la sua vita a ritroso e fa i conti con una vita trascorsa tra gli agi ma anche nel silenzio sul Cile di Pinochet.&nbsp;La discussione sul libro protagonista del Salotto letterario si \u00e8 incentrata sia sull\u2019atto di accusa nei confronti delle gerarchie ecclesiastiche cilene spettatrici silenziose del regime di Pinochet, sia sull\u2019ambiguit\u00e0 diffusa di tutti i livelli della societ\u00e0. L\u2019ambiguit\u00e0 velenosa e diffusa, talvolta consapevole di chi ha preferito in Cile, cos\u00ec come \u00e8 accaduto tante volte nella Storia, di essere indifferente, di non schierarsi.<\/p>\n<p style=\"text-align: justify;\"><strong>Il Salotto Letterario ha ancora coinvolto il folto pubblico di lettori nella riflessione<\/strong> del &nbsp;ruolo della letteratura &nbsp;e soprattutto nella consapevolezza che la militanza letteraria passa anche attraverso la riflessione su quanto &nbsp;Bola\u00f1o afferma: \u201c<strong>abbiamo l\u2019obbligo morale di essere responsabili delle nostre azioni<\/strong> e anche delle nostre parole e perfino dei nostri silenzi, s\u00ec, dei nostri silenzi\u201d. Perch\u00e9 <strong>la letteratura<\/strong>, quella grande, quella in grado di parlarci oltre i luoghi ed il tempo <strong>ci sprona sempre a testimoniare la Vita, la Storia, i Limiti dell\u2019uomo<\/strong>.<\/p>\n<p>&nbsp;<\/p>\n","protected":false},"excerpt":{"rendered":"","protected":false},"author":1,"featured_media":0,"comment_status":"open","ping_status":"closed","sticky":false,"template":"","format":"standard","meta":{"colormag_page_container_layout":"default_layout","colormag_page_sidebar_layout":"default_layout","footnotes":""},"categories":[7],"tags":[],"class_list":["post-61036","post","type-post","status-publish","format-standard","hentry","category-attualita"],"_links":{"self":[{"href":"https:\/\/archiviogioia.lavocedelpaese.info\/index.php?rest_route=\/wp\/v2\/posts\/61036","targetHints":{"allow":["GET"]}}],"collection":[{"href":"https:\/\/archiviogioia.lavocedelpaese.info\/index.php?rest_route=\/wp\/v2\/posts"}],"about":[{"href":"https:\/\/archiviogioia.lavocedelpaese.info\/index.php?rest_route=\/wp\/v2\/types\/post"}],"author":[{"embeddable":true,"href":"https:\/\/archiviogioia.lavocedelpaese.info\/index.php?rest_route=\/wp\/v2\/users\/1"}],"replies":[{"embeddable":true,"href":"https:\/\/archiviogioia.lavocedelpaese.info\/index.php?rest_route=%2Fwp%2Fv2%2Fcomments&post=61036"}],"version-history":[{"count":0,"href":"https:\/\/archiviogioia.lavocedelpaese.info\/index.php?rest_route=\/wp\/v2\/posts\/61036\/revisions"}],"wp:attachment":[{"href":"https:\/\/archiviogioia.lavocedelpaese.info\/index.php?rest_route=%2Fwp%2Fv2%2Fmedia&parent=61036"}],"wp:term":[{"taxonomy":"category","embeddable":true,"href":"https:\/\/archiviogioia.lavocedelpaese.info\/index.php?rest_route=%2Fwp%2Fv2%2Fcategories&post=61036"},{"taxonomy":"post_tag","embeddable":true,"href":"https:\/\/archiviogioia.lavocedelpaese.info\/index.php?rest_route=%2Fwp%2Fv2%2Ftags&post=61036"}],"curies":[{"name":"wp","href":"https:\/\/api.w.org\/{rel}","templated":true}]}}