{"id":61120,"date":"2019-05-21T07:40:22","date_gmt":"2019-05-21T07:40:22","guid":{"rendered":"https:\/\/archiviogioia.lavocedelpaese.info\/?p=61120"},"modified":"2019-05-21T07:40:22","modified_gmt":"2019-05-21T07:40:22","slug":"i-candidati-sindaci-a-confronto-illustrano-ai-cittadini-le-loro-proposte","status":"publish","type":"post","link":"https:\/\/archiviogioia.lavocedelpaese.info\/?p=61120","title":{"rendered":"I candidati sindaci a confronto illustrano ai cittadini le loro proposte"},"content":{"rendered":"<p><a title=\"confronto candidati sindaco\" href=\"https:\/\/www.flickr.com\/photos\/91470992@N02\/40931002313\" data-flickr-embed=\"true\"><img loading=\"lazy\" decoding=\"async\" style=\"display: block; margin-left: auto; margin-right: auto;\" src=\"https:\/\/live.staticflickr.com\/65535\/40931002313_1203b4a0b4_z.jpg\" alt=\"confronto candidati sindaco\" width=\"320\" height=\"240\" \/><\/a><\/p>\n<p><!--more--><\/p>\n<p style=\"margin-bottom: 0.0001pt; text-align: justify; line-height: normal;\"><a title=\"confronto candidati sindaco\" href=\"https:\/\/www.flickr.com\/photos\/91470992@N02\/46981381465\/in\/photostream\/\" data-flickr-embed=\"true\"><img loading=\"lazy\" decoding=\"async\" style=\"margin: 4px; float: left;\" src=\"https:\/\/live.staticflickr.com\/65535\/46981381465_eaf081e90e.jpg\" alt=\"confronto candidati sindaco\" width=\"400\" height=\"225\" \/><\/a> <span>Dato l\u2019imminente arrivo delle elezioni comunali, presso l\u2019anfiteatro \u201cVia Sandro Pertini\u201d, lo scorso sabato c\u2019\u00e8 stato un confronto tra i quattro candidati sindaci: Giovanni Mastrangelo, Donato Paradiso, Donato Colacicco e Roberto Cardilli. Le tematiche oggetto di dibattito sono state numerose e tutte concernenti i vari ambiti della nostra citt\u00e0. I candidati sindaci, nel loro breve discorso, hanno risposto ad una serie di domande che sono state poste loro dalla mediatrice del dibattito, la dottoressa Alessia Surico, in rappresentanza del Comitato di Quartiere \u201cRinascita\u201d che ha organizzato l\u2019incontro.<\/span><\/p>\n<p style=\"margin-bottom: 0.0001pt; text-align: justify; line-height: normal;\"><strong><span>IL PROBLEMA STRADE COME PROBLEMA IMPORTANTE DEL NOSTRO PAESE<\/span><\/strong><\/p>\n<p style=\"margin-bottom: 0.0001pt; text-align: justify; line-height: normal;\"><span>Il primo tema affrontato \u00e8 stato quello della rimanutenzione delle strade<\/span><a title=\"Noicattaro. Buche stradali (4)\" href=\"https:\/\/www.flickr.com\/photos\/91470992@N02\/32532962546\/in\/photolist-RyPWkm-RDV4sg-RoUK3s-R3VrLE-RyPMqY-R3VoJ7-RyPCFy-QoFrTc-RyPRZh-JVS8fD-HhVzcr-Q33Fsh-NAwodR-NxjHbJ-Ls9cAy-LyHRij-JTzhnJ-JBVkQu-HbTFeH-HhVzKR-HbTGXH-HhVzt8-HbTEVr-HfiHRq-HhVB2i-HbTGnK-Hfiqeb-HhVA4M-HbTFwM-HhVAt4-HbTFTP-GT1Z7Q-uZpBSk-uGxFrQ-nhVQdd-nzbc9Q-qbvMSM-pJnfec-q1gdeP-nKbzqM-noTQot-nhVJpr-nhVPZW-nhVFnK-nzqseK-nhVL5y-nBchL8-nhVPF9-nBcnZe-nhVLzw\" data-flickr-embed=\"true\"><img loading=\"lazy\" decoding=\"async\" style=\"margin: 4px; float: right;\" src=\"https:\/\/live.staticflickr.com\/314\/32532962546_53240bbdb0.jpg\" alt=\"Noicattaro. Buche stradali (4)\" width=\"400\" height=\"300\" \/><\/a><span>, rovinate non solo nella periferia, ma anche in alcuni punti nevralgici della citt\u00e0. Secondo Donato Paradiso una soluzione consiste <span style=\"color: #222222; background: white none repeat scroll 0% 0%;\">\u00ab<\/span>nell\u2019adozione di un piano triennale, approvato recentemente dal Commissario, che prevede delle somme molto basse di circa 100 mila euro (bastano per asfaltare circa 1,5 km) da poter investire nel tempo\u00bb. Giovanni Mastrangelo, d\u2019altra parte, ha definito il problema non irrisolvibile; anzi, il candidato sindaco della coalizione di centrodestra ha affermato che <span style=\"color: #222222; background: white none repeat scroll 0% 0%;\">\u00ab<\/span>con una buona programmazione delle poche risorse ed una buona progettualit\u00e0, anche attraverso il monitoraggio o recuperando parte dell\u2019evaso, si pu\u00f2 realizzare un piano di manutenzione efficiente che porti dei buoni risultati\u00bb. Roberto Cardilli, candidato sindaco del Partito Comunista, ha espresso la difficolt\u00e0 del Comune di investire delle risorse per il rifacimento del manto stradale dal momento che c\u2019\u00e8 l\u2019esigenza necessaria del pareggio di bilancio e date le ristrette entrate tributarie. <\/span><span>Tuttavia, il candidato sindaco ha espresso la necessit\u00e0 di effettuare una ripavimentazione delle strade, per quanto possibile, dal momento che sono in pessime condizioni. Donato Colacicco, infine, ha richiamato e illustrato i risultati conseguiti dell\u2019amministrazione Lucilla, che ha <span style=\"color: #222222; background: white none repeat scroll 0% 0%;\">\u00ab<\/span>destinato per la prima volta una somma annuale da investire sul rifacimento stradale (circa 100 mila euro)\u00bb, una via poi ripercorsa dall\u2019attuale Commissario, precisando che occorreranno anni per il rifacimento di tutte le strade e che le risorse andranno ricercate in parte nei fondi rivenienti dalle sanzioni comminate dalla Polizia municipale, in parte dai crediti che il Comune vanta. <\/span><\/p>\n<p style=\"margin-bottom: 0.0001pt; text-align: justify; line-height: normal;\"><strong><span>MANUTENZIONE DELLE ARE<\/span><\/strong><a title=\"piazza pinto\" href=\"https:\/\/www.flickr.com\/photos\/91470992@N02\/11713459785\/in\/photolist-fDm1oA-2cumSgL-Rss9Lf-PQakki-PQapZZ-2cumCvQ-VmCBss-VmCCCy-UEozMq-VmCBBf-VTmC1U-PiXDwf-KRqAUV-x7jazH-x7i1ZZ-x7i1DZ-x5Z8V5-wPfGMk-iR5xvc-fDm1iu-fDm18L-fDm1mf-fDm1cs-fD4qZp-fqswSu-fqswYs-fqswMh-fqswQd-fqswWJ-fqswJU-fqswUG\" data-flickr-embed=\"true\"><img loading=\"lazy\" decoding=\"async\" style=\"margin: 4px; float: left;\" src=\"https:\/\/live.staticflickr.com\/5538\/11713459785_a5b737596c.jpg\" alt=\"piazza pinto\" width=\"400\" height=\"301\" \/><\/a><strong><span>E VERDI: LE SOLUZIONI DEI QUATTRO CANDIDATI SINDACI<\/span><\/strong><\/p>\n<p style=\"margin-bottom: 0.0001pt; line-height: normal; text-align: justify;\"><span>Le aree verdi, oggetto di polemiche e abbandono, rappresentano un altro problema su cui i candidati sindaci si sono confrontati. Giovanni Mastrangelo ha parlato di opportunit\u00e0 e nello specifico di <span style=\"color: #222222; background: white none repeat scroll 0% 0%;\">\u00ab<\/span>collaborare con i privati, cos\u00ec come hanno fatto altri comuni, dando in gestione determinate strutture sportive con un impegno economico certo per l\u2019ente e dando la possibilit\u00e0 ai privati di<\/span><span> utilizzare questi spazi per fare pubblicit\u00e0 o utilizzare le strutture per gestioni extra sportive (concerti, ecc.)\u00bb. Roberto Cardilli ha sottolineato che <span style=\"color: #222222; background: white none repeat scroll 0% 0%;\">\u00ab<\/span>bisogna effettuare dei lavori di manutenzione ordinaria sul verde cui tutti i cittadini devono collaborare, senza sporcare queste aree abbandonando i loro rifiuti in questi spazi\u00bb. Donato Colacicco si \u00e8 soffermato sui campetti di via Einaudi e sull\u2019opportunit\u00e0 di sfrutta<\/span><span>re i bandi che si presentano, dal momento che potrebbero portare nelle casse del nostro Comune importanti risorse da poter investire in progetti. Donato Paradiso, sulla scia di Mastrangelo, dopo aver segnalato la situazione di disagio delle giostrine per bambini vicino al Seven, ha proposto un\u2019azione collaborativa con i privati. <\/span><\/p>\n<p style=\"margin-bottom: 0.0001pt; text-align: justify; line-height: normal;\"><strong><span>LA RIVALUTAZIONE DELL\u2019IDENTIT\u00c0 E DELLA TRADIZION<\/span><\/strong><a title=\"lariul\u00e0\" href=\"https:\/\/www.flickr.com\/photos\/91470992@N02\/46981471935\/in\/dateposted-public\/\" data-flickr-embed=\"true\"><img loading=\"lazy\" decoding=\"async\" style=\"margin: 4px; float: right;\" src=\"https:\/\/live.staticflickr.com\/65535\/46981471935_cd39217eb8.jpg\" alt=\"lariul\u00e0\" width=\"400\" height=\"269\" \/><\/a><strong><span>E <\/span><\/strong><\/p>\n<p style=\"margin-bottom: 0.0001pt; line-height: normal; text-align: justify;\"><span>La riscoperta dell\u2019identit\u00e0 e delle tradizioni gioiesi \u00e8 stato un altro t<\/span><span>ema d<\/span><span>i discussione, dal momento che il comune di Gioia del Colle, in questo momento storico, sembra essere colpito da una doppia crisi: economica e morale. Roberto Cardilli \u00e8 stato il primo a rispondere a questa domanda, richiamandosi ad <span style=\"color: #222222; background: white none repeat scroll 0% 0%;\">\u00ab<\/span>un\u2019opera di rinascimen<\/span><span>to della cultura popolare, finalizzato alla conoscenza della storia, delle tradizioni e dell\u2019enogastronomia locale contro le cattedrali private che sviliscono la citt\u00e0\u00bb. Donato Colacicco ha poi parlato della realizzazione di una <span style=\"color: #222222; background: white none repeat scroll 0% 0%;\">\u00ab<\/span>pinacoteca (dando spazio anche agli artisti<\/span><span> locali), di una biblioteca (i cui lavori partiranno a breve), di un finanziamento in collaborazione con Santeramo della rigenerazione urbana e, in special modo, della distilleria Cassano da utilizzare a scopo enogastronomico\u00bb. Il candidato del centrosinistra, Donato Paradiso, richiamandosi ad un importante rivista nazionale che ha pubblicizzato <\/span><span>il primitivo gioiese, ha indicato la via da percorrere: <span style=\"color: #222222; background: white none repeat scroll 0% 0%;\">\u00ab<\/span>l\u2019e<\/span><span>nogastronomia e la cultura non sono solo investimenti sociali, ma anche economici. Solo in questo modo Gioia del Colle pu\u00f2 tornare ad essere un forte centro culturale\u00bb. Giovanni Mastrangelo ha infine manifestato quanto sia importante l\u2019identit\u00e0 nel programma del centrodestra, soprattutto attraverso <span style=\"color: #222222; background: white none repeat scroll 0% 0%;\">\u00ab<\/span>la conoscenza dei personaggi che hanno dato lustro al nostro paese, organizzando una giornata all\u2019anno al ricordo di queste personalit\u00e0 di spicco che rappresentano degli esempi positivi per Gioia del Colle\u00bb. Tra questi personaggi ricordiamo due residenti nella 167 molto amati dai gioiesi, Franc<\/span><a title=\"distilleria cassano\" href=\"https:\/\/www.flickr.com\/photos\/91470992@N02\/40931081393\/in\/dateposted-public\/\" data-flickr-embed=\"true\"><img loading=\"lazy\" decoding=\"async\" style=\"margin: 4px; float: left;\" src=\"https:\/\/live.staticflickr.com\/65535\/40931081393_b29e0fda8c.jpg\" alt=\"distilleria cassano\" width=\"400\" height=\"300\" \/><\/a><span>o Ferrara e Mario Girardi.<\/span><\/p>\n<p style=\"margin-bottom: 0.0001pt; text-align: justify; line-height: normal;\"><strong><span>MARGINALIT\u00c0 ED INCLUSIONE: LA PE<\/span><\/strong><strong><span>RSONA AL CENTRO DI TUTTO<\/span><\/strong><\/p>\n<p style=\"margin-bottom: 0.0001pt; text-align: justify; line-height: normal;\"><span>Per quanto riguarda le istituzioni per i cittadini pi\u00f9 in difficolt\u00e0 (CAP minori, anziani e mensa sociale), Donato Colacicco ha indicato nel suo programma l\u2019istituzione di uno sportello Alzheimer che ospiti i malati e sostenga concretamente le famiglie e un centro diurno per minori, entrambi ospitati presso il Cap, investendo tante risorse sulle persone che rappresentano l\u2019elemento fondamentale della citt\u00e0. Il tema della marginalit\u00e0 \u00e8, come affermato dal candidato sindaco Paradiso, uno dei temi al centro del programma del centrosinistra e prevede una serie di interventi che potenzino i centri polivalenti per anziani e minori. Giovanni Mastrangelo, nel suo intervento, ha sottolineato che \u00e8 fondamentale <span style=\"color: #222222; background: white none repeat scroll 0% 0%;\">\u00ab<\/span>battersi affinch\u00e9 tutti i ragazzi, che sono in situazioni di degrado e disagio, possano avere l\u2019occasione di fare sport per accrescere il loro inserimento sociale\u00bb, proponendo di ripristinare alcune iniziative in tal senso che in passato hanno dato buoni frutti, coinvolgendo e sostenendo le associazioni sportive con contributi mirati a tale scopo. Roberto Cardilli si \u00e8 soffermato invece sulla volont\u00e0 del Partito Comunista di superare queste p<\/span><span>iaghe sociali mediante tre principali linee di intervento: <span style=\"color: #222222; background: white none repeat scroll 0% 0%;\">\u00ab<\/span>l\u2019ampliamento dell\u2019assistenza domiciliare, il rafforzamento delle mense sociali e la creazione della banca del cibo\u00bb.<\/span><\/p>\n<p style=\"margin-bottom: 0.0001pt; text-align: justify; line-height: normal;\"><strong><span>SCUOLE: PROGRAMMAZIONE E TUTELA<\/span><\/strong><\/p>\n<p style=\"margin-bottom: 0.0001pt; text-align: justify; line-height: normal;\"><span>Per quanto concerne il tema scuole, Donato Paradiso ha parlato di una <\/span><a title=\"soldi\" href=\"https:\/\/www.flickr.com\/photos\/91470992@N02\/45877533945\/in\/photolist-2cU3muz-2edg3sC-XXCjKr-PjRZiE-D7a2Uf-rrZyFL-rq7tS4-oRjtxG-nRq6Qn-njh1vj-mguytW-jT6faZ-jpSDGW-jmJG8T-qPfFf2-fttwXD\" data-flickr-embed=\"true\"><img loading=\"lazy\" decoding=\"async\" style=\"margin: 4px; float: right;\" src=\"https:\/\/live.staticflickr.com\/4903\/45877533945_f136c96810.jpg\" alt=\"soldi\" width=\"400\" height=\"300\" \/><\/a><span>serie di interventi di sicurezza all\u2019interno di un piano triennale accurato e di un servizi<\/span><span>o mensa qualitativamente <\/span><span>migliore con l\u2019inserimento di cibi a km 0 per aiutare le aziende locali. Giovanni Mastrangelo propone, d\u2019altra parte, un\u2019attenta programmazione di recupero di finanziamenti. Roberto Cardilli suggerisce un abbassamento delle rette mensili per le famiglie pi\u00f9 in difficolt\u00e0. Inoltre, egli ha sottolineato che <span style=\"color: #222222; background: white none repeat scroll 0% 0%;\">\u00ab<\/span>se le scuole sono ridotte in questo modo \u00e8 soprattutto per le politiche nazionali che hanno reso le scuole simili a delle aziende\u00bb. Donato Colacicco ha ribadito i risultati conseguiti dall\u2019amministrazione Lucilla e quanto sia importante partecipare ai bandi per cercare di ottenere delle risorse da poter investire in ambiti come quello scolastico.&nbsp;<\/span><\/p>\n<p style=\"margin-bottom: 0.0001pt; text-align: justify; line-height: normal;\"><strong><span>LE SOLUZIONI ALL\u2019EVASIONE FISCALE <\/span><\/strong><\/p>\n<p style=\"margin-bottom: 0.0001pt; text-align: justify; line-height: normal;\"><span>In merito al problema dell\u2019evasione fiscale, Roberto Cardilli ha offerto una soluzione che consiste <span style=\"color: #222222; background: white none repeat scroll 0% 0%;\">\u00ab<\/span>nell\u2019incrocio dei dati tra vari enti verificando e monitorando in maniera rigorosa e scrupolosa i vari pagamenti\u00bb. Donato Colacicco intende combattere <span style=\"color: #222222; background: white none repeat scroll 0% 0%;\">\u00ab<\/span>quella cultura dell\u2019evasione che ha portato ad inseguire numerose persone che cercano in tutti i modi di evitare i pagamenti doverosi\u00bb, attraverso maggiori controlli e puntuali verifiche. La proposta di Paradiso prevede un accordo con l\u2019Agenzia delle entrate che vada a sopperire alla mancanza di risorse nel nostro Comune. Giovanni Mastrangelo, infine, ha proposto una soluzione incentrata <span style=\"color: #222222; background: white none repeat scroll 0% 0%;\">\u00ab<\/span>su un\u2019attivit\u00e0 di collaborazione tra i vari uffici comunali (tributi e ragioneria) e su un potenziamento dell\u2019ufficio tributi\u00bb.<\/span><\/p>\n<p style=\"margin-bottom: 0.0001pt; text-align: justify; line-height: normal;\"><strong><span>IL PROBLEMA COOP: UNA \u201cFERITA\u201d ANC<\/span><\/strong><a title=\"coop gioia del colle\" href=\"https:\/\/www.flickr.com\/photos\/91470992@N02\/38267579791\/in\/photolist-21izmft-ZV2VS4-ZSiNrj-DbfbgW-Zkgvcd-ZAHBES-CyTJVf-Qkn4FS-PnE4g1-PnE4rb-NE75fu-NE753q-NmtoFE-Mav2KA-MX1EdL-Mav2P3-Mav2FC-Mav2Yb-Maxzbg-MX1EaQ-LyHQzW-2dzq3Xc-JSWmPr-HtpAPg-GSVUjh-H9o1pC-FQC1MJ-FTdokF-EWwSDT-DYPixo-DzGMae-Dcp5nx-GWc1CD-BwEb4o-B8J7EX-Bf7gN7-AJPJri-BDVY7N-BDVYML-Bf77wm-B833DH-Avor6a-Aa9YtH-AzH1yp-yVKFWp-yfNLt2-xYcCFN-yguLbp-yfNLaM-wJ8wm7\" data-flickr-embed=\"true\"><img loading=\"lazy\" decoding=\"async\" style=\"margin: 4px; float: left;\" src=\"https:\/\/live.staticflickr.com\/4531\/38267579791_c5cb57b731.jpg\" alt=\"coop gioia del colle\" width=\"400\" height=\"301\" \/><\/a><strong><span>ORA APERTA<\/span><\/strong><\/p>\n<p style=\"margin-bottom: 0.0001pt; text-align: justify; line-height: normal;\"><span>La questione COOP, ormai consolidata nel nostr<\/span><span>o paese, rappresenta un problema complesso ed ancora aperto. Tutti e quattro i candidati sindaci hanno mostrato un obiettivo comune: trovare una soluzione ad una situazione sociale negativa che deve essere risolta urg<\/span><span>entemente, possibilmente entro fine anno. Infatti, come ha ben spiegato Colacicco, il prossimo sindaco, subito dopo il suo insediamento nel palazzo San Domenico, <span style=\"color: #222222; background: white none repeat scroll 0% 0%;\">\u00ab<\/span>deve impegnarsi a risolvere definitivamente questa difficile situazione e recarsi alla Provincia\u00bb anche perch\u00e9 alle trattative aperte in questi mesi, il Commissario ha ritenuto di non dover dar seguito non firmando alcuni documenti indispensabili per il proseguo dell\u2019iter avviato dalle parti in causa.<\/span><\/p>\n<p style=\"margin-bottom: 0.0001pt; text-align: justify; line-height: normal;\"><span>Nel finale un fuori programma ha acceso gli animi, il pretesto un accenno di Colacicco all\u2019attivo di cassa dichiarato dal Commissario e citato da Mastrangelo, a suo dire dato non veritiero. Il candidato di destra sentendosi dare del bugiardo ha tenuto a precisare la fonte di tali dati e risposto a frasi ritenute offensive nei suoi confronti, pronunciate in altra sede da Colacicco.<\/span><\/p>\n<p>&nbsp;<\/p>\n","protected":false},"excerpt":{"rendered":"","protected":false},"author":1,"featured_media":0,"comment_status":"open","ping_status":"closed","sticky":false,"template":"","format":"standard","meta":{"colormag_page_container_layout":"default_layout","colormag_page_sidebar_layout":"default_layout","footnotes":""},"categories":[4],"tags":[],"class_list":["post-61120","post","type-post","status-publish","format-standard","hentry","category-politica"],"_links":{"self":[{"href":"https:\/\/archiviogioia.lavocedelpaese.info\/index.php?rest_route=\/wp\/v2\/posts\/61120","targetHints":{"allow":["GET"]}}],"collection":[{"href":"https:\/\/archiviogioia.lavocedelpaese.info\/index.php?rest_route=\/wp\/v2\/posts"}],"about":[{"href":"https:\/\/archiviogioia.lavocedelpaese.info\/index.php?rest_route=\/wp\/v2\/types\/post"}],"author":[{"embeddable":true,"href":"https:\/\/archiviogioia.lavocedelpaese.info\/index.php?rest_route=\/wp\/v2\/users\/1"}],"replies":[{"embeddable":true,"href":"https:\/\/archiviogioia.lavocedelpaese.info\/index.php?rest_route=%2Fwp%2Fv2%2Fcomments&post=61120"}],"version-history":[{"count":0,"href":"https:\/\/archiviogioia.lavocedelpaese.info\/index.php?rest_route=\/wp\/v2\/posts\/61120\/revisions"}],"wp:attachment":[{"href":"https:\/\/archiviogioia.lavocedelpaese.info\/index.php?rest_route=%2Fwp%2Fv2%2Fmedia&parent=61120"}],"wp:term":[{"taxonomy":"category","embeddable":true,"href":"https:\/\/archiviogioia.lavocedelpaese.info\/index.php?rest_route=%2Fwp%2Fv2%2Fcategories&post=61120"},{"taxonomy":"post_tag","embeddable":true,"href":"https:\/\/archiviogioia.lavocedelpaese.info\/index.php?rest_route=%2Fwp%2Fv2%2Ftags&post=61120"}],"curies":[{"name":"wp","href":"https:\/\/api.w.org\/{rel}","templated":true}]}}